{"id":114712,"date":"2025-02-07T10:32:17","date_gmt":"2025-02-07T13:32:17","guid":{"rendered":"https:\/\/100xd.com.ar\/?p=114712"},"modified":"2025-02-07T10:32:17","modified_gmt":"2025-02-07T13:32:17","slug":"la-mafia-de-los-trapitos","status":"publish","type":"post","link":"https:\/\/100xd.com.ar\/es\/la-mafia-de-los-trapitos\/","title":{"rendered":"La mafia de los \u201ctrapitos\u201d"},"content":{"rendered":"<p class=\"wp-block-paragraph\">En una sociedad de \u00e1nimos caldeados, hay situaciones que resultan inevitables detonantes de episodios de imprevisibles consecuencias. La proliferaci\u00f3n de&nbsp;<mark>cuidacoches ilegales&nbsp;<\/mark>es una de ellas; lo de&nbsp;<mark>limpiavidrios<\/mark>&nbsp;es otra. No hay automovilista de grandes centros urbanos que no se sienta violentado por funestos personajes que atacan en zonas de restaurantes, bares o espect\u00e1culos. El s\u00e1bado pasado fue el turno de un m\u00e9dico que no quiso acceder a las demandas de su agresor. En el barrio de&nbsp;<strong>Flores<\/strong>, al mediod\u00eda, se neg\u00f3 a pagarle a un \u201ctrapito\u201d que&nbsp;<mark>le exig\u00eda 5000 pesos y lo amenazaba de muerte en caso de no pagar<\/mark>. Una c\u00e1mara de seguridad registr\u00f3 la secuencia, lo cual permite suponer que estar\u00edan identificados.<\/p>\n\n\n\n<p class=\"wp-block-paragraph\">El m\u00e9dico se baj\u00f3 del auto y el \u201ccuidacoches\u201d ilegal lo golpe\u00f3 con una tabla de madera que ten\u00eda un clavo incrustado en la punta. En cuesti\u00f3n de minutos, se sumaron otros atacantes. Vecinos y comerciantes debieron intervenir para que no escalara a\u00fan m\u00e1s la refriega.<\/p>\n\n\n\n<p class=\"wp-block-paragraph\">Un fiscal realiz\u00f3 la denuncia. El hombre, con heridas m\u00faltiples, termin\u00f3 en el hospital. \u00bfSe animar\u00e1 tambi\u00e9n a hacerla? \u00bf<mark>Cu\u00e1ntas habr\u00e1 ya radicadas sin que se haga algo para evitar estos atropellos<\/mark>?<\/p>\n\n\n\n<p class=\"wp-block-paragraph\">Estas pr\u00e1cticas extorsivas son habituales. Sus v\u00edctimas pueden terminar con el auto rayado, abollado, un vidrio roto o alg\u00fan faltante. Por temor, muchas v\u00edctimas terminan pag\u00e1ndoles. Muchos \u201ctrapitos\u201d viven en la calle y las disputas territoriales entre ellos tambi\u00e9n son motivo de violencia.<\/p>\n\n\n\n<p class=\"wp-block-paragraph\"><mark>Los comerciantes denuncian la situaci\u00f3n y acusan a la polic\u00eda de complicidad<\/mark>. Argumentan que suelen ser siempre las mismas personas y que, cuando en escasas ocasiones se las detiene, son r\u00e1pidamente liberadas, y retoman sus \u201clabores\u201d. Los afectados reclaman mayor presencia policial y deben hacerse cargo del pago de seguridad privada.<\/p>\n\n\n\n<p class=\"wp-block-paragraph\">Si no podemos terminar con esta actividad ilegal, \u00bfc\u00f3mo podremos detener el avance del narcotr\u00e1fico? Fuentes del gobierno porte\u00f1o afirman que todo el tiempo se toman acciones contra ellos en las canchas, en las zonas de mayor circulaci\u00f3n comercial y en eventos p\u00fablicos. Afirman que este a\u00f1o ya les labraron m\u00e1s de 600 actas. Por tratarse de contravenciones, se argumenta que solo pueden ser intimados a retirarse, pero desde diciembre de 2018 la Ciudad cuenta con un nuevo C\u00f3digo Contravencional y de Procedimientos que proh\u00edbe esa actividad, por el solo hecho de ofrecerse a realizarla, a menos que est\u00e9n debidamente autorizados. Ayer, el ministro de Seguridad porte\u00f1o,<strong>\u00a0Waldo Wolff,<\/strong>\u00a0pidi\u00f3 que se avance con el tratamiento de la \u201creiterancia\u201d en el Congreso nacional y asegur\u00f3 que endurecer\u00e1n las penas. El legislador porte\u00f1o<strong>\u00a0Yamil Santoro\u00a0<\/strong>(Republicanos Unidos) acaba de presentar un proyecto en el mismo sentido, con penas de arresto efectivo de entre 5 y 60 d\u00edas dependiendo de una serie de agravantes, y multas. As\u00ed como se combati\u00f3 la ilegalidad de manteros, deber\u00eda encararse una soluci\u00f3n perentoria a esta grave situaci\u00f3n.<\/p>\n\n\n\n<p class=\"wp-block-paragraph\">Fuente:<a href=\"https:\/\/www.lanacion.com.ar\/\"> La Naci\u00f3n<\/a><\/p>","protected":false},"excerpt":{"rendered":"<p>En una sociedad de \u00e1nimos caldeados, hay situaciones que resultan inevitables detonantes de episodios de imprevisibles consecuencias. La proliferaci\u00f3n de&nbsp;cuidacoches ilegales&nbsp;es una de ellas; lo de&nbsp;limpiavidrios&nbsp;es otra. No hay automovilista de grandes centros urbanos que no se sienta violentado por funestos personajes que atacan en zonas de restaurantes, bares o espect\u00e1culos. El s\u00e1bado pasado fue [&hellip;]<\/p>\n","protected":false},"author":9,"featured_media":0,"comment_status":"open","ping_status":"open","sticky":false,"template":"","format":"standard","meta":{"site-sidebar-layout":"default","site-content-layout":"","ast-site-content-layout":"default","site-content-style":"default","site-sidebar-style":"default","ast-global-header-display":"","ast-banner-title-visibility":"","ast-main-header-display":"","ast-hfb-above-header-display":"","ast-hfb-below-header-display":"","ast-hfb-mobile-header-display":"","site-post-title":"","ast-breadcrumbs-content":"","ast-featured-img":"","footer-sml-layout":"","ast-disable-related-posts":"","theme-transparent-header-meta":"","adv-header-id-meta":"","stick-header-meta":"","header-above-stick-meta":"","header-main-stick-meta":"","header-below-stick-meta":"","astra-migrate-meta-layouts":"default","ast-page-background-enabled":"default","ast-page-background-meta":{"desktop":{"background-color":"","background-image":"","background-repeat":"repeat","background-position":"center center","background-size":"auto","background-attachment":"scroll","background-type":"","background-media":"","overlay-type":"","overlay-color":"","overlay-opacity":"","overlay-gradient":""},"tablet":{"background-color":"","background-image":"","background-repeat":"repeat","background-position":"center center","background-size":"auto","background-attachment":"scroll","background-type":"","background-media":"","overlay-type":"","overlay-color":"","overlay-opacity":"","overlay-gradient":""},"mobile":{"background-color":"","background-image":"","background-repeat":"repeat","background-position":"center center","background-size":"auto","background-attachment":"scroll","background-type":"","background-media":"","overlay-type":"","overlay-color":"","overlay-opacity":"","overlay-gradient":""}},"ast-content-background-meta":{"desktop":{"background-color":"var(--ast-global-color-5)","background-image":"","background-repeat":"repeat","background-position":"center center","background-size":"auto","background-attachment":"scroll","background-type":"","background-media":"","overlay-type":"","overlay-color":"","overlay-opacity":"","overlay-gradient":""},"tablet":{"background-color":"var(--ast-global-color-5)","background-image":"","background-repeat":"repeat","background-position":"center center","background-size":"auto","background-attachment":"scroll","background-type":"","background-media":"","overlay-type":"","overlay-color":"","overlay-opacity":"","overlay-gradient":""},"mobile":{"background-color":"var(--ast-global-color-5)","background-image":"","background-repeat":"repeat","background-position":"center center","background-size":"auto","background-attachment":"scroll","background-type":"","background-media":"","overlay-type":"","overlay-color":"","overlay-opacity":"","overlay-gradient":""}},"footnotes":""},"categories":[149],"tags":[],"class_list":["post-114712","post","type-post","status-publish","format-standard","hentry","category-entrevistas"],"spectra_blocks_featured_image_url":null,"spectra_blocks_author_info":{"display_name":"Jorge Alfredo Baret","avatar_url":"https:\/\/secure.gravatar.com\/avatar\/31696f5ca83439b642450ec7d3f82f98451a5efacb414343d5478c982b337f26?s=96&d=mm&r=g","author_link":"https:\/\/100xd.com.ar\/es\/author\/jorge\/","description":"Ingeniero Qu\u00edmico UTN - Director Apoderado de Comunicaciones Auditadas SA. Editor Responsable 100xd.com.ar."},"_links":{"self":[{"href":"https:\/\/100xd.com.ar\/es\/wp-json\/wp\/v2\/posts\/114712","targetHints":{"allow":["GET"]}}],"collection":[{"href":"https:\/\/100xd.com.ar\/es\/wp-json\/wp\/v2\/posts"}],"about":[{"href":"https:\/\/100xd.com.ar\/es\/wp-json\/wp\/v2\/types\/post"}],"author":[{"embeddable":true,"href":"https:\/\/100xd.com.ar\/es\/wp-json\/wp\/v2\/users\/9"}],"replies":[{"embeddable":true,"href":"https:\/\/100xd.com.ar\/es\/wp-json\/wp\/v2\/comments?post=114712"}],"version-history":[{"count":1,"href":"https:\/\/100xd.com.ar\/es\/wp-json\/wp\/v2\/posts\/114712\/revisions"}],"predecessor-version":[{"id":114714,"href":"https:\/\/100xd.com.ar\/es\/wp-json\/wp\/v2\/posts\/114712\/revisions\/114714"}],"wp:attachment":[{"href":"https:\/\/100xd.com.ar\/es\/wp-json\/wp\/v2\/media?parent=114712"}],"wp:term":[{"taxonomy":"category","embeddable":true,"href":"https:\/\/100xd.com.ar\/es\/wp-json\/wp\/v2\/categories?post=114712"},{"taxonomy":"post_tag","embeddable":true,"href":"https:\/\/100xd.com.ar\/es\/wp-json\/wp\/v2\/tags?post=114712"}],"curies":[{"name":"wp","href":"https:\/\/api.w.org\/{rel}","templated":true}]}}