{"id":113802,"date":"2025-01-20T11:58:34","date_gmt":"2025-01-20T14:58:34","guid":{"rendered":"https:\/\/100xd.com.ar\/?p=113802"},"modified":"2025-01-20T13:00:54","modified_gmt":"2025-01-20T16:00:54","slug":"el-huracan-trump-un-test-crucial-para-la-diplomacia-afectiva-de-milei-2","status":"publish","type":"post","link":"https:\/\/100xd.com.ar\/es\/el-huracan-trump-un-test-crucial-para-la-diplomacia-afectiva-de-milei-2\/","title":{"rendered":"El hurac\u00e1n Trump, un test crucial para la diplomacia afectiva de Milei"},"content":{"rendered":"<p class=\"wp-block-paragraph\">\u201cAc\u00e1 estoy, esperando el hurac\u00e1n\u201d. El comentario ir\u00f3nico de un avezado editor norteamericano no se refer\u00eda a las r\u00e1fagas de viento y fr\u00edo que azotan su pa\u00eds, sino a la percepci\u00f3n compartida de que a partir de ma\u00f1ana el mundo ingresar\u00e1 en una nueva fase, mucho m\u00e1s turbulenta, con el regreso de&nbsp;<strong>Donald Trump<\/strong>&nbsp;a la Casa Blanca. Todo el establishment local asume que no se tratar\u00e1 de una mera continuaci\u00f3n de su primer mandato, sino de&nbsp;<strong>una versi\u00f3n mucho m\u00e1s aut\u00e9ntica y radicalizada<\/strong>, forjada en sus a\u00f1os fuera del poder y a partir de un mandato popular muy n\u00edtido. Estados Unidos se prepara para un vendaval.<\/p>\n\n\n\n<p class=\"wp-block-paragraph\"><strong>Hay al menos cuatro factores que abonan esta impresi\u00f3n generalizada.<\/strong>&nbsp;<strong>En primer lugar, esta vez Trump asumir\u00e1 con una cuota de poder de la que no goz\u00f3 en el per\u00edodo 2017-2021<\/strong>, no s\u00f3lo porque tendr\u00e1 mayor\u00eda en ambas c\u00e1maras legislativas, sino porque su nivel de dependencia del Partido Republicano es infinitamente menor. Llega sin deberle nada a nadie y sin perspectivas de reelecci\u00f3n, lo cual lo dispone a jugar plenos en cada apuesta. En su entorno lo ven desesperado por salir a la cancha y demostrar lo voraz que puede ser.<\/p>\n\n\n\n<figure data-spectra-id=\"spectra-696a21dd-ef3a-49a3-a76b-e525edae0b02\" class=\"wp-block-image\"><img decoding=\"async\" src=\"https:\/\/resizer.glanacion.com\/resizer\/v2\/donald-trump-asumira-como-presidente-de-estados-O77XD7PKQ5BKZMT542ZMF7VXV4.png?auth=63038019b0804fe999c42756144c5244d3ccf678359e5bb9e7983e447704272a&amp;width=420&amp;height=280&amp;quality=70&amp;smart=true\" alt=\"Donald Trump asumir\u00e1 como presidente de Estados Unidos el 20 de enero de 2025 en una ceremonia con invitados destacados\" title=\"El hurac\u00e1n Trump, un test crucial para la diplomacia afectiva de Milei\" \/><figcaption>Donald Trump asumir\u00e1 como presidente de Estados Unidos el 20 de enero de 2025 en una ceremonia con invitados destacadosInstagram Donald Trump<\/figcaption><\/figure>\n\n\n\n<p class=\"wp-block-paragraph\">Como consecuencia,&nbsp;<strong>el segundo aspecto importante es que en su nuevo mandato estar\u00e1 rodeado de leales,<\/strong>&nbsp;no de t\u00e9cnicos. Se encarg\u00f3 de reclutar a quienes podr\u00eda disciplinar para ejercer una presidencia unipersonal sin resistencias. En las biograf\u00edas de su primer mandato se relatan varios episodios de medidas que quiso tomar y su entorno le desaconsej\u00f3, como por ejemplo salir del acuerdo de libre comercio con M\u00e9xico y Canad\u00e1.<\/p>\n\n\n\n<p class=\"wp-block-paragraph\"><strong>El tercer factor reside en que el mundo que lo recibe ahora es mucho m\u00e1s complejo que el de hace ocho a\u00f1os,<\/strong>&nbsp;con m\u00faltiples conflictos de calado profundo (Ucrania, Gaza, Siria) y donde los liderazgos que se fortalecen son los m\u00e1s autoritarios (<strong>Xi Jinping, Vladimir Putin, Recip Erdogan<\/strong>), mientras se debilitan los consensualistas (<strong>Emmanuel Macron, Olaf Scholz<\/strong>). Ya no hay una&nbsp;<strong>Angela Merkel<\/strong>&nbsp;para equilibrar, y los multilateralistas sufren una devaluaci\u00f3n interminable. Es una \u00e9poca para l\u00edderes carn\u00edvoros. La propuesta de resoluci\u00f3n de conflictos del nuevo presidente se basa en embestir sin medir costos. Lo intuy\u00f3&nbsp;<strong>Benjamin Netanyahu<\/strong>, quien tras meses de dilaciones cerr\u00f3 un acuerdo con Hamas.<\/p>\n\n\n\n<figure data-spectra-id=\"spectra-336d1953-2a68-410a-b579-bdb9c2a2aeea\" class=\"wp-block-image\"><img decoding=\"async\" src=\"https:\/\/resizer.glanacion.com\/resizer\/v2\/file-russian-president-vladimir-putin-left-speaks-VYSHXXGM7NGMZFG7O5CS53WPOU.JPG?auth=3f5d8d70dbcc16d6edb30d3fd21bfb511bd7a2446ea3f941bd8d9fbe9940d800&amp;width=420&amp;height=280&amp;quality=70&amp;smart=true\" alt=\"FILE - Russian President Vladimir Putin, left, speaks to Chinese President Xi Jinping at the Shanghai Cooperation Organization summit in Samarkand, Uzbekistan, on Sept. 16, 2022. (Sergei Bobylev, Sputnik, Kremlin Pool Photo via AP, File)\" title=\"El hurac\u00e1n Trump, un test crucial para la diplomacia afectiva de Milei\" \/><figcaption>FILE &#8211; Russian President Vladimir Putin, left, speaks to Chinese President Xi Jinping at the Shanghai Cooperation Organization summit in Samarkand, Uzbekistan, on Sept. 16, 2022. (Sergei Bobylev, Sputnik, Kremlin Pool Photo via AP, File)Sergei Bobylev &#8211; Pool Sputnik Kremlin<\/figcaption><\/figure>\n\n\n\n<p class=\"wp-block-paragraph\"><strong>Y el cuarto aspecto es la claridad del mandato que recibe Trump y la velocidad a la que se dispone a actuar.<\/strong>&nbsp;Sus dos obsesiones son&nbsp;<strong>la guerra comercial<\/strong>, porque entiende que Estados Unidos es demasiado permisivo con su d\u00e9ficit de balanza, y&nbsp;<strong>la cuesti\u00f3n migratoria<\/strong>, muy vinculada a los controles lim\u00edtrofes y el narcotr\u00e1fico, en particular por el exponencial crecimiento del negocio de fentanilo.<\/p>\n\n\n\n<p class=\"wp-block-paragraph\">Todos esperan que en la primera semana concrete una importante suba de los aranceles externos, que afectar\u00e1n especialmente a China, pero que adem\u00e1s mantenga un ritmo elevado de inflaci\u00f3n, que fuerce a frenar la baja de tasas, que fortalezca al d\u00f3lar y que retraiga los flujos financieros de los mercados emergentes. Un riesgo para la Argentina. Al mismo tiempo aguardan que adopte duras medidas de control fronterizo y posibles deportaciones, lo cual derivar\u00e1 en fuertes tensiones con M\u00e9xico. \u201c<mark>Va a buscar sacudir el \u00e1rbol desde el primer minuto, no tan gradualmente como en su gesti\u00f3n anterior<\/mark>\u201d, ilustra un operador del mercado que lo conoce de cerca.<\/p>\n\n\n\n<p class=\"wp-block-paragraph\">Hay dos interpretaciones del modelo de acci\u00f3n de Trump. Algunos, como&nbsp;<strong>Javier Milei,&nbsp;<\/strong>piensan que en realidad se trata de una estrategia de negociaci\u00f3n: golpear para sentarse a dialogar desde una posici\u00f3n de fuerza. Como dice un exfuncionario del FMI, \u201c<mark>Trump se puede definir en una sola palabra: \u00b4Deal\u00b4 (trato). Para \u00e9l todo es un \u00b4deal\u00b4, una negociaci\u00f3n<\/mark>\u201d.<\/p>\n\n\n\n<p class=\"wp-block-paragraph\">Sin embargo, hay otros analistas que invitan a ser m\u00e1s cautos y a no medir al Trump 2.0 con la vara del pasado. Son quienes piensan que esta vez est\u00e1 mucho m\u00e1s dispuesto a llevar adelante sus convicciones, lo que provocar\u00eda fuertes tensiones con M\u00e9xico, especialmente, y con altas probabilidades con China. Sin duda, la pol\u00edtica arancelaria es la principal diferencia entre Trump y Milei.<\/p>\n\n\n\n<figure data-spectra-id=\"spectra-efc0716e-6229-4f96-8a63-442ffd99ad00\" class=\"wp-block-image\"><img decoding=\"async\" src=\"https:\/\/resizer.glanacion.com\/resizer\/v2\/el-nominado-por-el-presidente-electo-donald-trump-CENHIFRTVVBTBLUY7Y36M35A44.jpg?auth=c846e3c4b493d59d6ee165f53e70e1b2f87eaf6a218734c30f38c35880e73c7e&amp;width=420&amp;height=281&amp;quality=70&amp;smart=true\" alt=\"El nominado por el presidente electo Donald Trump para secretario de Estado, Marco Rubio, en su audiencia de confirmaci\u00f3n en el Congreso en Washington el 15 de enero del 2025. (AP foto\/Alex Brandon)\" title=\"El hurac\u00e1n Trump, un test crucial para la diplomacia afectiva de Milei\" \/><figcaption>El nominado por el presidente electo Donald Trump para secretario de Estado, Marco Rubio, en su audiencia de confirmaci\u00f3n en el Congreso en Washington el 15 de enero del 2025. (AP foto\/Alex Brandon)Alex Brandon &#8211; AP<\/figcaption><\/figure>\n\n\n\n<h2 class=\"wp-block-heading\">La doctrina Monroe revisited<\/h2>\n\n\n\n<p class=\"wp-block-paragraph\">En la conformaci\u00f3n del nuevo equipo de Trump hay un dato in\u00e9dito en la historia de Estados Unidos, que es&nbsp;<strong>la fuerte presencia de funcionarios de origen latino o de Florida en el manejo de la pol\u00edtica exterior.<\/strong>&nbsp;El Departamento de Estado estar\u00e1 a cargo del exsenador&nbsp;<strong>Marco Rubio<\/strong>, el primer secretario de origen cubano, que ser\u00e1 secundado por&nbsp;<strong>Christopher Landau<\/strong>, quien estudi\u00f3 en Paraguay y fue embajador en M\u00e9xico en el primer mandato de Trump. A ellos se sumar\u00e1&nbsp;<strong>Mike Waltz&nbsp;<\/strong>como asesor de Seguridad Nacional, un exmilitar que tambi\u00e9n viene de Florida, y el enviado especial para la regi\u00f3n ser\u00e1&nbsp;<strong>Mauricio Claver-Carone<\/strong>, otro descendiente cubano de amplio recorrido en Am\u00e9rica latina.<\/p>\n\n\n\n<p class=\"wp-block-paragraph\">Por esta raz\u00f3n, el editor de America Quarterly&nbsp;<strong>Brian Winter<\/strong>&nbsp;escribi\u00f3 recientemente en Foreign Affairs que el segundo mandato de Trump \u201c<mark>parece destinado a focalizar mayor atenci\u00f3n en Am\u00e9rica latina que cualquier otra administraci\u00f3n norteamericana en quiz\u00e1s 30 a\u00f1os<\/mark>\u201d, aunque seguramente no ser\u00e1 una prioridad. El dilema reside en saber si esa atenci\u00f3n estar\u00e1 anclada en la agenda negativa de la inmigraci\u00f3n, el narcotr\u00e1fico y el enfrentamiento con los reg\u00edmenes autocr\u00e1ticos de Venezuela, Cuba y Nicaragua, o si Washington podr\u00e1 articular una estrategia m\u00e1s propositiva. Por ejemplo, para no s\u00f3lo manifestar disgusto por la influencia china en la regi\u00f3n, sino tambi\u00e9n ofrecer alternativas.<\/p>\n\n\n\n<figure data-spectra-id=\"spectra-7b2fd560-0f34-4a69-b7ff-df133dea13d0\" class=\"wp-block-image\"><img decoding=\"async\" src=\"https:\/\/resizer.glanacion.com\/resizer\/v2\/mauricio-claver-E77NK5OHSZCGXJP573IE3Z4KU4?auth=7d4b9e732eeb1ef0f9429bd4d1b5c58db6a27c8beee4ddd8fa152f0eaaf3a9d9&amp;width=420&amp;height=281&amp;quality=70&amp;smart=true\" alt=\"Mauricio Claver-Carone \" title=\"El hurac\u00e1n Trump, un test crucial para la diplomacia afectiva de Milei\" \/><figcaption>Mauricio Claver-Carone<\/figcaption><\/figure>\n\n\n\n<p class=\"wp-block-paragraph\">En un art\u00edculo de esta semana del Wall Street Journal, los periodistas&nbsp;<strong>Michael Gordon<\/strong>&nbsp;y&nbsp;<strong>Viviana Salama<\/strong>&nbsp;analizaban un debate instalado en los c\u00edrculos del poder de Washington respecto de cu\u00e1l ser\u00e1 el rol verdadero de Rubio, a partir de la decisi\u00f3n de Trump de nombrar una gran cantidad de \u201c<mark>enviados especiales<\/mark>\u201d para tratar los temas m\u00e1s calientes de la agenda exterior. Esto qued\u00f3 en evidencia hace unos d\u00edas, cuando el representante para Medio Oriente,&nbsp;<strong>Steve Witkoff<\/strong>, fue el responsable de negociar desde Qatar el intercambio de rehenes entre Israel y Hamas. Una tarea similar tendr\u00e1n&nbsp;<strong>Keith Kellog<\/strong>&nbsp;sobre la guerra en Ucrania,&nbsp;<strong>Richard Grenell<\/strong>&nbsp;sobre Venezuela y Corea del Norte, y&nbsp;<strong>Massad Boulos<\/strong>&nbsp;para el mundo \u00e1rabe. Son hombres de absoluta confianza de Trump, que le reportar\u00e1n directamente a \u00e9l y que reforzar\u00e1n la idea de una pol\u00edtica exterior bien personalista.<\/p>\n\n\n\n<p class=\"wp-block-paragraph\">Dentro de este&nbsp;<em>team&nbsp;<\/em>est\u00e1 incluido el inefable<mark>&nbsp;Claver Carone, un funcionario que tiene el dudoso m\u00e9rito de haber logrado que casi todos los que lo conocen en forma personal hablen mal de \u00e9l<\/mark>. Quien est\u00e1 destinado a ser el hombre de trato m\u00e1s frecuente con Am\u00e9rica latina tiene una historia muy negativa con la Argentina. No s\u00f3lo fue muy cr\u00edtico con los gobiernos de&nbsp;<strong>Mauricio Macri<\/strong>&nbsp;y de&nbsp;<strong>Alberto Fern\u00e1ndez<\/strong>, sino que tambi\u00e9n cuestion\u00f3 la gesti\u00f3n de Milei. Adem\u00e1s, arrastra un motivo de encono profundo con&nbsp;<strong>Guillermo Francos<\/strong>, a quien siempre responsabiliz\u00f3 de ser quien promovi\u00f3 -cuando representaba a la Argentina ante el Banco Interamericano de Desarrollo-, la denuncia que lo forz\u00f3 a dejar la presidencia del BID por haberse puesto en pareja con su jefa de gabinete y haberla beneficiado con un fuerte aumento de sueldo. \u00bfPesar\u00e1 m\u00e1s el rencor o la identificaci\u00f3n con las ideas libertarias en el accionar de Claver Carone?<\/p>\n\n\n\n<figure data-spectra-id=\"spectra-21708e21-c410-4cc0-8b9d-78be8d43cd02\" class=\"wp-block-image\"><img decoding=\"async\" src=\"https:\/\/resizer.glanacion.com\/resizer\/v2\/javier-y-karina-milei-elon-musk-y-gerardo-453OKJT4LRGH5LHFYYDYCBIARQ.jpg?auth=10bfb1a7755c137ac1f439cfe7f21628b8e2480d6bfcffdb0b4f5fcaa6736f64&amp;width=420&amp;height=280&amp;quality=70&amp;smart=true\" alt=\"Javier y Karina Milei, Elon Musk y Gerardo Werthein\" title=\"El hurac\u00e1n Trump, un test crucial para la diplomacia afectiva de Milei\" \/><figcaption>Javier y Karina Milei, Elon Musk y Gerardo Werthein<\/figcaption><\/figure>\n\n\n\n<p class=\"wp-block-paragraph\">Por fuera de toda esta estructura se mover\u00e1&nbsp;<strong>Elon Musk<\/strong>, quien si bien ser\u00e1 nombrado en el Departamento de Eficiencia del Gobierno (DOGE, por sus siglas en ingl\u00e9s) ya demostr\u00f3 que se mover\u00e1 como un l\u00edbero en las relaciones internacionales, destinado a colisionar con la l\u00ednea oficial del Departamento de Estado. Ya gener\u00f3 ruidos con Brasil, Gran Breta\u00f1a, Italia, entre otros pa\u00edses. Con Milei, en cambio, mantiene una relaci\u00f3n privilegiada. Volver\u00e1n a verse por cuarta vez este fin de semana en Washington.<\/p>\n\n\n\n<h2 class=\"wp-block-heading\">Mi amigo Donald<\/h2>\n\n\n\n<p class=\"wp-block-paragraph\">Sin embargo, desde la mirada de la Casa Rosada y de la canciller\u00eda argentina,&nbsp;<strong>la apuesta principal es a que la relaci\u00f3n bilateral se fortalezca a partir del v\u00ednculo personal que entablaron Milei y Trump.<\/strong>&nbsp;La invitaci\u00f3n a acompa\u00f1arlo en Mar-a-Lago en noviembre fue un gesto que incluso en el c\u00edrculo rojo norteamericano fue visto como preferencial. All\u00ed hubo un cocktail y discursos p\u00fablicos, pero tambi\u00e9n una secreta charla privada entre ambos, de alrededor de una hora.<\/p>\n\n\n\n<p class=\"wp-block-paragraph\">En la comitiva presidencial se ilusionaban con que podr\u00eda haber alg\u00fan gesto similar entre los pasillos de los eventos de asunci\u00f3n. \u201cAh\u00ed vamos a tener una primera impresi\u00f3n de c\u00f3mo est\u00e1 Trump y qu\u00e9 se puede llegar a conversar\u201d, evaluaban en el entorno presidencial. M\u00e1s all\u00e1 de la tendencia a sobredimensionar que tiene Milei, en este caso su narrativa parece encontrar reciprocidad en la c\u00fapula del l\u00edder republicano. Rubio lo elogi\u00f3 ampliamente esta semana y desde el entorno de republicano le hicieron saber que lo esperaban con la alfombra roja. Anoche fue recibido en la Gala Hisp\u00e1nica con un&nbsp;<em>rockstar<\/em>. Es muy curiosa la simpat\u00eda que genera en Estados Unidos.<\/p>\n\n\n\n<p class=\"wp-block-paragraph\">Milei est\u00e1 convencido de que su nuevo amigo lo favorecer\u00e1 cuando llegue al poder con acciones concretas.&nbsp;<strong>Supone conocer su modo de razonar y no oculta el atractivo que le generan las disrupciones del magnate naranja.&nbsp;<\/strong>Comparten el v\u00e9rtigo de sentirse&nbsp;<em>outsiders<\/em>&nbsp;que tienen en jaque al establishment, el uso intensivo y agresivo en las redes, y el rechazo por todo lo que se asemeje al progresismo.<\/p>\n\n\n\n<p class=\"wp-block-paragraph\">El Presidente interpreta que mantiene una especie de amistad con Trump, sospechoso para un l\u00edder tan hosco como el empresario. Se sorprendi\u00f3 cuando algunos bur\u00f3cratas y t\u00e9cnicos de los c\u00edrculos del poder norteamericano se le acercaron en su \u00faltimo viaje para pedirle que le transmitiera alg\u00fan mensaje al jefe de la Casa Blanca. De todos modos, hay otros actores que le sugieren a Milei m\u00e1s cautela. \u201c<mark>Los hombres de poder tienen intereses, no amistades<\/mark>\u201d, reflexiona un viejo diplom\u00e1tico que recuerda c\u00f3mo el mismo Trump no dud\u00f3 en sostener el arancel al acero argentino pese al reclamo de su amigo de andanzas juvenil,&nbsp;<strong>Macri<\/strong>.<\/p>\n\n\n\n<figure data-spectra-id=\"spectra-2241f703-b179-4459-8809-ef7b688c503e\" class=\"wp-block-image\"><img decoding=\"async\" src=\"https:\/\/resizer.glanacion.com\/resizer\/v2\/SHYDH5LBQVETDBRYTIKGDV4H4I.jpg?auth=323b23e2a8b2272fbeba4a65828263930241295a6918a73e87958831845d3dd1&amp;width=420&amp;height=280&amp;quality=70&amp;smart=true\" alt=\"SHYDH5LBQVETDBRYTIKGDV4H4I\" title=\"El hurac\u00e1n Trump, un test crucial para la diplomacia afectiva de Milei\" \/><figcaption>Archivo<\/figcaption><\/figure>\n\n\n\n<p class=\"wp-block-paragraph\"><strong>En el fondo reside el interrogante m\u00e1s importante para la pol\u00edtica exterior de Milei<\/strong>, un presidente que desde el principio dijo que estar\u00eda alineado con Estados Unidos e Israel.&nbsp;<strong>Si logra una correspondencia efectiva desde el Sal\u00f3n Oval, sus prioridades tendr\u00e1n consistencia y proyecci\u00f3n; pero si por el contrario la nueva administraci\u00f3n reh\u00faye de los compromisos efectivos, se transformar\u00e1 en una premisa vac\u00eda.<\/strong>&nbsp;En los asuntos internacionales, las relaciones requieren de una reciprocidad para poder evolucionar.<\/p>\n\n\n\n<p class=\"wp-block-paragraph\">Por ejemplo,&nbsp;<strong>el Gobierno espera que tras asumir, la nueva administraci\u00f3n haga un gesto de bienvenida a la idea de firmar un acuerdo de libre comercio<\/strong>&nbsp;con la Argentina. Milei est\u00e1 empe\u00f1ado en avanzar con ese proyecto, a\u00fan a costa de las restricciones que le impone un Mercosur al que le tiene poca consideraci\u00f3n y del que no dudar\u00eda en apartarse si le fijan demasiadas trabas. Los t\u00e9cnicos advierten que llevar\u00eda varios a\u00f1os de tratativas; en la Canciller\u00eda creen que puede ser un tr\u00e1mite m\u00e1s \u00e1gil.<\/p>\n\n\n\n<p class=\"wp-block-paragraph\"><strong>De todos modos el primer test efectivo de la nueva relaci\u00f3n se dar\u00e1 a trav\u00e9s del FMI.<\/strong>&nbsp;En la Casa Rosada siempre dejaron trascender que la administraci\u00f3n de&nbsp;<strong>Joe Biden<\/strong>&nbsp;nunca fue muy cooperativa con la Argentina en el&nbsp;<em>board&nbsp;<\/em>y que ahora esperan un fuerte viraje. La experiencia con Macri los ilusiona, aunque desde entonces el staff del Fondo qued\u00f3 traumatizado con el pa\u00eds.<\/p>\n\n\n\n<figure data-spectra-id=\"spectra-abdae9bb-9187-46fb-a670-ae164f97bf78\" class=\"wp-block-image\"><img decoding=\"async\" src=\"https:\/\/resizer.glanacion.com\/resizer\/v2\/g20-brasil-mundo-politica-rio-de-janeiro-ngozi-L3JC63VRBBFP5AHQXYC2IPS354.JPG?auth=d06dfa92e7cbf27a1ded7185b483a050595349136ed7066f5905b37dd808ed7d&amp;width=420&amp;height=280&amp;quality=70&amp;smart=true\" alt=\"Kristalina Georgieva\" title=\"El hurac\u00e1n Trump, un test crucial para la diplomacia afectiva de Milei\" \/><figcaption>Kristalina GeorgievaHANDOUT &#8211; G20 Brazil Press Office<\/figcaption><\/figure>\n\n\n\n<p class=\"wp-block-paragraph\">Tambi\u00e9n en este caso juega el&nbsp;<em>feeling&nbsp;<\/em>personal con&nbsp;<strong>Kristalina Georgieva<\/strong>, con quien Milei volver\u00e1 a reunirse hoy. El Presidente entabl\u00f3 una relaci\u00f3n especial con la b\u00falgara, no s\u00f3lo por sus charlas sobre teor\u00eda econ\u00f3mica, en las que encuentran un inter\u00e9s intelectual compartido (ella le lleg\u00f3 a sugerir la lectura del ensayo&nbsp;<em>Las posibilidades econ\u00f3micas de nuestros nietos<\/em>, escrito por&nbsp;<strong>John Maynard Keynes<\/strong>, a sabiendas del rechazo que siente Milei por el brit\u00e1nico).<\/p>\n\n\n\n<p class=\"wp-block-paragraph\">Pero hay una raz\u00f3n menos intelectual.&nbsp;<strong>Ambos ten\u00edan cuentas pendientes con los actores internos del organismo.&nbsp;<\/strong>Para la titular del FMI era una revancha contra quienes casi la fuerzan a renunciar en 2021 por una denuncia de supuestas presiones para favorecer a China en un informe. Entre sus objetivos estaba su segunda,&nbsp;<strong>Gita Gopinath,<\/strong>&nbsp;sobre quien ten\u00eda algunas sospechas. En el caso de Milei, sus dardos apuntaban especialmente contra&nbsp;<strong>Rodrigo Valdez<\/strong>, a quien logr\u00f3 desplazar de la negociaci\u00f3n. \u201c<mark>Kristalina entiende todo, comprende las l\u00f3gicas pol\u00edticas, contra todo el staff que le err\u00f3 con la Argentina. Javier le sirve para que ella corte cabezas adentro<\/mark>\u201d, comentaron en Olivos antes de que se conociera el informe del Fondo sobre el \u00faltimo programa con la Argentina, que incluye duras autocr\u00edticas.<\/p>\n\n\n\n<figure data-spectra-id=\"spectra-da0f942b-bfab-4e6e-bd55-aeebcad673d2\" class=\"wp-block-image\"><img decoding=\"async\" src=\"https:\/\/resizer.glanacion.com\/resizer\/v2\/reunion-de-luis-caputo-y-gita-gopinath-del-X4ZHCVSTPFHGLH77DSZ4DBFO3M.jpg?auth=4e3f95534c84d9a503c2886942ec96435634488008d4ec755bd6a4c7b1036914&amp;width=420&amp;height=280&amp;quality=70&amp;smart=true\" alt=\"Reuni\u00f3n de Luis Caputo y Gita Gopinath del FMI\" title=\"El hurac\u00e1n Trump, un test crucial para la diplomacia afectiva de Milei\" \/><figcaption>Reuni\u00f3n de Luis Caputo y Gita Gopinath del FMIMinisterio de Econom\u00eda<\/figcaption><\/figure>\n\n\n\n<p class=\"wp-block-paragraph\">El nuevo acuerdo est\u00e1 muy avanzado y hay expectativas de anuncio en las pr\u00f3ximas semanas. En la reuni\u00f3n de hoy buscar\u00e1n afinar el l\u00e1piz en torno de la relaci\u00f3n deuda-crecimiento econ\u00f3mico, para ver los montos a desembolsar, los plazos de devoluci\u00f3n y las condicionalidades.&nbsp;<strong>En el Gobierno buscan dar un golpe de efecto con el acuerdo,<\/strong>&nbsp;porque esperan anunciar un pr\u00e9stamo del Fondo (el m\u00ednimo para salir del cepo ser\u00edan US$11.000 millones), m\u00e1s aportes que har\u00eda el Banco Mundial y una suma adicional de bancos privados. El asunto principal es ver c\u00f3mo se avanza en la cuesti\u00f3n cambiaria a partir del entendimiento. As\u00ed como hist\u00f3ricamente el problema era el cumplimiento fiscal, ahora es el tema cambiario.&nbsp;<strong>El Gobierno no piensa ceder en su ritmo de devaluaci\u00f3n, porque no quiere arriesgar su objetivo de bajar la inflaci\u00f3n<\/strong>, pero el FMI reclama flexibilidad y podr\u00eda proponer una banda de flotaci\u00f3n del d\u00f3lar. En el mercado financiero sospechan que&nbsp;<strong>Luis Caputo&nbsp;<\/strong>no estar\u00eda en desacuerdo con el organismo en este tema, pero que Milei no est\u00e1 tan convencido.<\/p>\n\n\n\n<p class=\"wp-block-paragraph\">Por&nbsp;<a href=\"https:\/\/www.lanacion.com.ar\/autor\/jorge-liotti-3011\/\"><strong>Jorge Liotti<\/strong><\/a><\/p>\n\n\n\n<p class=\"wp-block-paragraph\">Fuente:<a href=\"https:\/\/www.lanacion.com.ar\/\"> La Naci\u00f3n<\/a><\/p>","protected":false},"excerpt":{"rendered":"<p>\u201cAc\u00e1 estoy, esperando el hurac\u00e1n\u201d. El comentario ir\u00f3nico de un avezado editor norteamericano no se refer\u00eda a las r\u00e1fagas de viento y fr\u00edo que azotan su pa\u00eds, sino a la percepci\u00f3n compartida de que a partir de ma\u00f1ana el mundo ingresar\u00e1 en una nueva fase, mucho m\u00e1s turbulenta, con el regreso de&nbsp;Donald Trump&nbsp;a la Casa [&hellip;]<\/p>\n","protected":false},"author":9,"featured_media":0,"comment_status":"open","ping_status":"open","sticky":false,"template":"","format":"standard","meta":{"site-sidebar-layout":"default","site-content-layout":"","ast-site-content-layout":"default","site-content-style":"default","site-sidebar-style":"default","ast-global-header-display":"","ast-banner-title-visibility":"","ast-main-header-display":"","ast-hfb-above-header-display":"","ast-hfb-below-header-display":"","ast-hfb-mobile-header-display":"","site-post-title":"","ast-breadcrumbs-content":"","ast-featured-img":"","footer-sml-layout":"","ast-disable-related-posts":"","theme-transparent-header-meta":"","adv-header-id-meta":"","stick-header-meta":"","header-above-stick-meta":"","header-main-stick-meta":"","header-below-stick-meta":"","astra-migrate-meta-layouts":"default","ast-page-background-enabled":"default","ast-page-background-meta":{"desktop":{"background-color":"","background-image":"","background-repeat":"repeat","background-position":"center center","background-size":"auto","background-attachment":"scroll","background-type":"","background-media":"","overlay-type":"","overlay-color":"","overlay-opacity":"","overlay-gradient":""},"tablet":{"background-color":"","background-image":"","background-repeat":"repeat","background-position":"center center","background-size":"auto","background-attachment":"scroll","background-type":"","background-media":"","overlay-type":"","overlay-color":"","overlay-opacity":"","overlay-gradient":""},"mobile":{"background-color":"","background-image":"","background-repeat":"repeat","background-position":"center center","background-size":"auto","background-attachment":"scroll","background-type":"","background-media":"","overlay-type":"","overlay-color":"","overlay-opacity":"","overlay-gradient":""}},"ast-content-background-meta":{"desktop":{"background-color":"var(--ast-global-color-5)","background-image":"","background-repeat":"repeat","background-position":"center center","background-size":"auto","background-attachment":"scroll","background-type":"","background-media":"","overlay-type":"","overlay-color":"","overlay-opacity":"","overlay-gradient":""},"tablet":{"background-color":"var(--ast-global-color-5)","background-image":"","background-repeat":"repeat","background-position":"center center","background-size":"auto","background-attachment":"scroll","background-type":"","background-media":"","overlay-type":"","overlay-color":"","overlay-opacity":"","overlay-gradient":""},"mobile":{"background-color":"var(--ast-global-color-5)","background-image":"","background-repeat":"repeat","background-position":"center center","background-size":"auto","background-attachment":"scroll","background-type":"","background-media":"","overlay-type":"","overlay-color":"","overlay-opacity":"","overlay-gradient":""}},"footnotes":""},"categories":[12],"tags":[],"class_list":["post-113802","post","type-post","status-publish","format-standard","hentry","category-opinion"],"spectra_blocks_featured_image_url":null,"spectra_blocks_author_info":{"display_name":"Jorge Alfredo Baret","avatar_url":"https:\/\/secure.gravatar.com\/avatar\/31696f5ca83439b642450ec7d3f82f98451a5efacb414343d5478c982b337f26?s=96&d=mm&r=g","author_link":"https:\/\/100xd.com.ar\/es\/author\/jorge\/","description":"Ingeniero Qu\u00edmico UTN - Director Apoderado de Comunicaciones Auditadas SA. Editor Responsable 100xd.com.ar."},"_links":{"self":[{"href":"https:\/\/100xd.com.ar\/es\/wp-json\/wp\/v2\/posts\/113802","targetHints":{"allow":["GET"]}}],"collection":[{"href":"https:\/\/100xd.com.ar\/es\/wp-json\/wp\/v2\/posts"}],"about":[{"href":"https:\/\/100xd.com.ar\/es\/wp-json\/wp\/v2\/types\/post"}],"author":[{"embeddable":true,"href":"https:\/\/100xd.com.ar\/es\/wp-json\/wp\/v2\/users\/9"}],"replies":[{"embeddable":true,"href":"https:\/\/100xd.com.ar\/es\/wp-json\/wp\/v2\/comments?post=113802"}],"version-history":[{"count":2,"href":"https:\/\/100xd.com.ar\/es\/wp-json\/wp\/v2\/posts\/113802\/revisions"}],"predecessor-version":[{"id":113832,"href":"https:\/\/100xd.com.ar\/es\/wp-json\/wp\/v2\/posts\/113802\/revisions\/113832"}],"wp:attachment":[{"href":"https:\/\/100xd.com.ar\/es\/wp-json\/wp\/v2\/media?parent=113802"}],"wp:term":[{"taxonomy":"category","embeddable":true,"href":"https:\/\/100xd.com.ar\/es\/wp-json\/wp\/v2\/categories?post=113802"},{"taxonomy":"post_tag","embeddable":true,"href":"https:\/\/100xd.com.ar\/es\/wp-json\/wp\/v2\/tags?post=113802"}],"curies":[{"name":"wp","href":"https:\/\/api.w.org\/{rel}","templated":true}]}}