{"id":113652,"date":"2025-01-17T13:07:18","date_gmt":"2025-01-17T16:07:18","guid":{"rendered":"https:\/\/100xd.com.ar\/?p=113652"},"modified":"2025-01-17T13:07:18","modified_gmt":"2025-01-17T16:07:18","slug":"cimbronazo-en-el-pro-y-operaciones-internas-tras-el-pase-de-valenzuela-a-la-libertad-avanza","status":"publish","type":"post","link":"https:\/\/100xd.com.ar\/es\/cimbronazo-en-el-pro-y-operaciones-internas-tras-el-pase-de-valenzuela-a-la-libertad-avanza\/","title":{"rendered":"Cimbronazo en el PRO y operaciones internas tras el pase de Valenzuela a La Libertad Avanza"},"content":{"rendered":"<p class=\"wp-block-paragraph\"><strong>\u201c\u00a1Te la cre\u00edste en serio, eh!\u201d<\/strong>, alcanz\u00f3 a decirle&nbsp;<strong>Mauricio Macri<\/strong>&nbsp;a&nbsp;<strong>Diego Valenzuela<\/strong>&nbsp;la \u00faltima vez que se cruzaron, en octubre pasado, en un estudio de televisi\u00f3n del barrio porte\u00f1o de Chacarita. El ex presidente esperaba para entrar al aire y el intendente de Tres de Febrero, que acaba de ser entrevistado, apenas le devolvi\u00f3 una sonrisa.<a href=\"https:\/\/www.infobae.com\/politica\/2025\/01\/17\/diego-valenzuela-tras-dejar-el-pro-y-sumarse-a-lla-me-anoto-en-el-equipo-para-recuperar-la-provincia-de-buenos-aires-en-el-2027\/\" target=\"_blank\" rel=\"noreferrer noopener\">Te puede interesar:<strong>Diego Valenzuela, tras dejar el PRO y sumarse a LLA: \u201cMe anoto en el equipo para recuperar la provincia de Buenos Aires en el 2027\u2033<\/strong><\/a><\/p>\n\n\n\n<p class=\"wp-block-paragraph\">Tres meses despu\u00e9s, Valenzuela se convirti\u00f3 en el primer intendente del Gran Buenos Aires en pasarse del PRO a las filas de La Libertad Avanza (de manera oficial porque, en los hechos, ya se mov\u00eda como tal). Apadrinado por&nbsp;<strong>Patricia Bullrich<\/strong>, que en estos meses<strong>&nbsp;analiz\u00f3 m\u00e1s de una vez ser ella la primera en dar formalmente el salto.<\/strong>&nbsp;Si no lo hizo fue para no quebrar el bloque de diputados del partido amarillo que en el 2024 le garantiz\u00f3 a la Casa Rosada el apoyo casi total a los proyectos enviados al Congreso. La idea tampoco le termin\u00f3 de cerrar a&nbsp;<strong>Karina Milei<\/strong>, la influyente hermana presidencial, que digita, junto al presidente y&nbsp;<strong>Santiago Caputo<\/strong>, la estrategia pol\u00edtica.<\/p>\n\n\n\n<p class=\"wp-block-paragraph\">La noticia, confirmada ayer al mediod\u00eda por el jefe comunal y por&nbsp;<strong>Sebasti\u00e1n Pareja<\/strong>, el principal armador bonaerense del Gobierno, y ratificada en las redes por el propio&nbsp;<strong>Javier Milei&nbsp;<\/strong>-frecuenta a Valenzuela desde la universidad y en este primer a\u00f1o de gesti\u00f3n lo recibi\u00f3 en Olivos en innumerables oportunidades-, provoc\u00f3 un cimbronazo en la c\u00fapula del PRO, en especial en los&nbsp;<strong>Macri, Mauricio y Jorge<\/strong>, preocupados en t\u00e1ndem por el futuro de la Capital y por la instalaci\u00f3n de un clima que propicie la fuga de m\u00e1s dirigentes a La Libertad Avanza.<a href=\"https:\/\/www.infobae.com\/politica\/2025\/01\/17\/dudas-en-la-cupula-del-gobierno-sobre-la-estrategia-para-el-debate-por-la-eliminacion-de-las-paso\/\" target=\"_blank\" rel=\"noreferrer noopener\">Te puede interesar:<strong>Dudas en la c\u00fapula del Gobierno sobre la estrategia para el debate por la eliminaci\u00f3n de las PASO<\/strong><\/a><\/p>\n\n\n\n<p class=\"wp-block-paragraph\"><strong>\u201cEsto genera clima, por eso se le pidi\u00f3 que se hiciera ahora, de esa manera. Sirve para la guerra psicol\u00f3gica\u201d<\/strong>, se regode\u00f3 ayer un colaborador presidencial al servicio del operativo de \u201ccarancheo\u201d de dirigentes del PRO. La maniobra la terminaron de diagramar Milei y Valenzuela el mi\u00e9rcoles, cuando todav\u00eda persist\u00eda -y persiste- un malhumor generalizado en buena parte del PRO por el comunicado oficial que critic\u00f3 la ausencia del proyecto de presupuesto en la convocatoria a sesiones extraordinarias lanzada por el Ejecutivo, que el macrismo calific\u00f3 de \u201cautoritario\u201d. Los chats internos estallaron. Gobernadores como&nbsp;<strong>Ignacio Torres&nbsp;<\/strong>o<strong>&nbsp;Rogelio Frigerio<\/strong>, legisladores como&nbsp;<strong>Diego Santilli<\/strong>&nbsp;o intendentes como&nbsp;<strong>Guillermo Montenegro<\/strong>, o incluso&nbsp;<strong>Cristian Ritondo<\/strong>, el jefe del bloque en la C\u00e1mara baja, hicieron saber el fastidio con la c\u00fapula, con la reiterada defensa de los intereses porte\u00f1os sobre los del resto y con la conducci\u00f3n partidaria desde Cumel\u00e9n, el para\u00edso patag\u00f3nico donde descansa el ex presidente desde hace ya varias semanas.<img loading=\"lazy\" decoding=\"async\" alt=\"Mauricio y Jorge Macri\" height=\"1082\" src=\"https:\/\/www.infobae.com\/resizer\/v2\/7LEJG4YJNBAYNHLEI6JEXHKJBQ.jpeg?auth=4c3f3eb000c044a0c6c0b6b97c533bf5916f77a224436a15a8e6b9e67a1a8bdb&amp;smart=true&amp;width=350&amp;height=197&amp;quality=85\" width=\"1920\" title=\"Cimbronazo en el PRO y operaciones internas tras el pase de Valenzuela a La Libertad Avanza\">Mauricio y Jorge Macri<\/p>\n\n\n\n<p class=\"wp-block-paragraph\">Hasta ayer, Macri no ten\u00eda previsto interrumpir su descanso, pero tras el portazo de Valenzuela volvi\u00f3 a pedir que se instalara p\u00fablicamente que&nbsp;<strong>ya no descarta, como hace algunos meses, postularse al Senado<\/strong>&nbsp;por CABA en las elecciones de octubre. \u201cPor lo que habl\u00e9 en estos d\u00edas, noto que le entr\u00f3 la duda, pero siento que es un retroceso, una se\u00f1al de debilidad\u201d, analiz\u00f3 este jueves un dirigente del ri\u00f1\u00f3n macrista.<a href=\"https:\/\/www.infobae.com\/politica\/2025\/01\/17\/dudas-en-la-cupula-del-gobierno-sobre-la-estrategia-para-el-debate-por-la-eliminacion-de-las-paso\/\" target=\"_blank\" rel=\"noreferrer noopener\">Te puede interesar:<strong>Dudas en la c\u00fapula del Gobierno sobre la estrategia para el debate por la eliminaci\u00f3n de las PASO<\/strong><\/a><\/p>\n\n\n\n<p class=\"wp-block-paragraph\">El ex presidente detesta la actividad parlamentaria, no est\u00e1 dispuesto a relegar sus compromisos internacionales, mucho menos a sentarse en una banca del Senado de saco y corbata. Pero es consciente de que la situaci\u00f3n actual del PRO es la de un paciente que transita un tratamiento complejo, con pron\u00f3stico reservado.&nbsp;<strong>\u201cEn el corto plazo lo veo jodido. En el largo, en un punto, todav\u00eda depende de nosotros\u201d<\/strong>, reconoci\u00f3 este jueves un colaborador de Macri.<\/p>\n\n\n\n<p class=\"wp-block-paragraph\">El riesgo a una fagocitosis libertaria est\u00e1 muy latente.<\/p>\n\n\n\n<p class=\"wp-block-paragraph\">El corto plazo es, precisamente, el m\u00e1s acuciante para el jefe de Gobierno porte\u00f1o, que est\u00e1 cada vez m\u00e1s pendiente de los consejos del catal\u00e1n&nbsp;<strong>Antoni Guti\u00e9rrez-Rubi&nbsp;<\/strong>y que enfrenta un panorama complicado en la casa matriz del PRO por la decisi\u00f3n, por el momento irrevocable, de&nbsp;<strong>Karina Milei&nbsp;<\/strong>de avanzar en ese distrito para tratar de arrebat\u00e1rselo al macrismo despu\u00e9s de una hegemon\u00eda que ya acumula 17 a\u00f1os. El martes, en la reuni\u00f3n de gabinete, uno de los principales asesores del alcalde asever\u00f3, muy convencido, que el administrador local hab\u00eda recuperado la iniciativa en los \u00faltimos sesenta d\u00edas.<\/p>\n\n\n\n<p class=\"wp-block-paragraph\">Lo cierto es que el anuncio de Valenzuela volvi\u00f3 a poner en crisis el sistema de toma de decisiones del PRO y las condiciones del posible acuerdo electoral promocionado hace algunos d\u00edas por Milei y aceptado por el ex presidente, que propuso, en vano, un equipo de trabajo conjunto. Macri est\u00e1 al tanto de que hay un buen n\u00famero de dirigentes que, en teor\u00eda, deber\u00edan responder a su jefatura, que<strong>&nbsp;hace semanas que empezaron a negociar de manera unilateral con la Casa Rosada, en particular con Caputo<\/strong>, cuyo tel\u00e9fono est\u00e1 muy activo este verano. Consciente de ese panorama, el ex mandatario habilit\u00f3 a algunos de ellos a negociar \u201cacuerdos razonables\u201d.<img loading=\"lazy\" decoding=\"async\" alt=\"Cristian Ritondo y Santiago Caputo\" height=\"1080\" src=\"https:\/\/www.infobae.com\/resizer\/v2\/LEVEGISOUJECZGKFRHLOT5NRQQ.jpg?auth=515aec4174ace5d639ae28cea12a98311ba60420d38c00097ea6b647a1cf2881&amp;smart=true&amp;width=350&amp;height=197&amp;quality=85\" width=\"1920\" title=\"Cimbronazo en el PRO y operaciones internas tras el pase de Valenzuela a La Libertad Avanza\">Cristian Ritondo y Santiago Caputo<\/p>\n\n\n\n<p class=\"wp-block-paragraph\">Ayer, despu\u00e9s de la fuga, empezaron a correr versiones de otros dirigentes que podr\u00edan cruzar de vereda en el cort\u00edsimo plazo:&nbsp;<strong>\u201cSe abri\u00f3 la tranquera\u201d<\/strong>, subrayaron desde la oficina de uno de ellos. Se especul\u00f3 r\u00e1pidamente con&nbsp;<strong>Santilli<\/strong>, que hace meses que puso su pase a disposici\u00f3n, por ejemplo, en una comida con la secretaria General de la Presidencia. \u201cEl Colorado\u201d no tiene previsto, en principio, dar el salto durante el verano.&nbsp;<strong>\u201cTampoco es que hay una \u2018Puerta 12\u2032, una estampida de gente yendo a correr a la Casa Rosada, hay que esperar\u201d<\/strong>, aseguraron en su entorno. El diputado se mantiene en silencio y analiza -junto a otros dirigentes- la posibilidad de llegar a una suerte de acuerdo con el gobierno,&nbsp;<strong>pero de manera global y sincronizada<\/strong>. Algo similar piensan cerca de Montenegro, que habla cada vez m\u00e1s seguido con Santiago Caputo. Diferente es la situaci\u00f3n de gobernadores como Torres o Frigerio, que son jefes de provincias y<strong>&nbsp;ponen sobre la mesa otro tipo de condiciones en la negociaci\u00f3n con el gobierno.<\/strong><\/p>\n\n\n\n<p class=\"wp-block-paragraph\">Santilli, que le gustar\u00eda ser<strong>&nbsp;el candidato de un frente anti-K en la provincia de Buenos Aires<\/strong>, tiene adem\u00e1s informaci\u00f3n de un persistente rechazo por parte de la hermana del presidente a la figura de&nbsp;<strong>Jos\u00e9 Luis Espert<\/strong>, a quien Milei le hab\u00eda prometido ser cabeza de lista en ese distrito. No es que al diputado economista ya se le haya escabullido esa promesa, pero el v\u00ednculo con la secretaria general y sus operadores atraviesa un p\u00e9simo momento.<\/p>\n\n\n\n<p class=\"wp-block-paragraph\">En el caso de&nbsp;<strong>Ritondo<\/strong>, al que Macri le deleg\u00f3 hace ya varios meses la conducci\u00f3n de las tratativas con el Ejecutivo, la encrucijada es diferente porque a\u00fan quiere terminar de dilucidar<strong>&nbsp;qui\u00e9n se aprovech\u00f3, si es que fue as\u00ed, de la denuncia period\u00edstica por supuestas irregularidades con sociedades&nbsp;<\/strong><em><strong>off shore<\/strong><\/em>&nbsp;por la que fue denunciado en la Justicia. El jefe del bloque del PRO en Diputados le agradeci\u00f3 en privado a Milei, que lo defendi\u00f3 p\u00fablicamente. El macrismo mantiene sobre el tema un silencio llamativo.&nbsp;<strong>\u201c\u00bfPuede haber tenido que ver esa denuncia con la salida sorpresiva de Ignacio Yacobucci de la Unidad de Informaci\u00f3n Financiera?\u201d<\/strong>, se preguntaba ayer una fuente judicial. \u201c\u00bfLo habl\u00f3 Ritondo d\u00edas atr\u00e1s con un emisario del gobierno?\u201d, intent\u00f3 averiguar otra fuente.<img loading=\"lazy\" decoding=\"async\" alt=\"Diego Santilli\" height=\"1080\" src=\"https:\/\/www.infobae.com\/resizer\/v2\/OGFDVSORYRDV5CUXSUBBQZ6UXU.jpg?auth=9e162ee4fc687f3a00dc0cda18ce46858ad2534ff43c8b19b993f532ac0a4af6&amp;smart=true&amp;width=350&amp;height=197&amp;quality=85\" width=\"1920\" title=\"Cimbronazo en el PRO y operaciones internas tras el pase de Valenzuela a La Libertad Avanza\">Diego Santilli<\/p>\n\n\n\n<p class=\"wp-block-paragraph\">Diferente es la situaci\u00f3n en la capital, que oblig\u00f3 al jefe de Gobierno a adelantar los comicios para intentar perder la menor cantidad de legisladores y liderar una estrategia local, por fuera de las negociaciones nacionales. Antes que Valenzuela, Macri ya hab\u00eda sufrido una baja sensible cuando&nbsp;<strong>Diego Kravetz<\/strong>&nbsp;renunci\u00f3 a la secretaria de Seguridad y arregl\u00f3, sin avisarle al alcalde, su pase a la Secretar\u00eda de Inteligencia como \u201cSe\u00f1or 8\u2033. Kravetz manten\u00eda -sigue vigente- en el gabinete una sociedad pol\u00edtica con&nbsp;<strong>N\u00e9stor Grindetti<\/strong>, que fue mudado de la Jefatura de Gabinete a una unidad de asesoramiento estrat\u00e9gico del jefe porte\u00f1o. El ex intendente de Lan\u00fas mantiene un v\u00ednculo respetuoso con Macri -no as\u00ed con el ex presidente, con el que no habla desde hace casi un a\u00f1o-, pero est\u00e1 molesto por esas decisiones. Arrastra, seg\u00fan fuentes porte\u00f1as, un creciente fastidio. Terreno f\u00e9rtil para los operadores del gobierno. Grindetti guarda, por caso, una vieja relaci\u00f3n con&nbsp;<strong>Rodrigo Lugones<\/strong>, consultor del Ejecutivo, hijo del ministro de Salud y socio del principal estratega de la Casa Rosada. Caputo tambi\u00e9n tiene di\u00e1logo con el ex jefe de Gabinete de la capital.<\/p>\n\n\n\n<p class=\"wp-block-paragraph\">Para los Macri, la oferta electoral de este a\u00f1o podr\u00eda tener, para colmo, un escollo extra por fuera de La Libertad Avanza, que le disputa el voto. Y es que&nbsp;<strong>Horacio Rodr\u00edguez Larreta<\/strong>&nbsp;analiza seriamente presentarse, y que est\u00e1 cada vez m\u00e1s inclinado a hacerlo como postulante a legislador, una definici\u00f3n que podr\u00eda dividir a\u00fan m\u00e1s a los votantes de ese sector. El ex alcalde dej\u00f3 una buena imagen como gestor.&nbsp;<strong>\u201cEn lo nacional Milei est\u00e1 muy fuerte, en la ciudad hay debilidad\u201d<\/strong>, razon\u00f3 el fallido candidato presidencial estos d\u00edas con un amigo. Por eso Jorge Macri y sus operadores trabajan para convencer a Ramiro Marra, que tiene que renovar su banca, y que le reste votos a LLA. Deber\u00eda, eso s\u00ed, enfrentarse al gobierno. El legislador ya le salv\u00f3 el pellejo al jefe de Gobierno en la votaci\u00f3n por el presupuesto: hubo gestiones presenciales de \u00faltima hora de un muy eficiente y pragm\u00e1tico&nbsp;<strong>Ezequiel Sabor<\/strong>, colaborador clave del jefe porte\u00f1o.<img loading=\"lazy\" decoding=\"async\" alt=\"Rodr\u00edguez Larreta eval\u00faa presentarse en\" height=\"1080\" src=\"https:\/\/www.infobae.com\/resizer\/v2\/K6NBTII2V5DNNO2TCM6PVP4ARE.jpg?auth=ab780b4f734da2eb6ab1348af7783ee3be073d8a98c7e371761c78b096596673&amp;smart=true&amp;width=350&amp;height=197&amp;quality=85\" width=\"1920\" title=\"Cimbronazo en el PRO y operaciones internas tras el pase de Valenzuela a La Libertad Avanza\">Rodr\u00edguez Larreta eval\u00faa presentarse en las pr\u00f3ximas elecciones, pero a\u00fan no defini\u00f3 a qu\u00e9 cargo (NA)<\/p>\n\n\n\n<p class=\"wp-block-paragraph\">El desembarco oficial de Valenzuela en las filas libertarias abri\u00f3 ayer, adem\u00e1s, una serie de especulaciones en torno al futuro del intendente y el de la ministra de Seguridad. En Casa Rosada dejaron trascender que&nbsp;<strong>el historiador podr\u00eda en alg\u00fan momento reemplazar a Bullrich<\/strong>&nbsp;si es que la funcionaria deja la gesti\u00f3n para postularse en las elecciones de este a\u00f1o. De ser as\u00ed, el intendente ser\u00eda a su vez reemplazado por&nbsp;<strong>Rodrigo Aybar<\/strong>, secretario de Desarrollo Territorial, H\u00e1bitat y Vivienda, un \u00e1rea que est\u00e1 a punto de ser disuelta, un trabajo que supervisa&nbsp;<strong>Francisco Caputo<\/strong>, el hermano del consultor, que tiene injerencia en Econom\u00eda. Aybar est\u00e1 de licencia en Tres de Febrero. No es el \u00fanico funcionario de Valenzuela en el gabinete: tambi\u00e9n Daniela Ramos, subsecretaria de Pol\u00edtica Industrial.<\/p>\n\n\n\n<p class=\"wp-block-paragraph\">Esos movimientos podr\u00edan darse si es que Milei decide que Bullrich sea candidata.<strong>\u00a0La ministra mira con cari\u00f1o la capital en el 2027<\/strong>, aunque tambi\u00e9n la seduce una posible candidatura a la vicepresidencia. Pero primero est\u00e1 el 2025, y espera, adem\u00e1s, por la pr\u00f3xima jugada de Macri. Dicen que no quiere competir. Pero algunos la entusiasman con la idea de postularse y competir, llegado el caso, contra el ex presidente.<\/p>\n\n\n\n<p class=\"wp-block-paragraph\">Fuente:<a href=\"https:\/\/www.infobae.com\/\"> Infobae.com<\/a><\/p>","protected":false},"excerpt":{"rendered":"<p>\u201c\u00a1Te la cre\u00edste en serio, eh!\u201d, alcanz\u00f3 a decirle&nbsp;Mauricio Macri&nbsp;a&nbsp;Diego Valenzuela&nbsp;la \u00faltima vez que se cruzaron, en octubre pasado, en un estudio de televisi\u00f3n del barrio porte\u00f1o de Chacarita. El ex presidente esperaba para entrar al aire y el intendente de Tres de Febrero, que acaba de ser entrevistado, apenas le devolvi\u00f3 una sonrisa.Te puede [&hellip;]<\/p>\n","protected":false},"author":9,"featured_media":0,"comment_status":"open","ping_status":"open","sticky":false,"template":"","format":"standard","meta":{"site-sidebar-layout":"default","site-content-layout":"","ast-site-content-layout":"default","site-content-style":"default","site-sidebar-style":"default","ast-global-header-display":"","ast-banner-title-visibility":"","ast-main-header-display":"","ast-hfb-above-header-display":"","ast-hfb-below-header-display":"","ast-hfb-mobile-header-display":"","site-post-title":"","ast-breadcrumbs-content":"","ast-featured-img":"","footer-sml-layout":"","ast-disable-related-posts":"","theme-transparent-header-meta":"","adv-header-id-meta":"","stick-header-meta":"","header-above-stick-meta":"","header-main-stick-meta":"","header-below-stick-meta":"","astra-migrate-meta-layouts":"default","ast-page-background-enabled":"default","ast-page-background-meta":{"desktop":{"background-color":"","background-image":"","background-repeat":"repeat","background-position":"center center","background-size":"auto","background-attachment":"scroll","background-type":"","background-media":"","overlay-type":"","overlay-color":"","overlay-opacity":"","overlay-gradient":""},"tablet":{"background-color":"","background-image":"","background-repeat":"repeat","background-position":"center center","background-size":"auto","background-attachment":"scroll","background-type":"","background-media":"","overlay-type":"","overlay-color":"","overlay-opacity":"","overlay-gradient":""},"mobile":{"background-color":"","background-image":"","background-repeat":"repeat","background-position":"center center","background-size":"auto","background-attachment":"scroll","background-type":"","background-media":"","overlay-type":"","overlay-color":"","overlay-opacity":"","overlay-gradient":""}},"ast-content-background-meta":{"desktop":{"background-color":"var(--ast-global-color-5)","background-image":"","background-repeat":"repeat","background-position":"center center","background-size":"auto","background-attachment":"scroll","background-type":"","background-media":"","overlay-type":"","overlay-color":"","overlay-opacity":"","overlay-gradient":""},"tablet":{"background-color":"var(--ast-global-color-5)","background-image":"","background-repeat":"repeat","background-position":"center center","background-size":"auto","background-attachment":"scroll","background-type":"","background-media":"","overlay-type":"","overlay-color":"","overlay-opacity":"","overlay-gradient":""},"mobile":{"background-color":"var(--ast-global-color-5)","background-image":"","background-repeat":"repeat","background-position":"center center","background-size":"auto","background-attachment":"scroll","background-type":"","background-media":"","overlay-type":"","overlay-color":"","overlay-opacity":"","overlay-gradient":""}},"footnotes":""},"categories":[2],"tags":[],"class_list":["post-113652","post","type-post","status-publish","format-standard","hentry","category-politica"],"spectra_blocks_featured_image_url":null,"spectra_blocks_author_info":{"display_name":"Jorge Alfredo Baret","avatar_url":"https:\/\/secure.gravatar.com\/avatar\/31696f5ca83439b642450ec7d3f82f98451a5efacb414343d5478c982b337f26?s=96&d=mm&r=g","author_link":"https:\/\/100xd.com.ar\/es\/author\/jorge\/","description":"Ingeniero Qu\u00edmico UTN - Director Apoderado de Comunicaciones Auditadas SA. Editor Responsable 100xd.com.ar."},"_links":{"self":[{"href":"https:\/\/100xd.com.ar\/es\/wp-json\/wp\/v2\/posts\/113652","targetHints":{"allow":["GET"]}}],"collection":[{"href":"https:\/\/100xd.com.ar\/es\/wp-json\/wp\/v2\/posts"}],"about":[{"href":"https:\/\/100xd.com.ar\/es\/wp-json\/wp\/v2\/types\/post"}],"author":[{"embeddable":true,"href":"https:\/\/100xd.com.ar\/es\/wp-json\/wp\/v2\/users\/9"}],"replies":[{"embeddable":true,"href":"https:\/\/100xd.com.ar\/es\/wp-json\/wp\/v2\/comments?post=113652"}],"version-history":[{"count":1,"href":"https:\/\/100xd.com.ar\/es\/wp-json\/wp\/v2\/posts\/113652\/revisions"}],"predecessor-version":[{"id":113654,"href":"https:\/\/100xd.com.ar\/es\/wp-json\/wp\/v2\/posts\/113652\/revisions\/113654"}],"wp:attachment":[{"href":"https:\/\/100xd.com.ar\/es\/wp-json\/wp\/v2\/media?parent=113652"}],"wp:term":[{"taxonomy":"category","embeddable":true,"href":"https:\/\/100xd.com.ar\/es\/wp-json\/wp\/v2\/categories?post=113652"},{"taxonomy":"post_tag","embeddable":true,"href":"https:\/\/100xd.com.ar\/es\/wp-json\/wp\/v2\/tags?post=113652"}],"curies":[{"name":"wp","href":"https:\/\/api.w.org\/{rel}","templated":true}]}}