{"id":111849,"date":"2024-12-10T10:48:55","date_gmt":"2024-12-10T13:48:55","guid":{"rendered":"https:\/\/100xd.com.ar\/?p=111849"},"modified":"2024-12-10T10:48:55","modified_gmt":"2024-12-10T13:48:55","slug":"cualquier-vehiculo-con-seguro-y-vtv-podra-prestar-servicios-de-transporte-de-pasajeros","status":"publish","type":"post","link":"https:\/\/100xd.com.ar\/es\/cualquier-vehiculo-con-seguro-y-vtv-podra-prestar-servicios-de-transporte-de-pasajeros\/","title":{"rendered":"Cualquier veh\u00edculo con seguro y VTV podr\u00e1 prestar servicios de transporte de pasajeros"},"content":{"rendered":"<p class=\"wp-block-paragraph\">Tras aplicar sanciones a las empresas por no cumplir con la entrega de pasajes gratis a discapacitados, el Gobierno reglament\u00f3 este martes la&nbsp;<strong>desregulaci\u00f3n del transporte<\/strong>&nbsp;automotor de larga y media distancia. Se apunta a que las firmas del sector tengan menos restricciones para establecer precios, modificar o discontinuar rutas que no sean rentables, entre otros.<a href=\"https:\/\/www.infobae.com\/economia\/2024\/12\/10\/bimonetarismo-los-precios-podran-mostrarse-en-pesos-y-en-dolares-y-avanza-la-posibilidad-de-pagar-algunos-productos-en-ambas-monedas\/\" target=\"_blank\" rel=\"noreferrer noopener\">Te puede interesar:<strong>Bimonetarismo: los precios podr\u00e1n mostrarse en pesos y en d\u00f3lares y avanza la posibilidad de pagar algunos productos en ambas monedas<\/strong><\/a><\/p>\n\n\n\n<p class=\"wp-block-paragraph\">As\u00ed se oficializ\u00f3 en el Bolet\u00edn Oficial mediante la Resoluci\u00f3n N\u00ba 57\/2024, impulsada por la Secretar\u00eda de Transporte del Ministerio de Econom\u00eda y el Ministerio de Desregulaci\u00f3n y Transformaci\u00f3n del Estado.<\/p>\n\n\n\n<p class=\"wp-block-paragraph\">\u201cSe moderniza un r\u00e9gimen de m\u00e1s de 30 a\u00f1os de antig\u00fcedad con un sistema cerrado, permisos r\u00edgidos y burocracia excesiva, pasando a un&nbsp;<strong>sistema simple, declarativo, gratuito, digital&nbsp;<\/strong>y que mantiene los est\u00e1ndares t\u00e9cnicos y de seguridad vigentes\u201d, aseguraron desde la cartera conducida por&nbsp;<strong>Franco Mogetta.<\/strong><a href=\"https:\/\/www.infobae.com\/economia\/2024\/12\/10\/el-gobierno-derogo-la-resolucion-que-gravaba-la-actividad-de-influencers-y-genero-la-salida-de-florencia-misrahi-de-arca\/\" target=\"_blank\" rel=\"noreferrer noopener\">Te puede interesar:<strong>El Gobierno derog\u00f3 la resoluci\u00f3n que gravaba la actividad de influencers y gener\u00f3 la salida de Florencia Misrahi de ARCA<\/strong><\/a><\/p>\n\n\n\n<p class=\"wp-block-paragraph\">En este sentido, los transportistas se registrar\u00e1n de manera online y gratuita mediante la plataforma web Tr\u00e1mites a Distancia (TAD), donde deber\u00e1n brindar la informaci\u00f3n relevante y actualizada de los servicios. A su vez,&nbsp;<strong>se unificar\u00e1n todos los registros bajo un \u00fanico Registro Nacional de Transporte Automotor de Pasajeros (RNTAP).<\/strong><img loading=\"lazy\" decoding=\"async\" alt=\"Se unificar\u00e1n todos los registros bajo un \u00fanico Registro Nacional de Transporte Automotor de Pasajeros (RNTAP)\" height=\"1079\" src=\"https:\/\/www.infobae.com\/resizer\/v2\/UPQ3YB6BFVBHPFSYJI6E26XTBQ.jpg?auth=8a9c491a2510c046628b86da9933310519619981dc87da2fcd21171905fdd6da&amp;smart=true&amp;width=350&amp;height=197&amp;quality=85\" width=\"1920\" title=\"Cualquier veh\u00edculo con seguro y VTV podr\u00e1 prestar servicios de transporte de pasajeros\">Se unificar\u00e1n todos los registros bajo un \u00fanico Registro Nacional de Transporte Automotor de Pasajeros (RNTAP)https:\/\/01f793eb5c8b680d9651c24e382c7b19.safeframe.googlesyndication.com\/safeframe\/1-0-40\/html\/container.html<\/p>\n\n\n\n<p class=\"wp-block-paragraph\">El tr\u00e1mite, que<strong>&nbsp;estar\u00e1 disponible a partir este 11 de diciembre<\/strong>, es obligatorio para la prestaci\u00f3n de servicios de transporte automotor de pasajeros y tendr\u00e1 car\u00e1cter de Declaraci\u00f3n Jurada (DDJJ). El correo electr\u00f3nico registrado ser\u00e1 al que llegar\u00e1n las notificaciones pertinentes durante el proceso.<a href=\"https:\/\/www.infobae.com\/politica\/2024\/12\/10\/andres-malamud-la-oposicion-esta-desconcertada-y-lo-unico-que-hay-en-el-escenario-es-milei-y-cristina\/\" target=\"_blank\" rel=\"noreferrer noopener\">Te puede interesar:<strong>Andr\u00e9s Malamud: \u201cLa oposici\u00f3n est\u00e1 desconcertada y lo \u00fanico que hay en el escenario es Milei y Cristina\u201d<\/strong><\/a><\/p>\n\n\n\n<p class=\"wp-block-paragraph\">Los transportistas deber\u00e1n completar: formulario de transportistas\/empresas, DDJJ N\u00f3mina de Parque M\u00f3vil, DDJJ N\u00f3mina de conductores, t\u00edtulo de propiedad o contrato de leasing de los veh\u00edculos, p\u00f3lizas de seguros, etc. Una vez registrados se emitir\u00e1 el Certificado de Alta de Transportista dentro del plazo de 5 (cinco) d\u00edas h\u00e1biles y podr\u00e1n acceder a la inscripci\u00f3n de los servicios a prestar.<\/p>\n\n\n\n<p class=\"wp-block-paragraph\">Aquellos que ya est\u00e9n prestando servicios podr\u00e1n continuar operando y tendr\u00e1n un plazo de hasta sesenta d\u00edas corridos para declarar en el RNTAP los servicios a realizar de acuerdo a la metodolog\u00eda aprobada.<\/p>\n\n\n\n<p class=\"wp-block-paragraph\">El ministro de Desregulaci\u00f3n y Transformaci\u00f3n del Estado,&nbsp;<strong>Federico Sturzenegger<\/strong>, dijo a trav\u00e9s de X: \u201cA quienes tengan veh\u00edculos grandes o peque\u00f1os (con seguro y revisi\u00f3n vehicular aprobada), los invitamos a convertirse en proveedores de transporte de pasajeros. El Decreto 883\/24 hab\u00eda liberado el tr\u00e1nsito interjurisdiccional as\u00ed como el de las conexiones aeroportuarias, dando libertad absoluta para operar, elegir veh\u00edculos, horarios y recorridos\u201d.<\/p>\n\n\n\n<p class=\"wp-block-paragraph\">\u201cLa Resoluci\u00f3n 57\/24 de hoy, con firma del Secretario de Transporte, Franco Mogetta, establece el procedimiento para que cualquier interesado en proveer el servicio pueda hacerlo, dando sentido pr\u00e1ctico a la desregulaci\u00f3n que hab\u00edamos establecido con el Decreto 883\/24. Simplemente informan a trav\u00e9s de un tr\u00e1mite remoto veh\u00edculos, choferes y los recorridos que planifican hacer. Pueden cambiar esta informaci\u00f3n cuando quieran y las veces que quieran. \u00a1Y listo! \u00a1A rodar!\u201d, a\u00f1adi\u00f3.<\/p>\n\n\n\n<p class=\"wp-block-paragraph\">A partir de esta reglamentaci\u00f3n<strong>&nbsp;se podr\u00e1n establecer libremente recorridos, itinerarios, horarios, precios, modalidades y duraci\u00f3n de los servicios, logrando una mayor oferta y competencia de precios.&nbsp;<\/strong>Antes de esta desregulaci\u00f3n una modificaci\u00f3n en cualquier par\u00e1metro operativo (recorridos, paradas, frecuencias, etc) tardaba entre 6 meses a un a\u00f1o como m\u00ednimo.<\/p>\n\n\n\n<p class=\"wp-block-paragraph\">Ahora, \u201ccon esta medida y con el principal objetivo de satisfacer la demanda de traslado de pasajeros; se simplifica y acorta el tiempo burocr\u00e1tico, solo teniendo que informar la baja del par\u00e1metro con 15 d\u00edas de antelaci\u00f3n, procediendo luego al alta con la modificaci\u00f3n deseada. Cabe destacar que se mantienen las exigencias de seguridad ya establecidas en la normativa vigente, tanto de tr\u00e1nsito y seguridad vial, como en los requisitos en materia de seguridad, higiene y accesibilidad correspondientes a cada clase y tipo de veh\u00edculo. Adem\u00e1s, se deber\u00e1 cumplir con la revisi\u00f3n t\u00e9cnica vehicular de los veh\u00edculos\u201d, se\u00f1alaron fuentes oficiales.<img loading=\"lazy\" decoding=\"async\" alt=\"Se mantienen las exigencias de seguridad ya establecidas en la normativa vigente\" height=\"1080\" src=\"https:\/\/www.infobae.com\/resizer\/v2\/FVOOKEGJ35CHVFUG75LSWNOPXM.jpg?auth=252ed440c5ba1a8c0f34a6c82dd1bdd09008a07ffe64ea25fd0d951e1dd194c6&amp;smart=true&amp;width=350&amp;height=197&amp;quality=85\" width=\"1920\" title=\"Cualquier veh\u00edculo con seguro y VTV podr\u00e1 prestar servicios de transporte de pasajeros\">Se mantienen las exigencias de seguridad ya establecidas en la normativa vigente<\/p>\n\n\n\n<p class=\"wp-block-paragraph\">Por otro lado, cabe recordar que el Ejecutivo hab\u00eda sancionado econ\u00f3micamente y presentado una medida cautelar contra las empresas de transporte que no estaban cumpliendo con la obligaci\u00f3n del cupo para personas con discapacidad.<\/p>\n\n\n\n<p class=\"wp-block-paragraph\">Las compa\u00f1\u00edas alegaban que hab\u00eda un vac\u00edo legal en la desregulaci\u00f3n y que estaban habilitadas para hacerlo. No obstante, la Justicia le dio la raz\u00f3n al Gobierno y la reglamentaci\u00f3n se refiere a esta cuesti\u00f3n en sus considerandos, al indicar: \u201cSe estableci\u00f3 el sistema de protecci\u00f3n integral de las personas discapacitadas, determinando que&nbsp;<strong>las empresas de transporte colectivo terrestre sometidas al contralor de autoridad nacional deber\u00e1n transportar gratuitamente a las personas con discapacidad en el trayecto que medie entre el domicilio de las mismas y cualquier destino al que deban concurrir por razones familiares, asistenciales, educacionales, laborales o de cualquier otra \u00edndole que tiendan a favorecer su plena integraci\u00f3n social\u201d.<\/strong><\/p>\n\n\n\n<p class=\"wp-block-paragraph\">Y agrega que \u201cse cre\u00f3 el Programa Nacional de Cuidado Integral del Ni\u00f1o, Ni\u00f1a y Adolescente con c\u00e1ncer, con el objetivo de reducir la morbimortalidad por c\u00e1ncer en ni\u00f1os, ni\u00f1as y adolescentes y garantizar sus derechos, estableciendo en su art\u00edculo 10 la gratuidad en la utilizaci\u00f3n del transporte colectivo terrestre\u201d.<\/p>\n\n\n\n<p class=\"wp-block-paragraph\">A pesar de la resoluci\u00f3n judicial, desde Transporte afirman que detectaron que algunas empresas siguen sin ofrecer la totalidad de los servicios, por lo que se avanzar\u00e1 en nuevas medidas sancionatorias para hacer valer la decisi\u00f3n de la Justicia y el derecho de las personas con discapacidad.<\/p>\n\n\n\n<p class=\"wp-block-paragraph\">Fuente: <a href=\"https:\/\/www.infobae.com\/\">Infobae.com<\/a><\/p>","protected":false},"excerpt":{"rendered":"<p>Tras aplicar sanciones a las empresas por no cumplir con la entrega de pasajes gratis a discapacitados, el Gobierno reglament\u00f3 este martes la&nbsp;desregulaci\u00f3n del transporte&nbsp;automotor de larga y media distancia. Se apunta a que las firmas del sector tengan menos restricciones para establecer precios, modificar o discontinuar rutas que no sean rentables, entre otros.Te puede [&hellip;]<\/p>\n","protected":false},"author":9,"featured_media":0,"comment_status":"open","ping_status":"open","sticky":false,"template":"","format":"standard","meta":{"site-sidebar-layout":"default","site-content-layout":"","ast-site-content-layout":"default","site-content-style":"default","site-sidebar-style":"default","ast-global-header-display":"","ast-banner-title-visibility":"","ast-main-header-display":"","ast-hfb-above-header-display":"","ast-hfb-below-header-display":"","ast-hfb-mobile-header-display":"","site-post-title":"","ast-breadcrumbs-content":"","ast-featured-img":"","footer-sml-layout":"","ast-disable-related-posts":"","theme-transparent-header-meta":"","adv-header-id-meta":"","stick-header-meta":"","header-above-stick-meta":"","header-main-stick-meta":"","header-below-stick-meta":"","astra-migrate-meta-layouts":"default","ast-page-background-enabled":"default","ast-page-background-meta":{"desktop":{"background-color":"","background-image":"","background-repeat":"repeat","background-position":"center center","background-size":"auto","background-attachment":"scroll","background-type":"","background-media":"","overlay-type":"","overlay-color":"","overlay-opacity":"","overlay-gradient":""},"tablet":{"background-color":"","background-image":"","background-repeat":"repeat","background-position":"center center","background-size":"auto","background-attachment":"scroll","background-type":"","background-media":"","overlay-type":"","overlay-color":"","overlay-opacity":"","overlay-gradient":""},"mobile":{"background-color":"","background-image":"","background-repeat":"repeat","background-position":"center center","background-size":"auto","background-attachment":"scroll","background-type":"","background-media":"","overlay-type":"","overlay-color":"","overlay-opacity":"","overlay-gradient":""}},"ast-content-background-meta":{"desktop":{"background-color":"var(--ast-global-color-5)","background-image":"","background-repeat":"repeat","background-position":"center center","background-size":"auto","background-attachment":"scroll","background-type":"","background-media":"","overlay-type":"","overlay-color":"","overlay-opacity":"","overlay-gradient":""},"tablet":{"background-color":"var(--ast-global-color-5)","background-image":"","background-repeat":"repeat","background-position":"center center","background-size":"auto","background-attachment":"scroll","background-type":"","background-media":"","overlay-type":"","overlay-color":"","overlay-opacity":"","overlay-gradient":""},"mobile":{"background-color":"var(--ast-global-color-5)","background-image":"","background-repeat":"repeat","background-position":"center center","background-size":"auto","background-attachment":"scroll","background-type":"","background-media":"","overlay-type":"","overlay-color":"","overlay-opacity":"","overlay-gradient":""}},"footnotes":""},"categories":[25],"tags":[],"class_list":["post-111849","post","type-post","status-publish","format-standard","hentry","category-destacado"],"spectra_blocks_featured_image_url":null,"spectra_blocks_author_info":{"display_name":"Jorge Alfredo Baret","avatar_url":"https:\/\/secure.gravatar.com\/avatar\/31696f5ca83439b642450ec7d3f82f98451a5efacb414343d5478c982b337f26?s=96&d=mm&r=g","author_link":"https:\/\/100xd.com.ar\/es\/author\/jorge\/","description":"Ingeniero Qu\u00edmico UTN - Director Apoderado de Comunicaciones Auditadas SA. Editor Responsable 100xd.com.ar."},"_links":{"self":[{"href":"https:\/\/100xd.com.ar\/es\/wp-json\/wp\/v2\/posts\/111849","targetHints":{"allow":["GET"]}}],"collection":[{"href":"https:\/\/100xd.com.ar\/es\/wp-json\/wp\/v2\/posts"}],"about":[{"href":"https:\/\/100xd.com.ar\/es\/wp-json\/wp\/v2\/types\/post"}],"author":[{"embeddable":true,"href":"https:\/\/100xd.com.ar\/es\/wp-json\/wp\/v2\/users\/9"}],"replies":[{"embeddable":true,"href":"https:\/\/100xd.com.ar\/es\/wp-json\/wp\/v2\/comments?post=111849"}],"version-history":[{"count":1,"href":"https:\/\/100xd.com.ar\/es\/wp-json\/wp\/v2\/posts\/111849\/revisions"}],"predecessor-version":[{"id":111851,"href":"https:\/\/100xd.com.ar\/es\/wp-json\/wp\/v2\/posts\/111849\/revisions\/111851"}],"wp:attachment":[{"href":"https:\/\/100xd.com.ar\/es\/wp-json\/wp\/v2\/media?parent=111849"}],"wp:term":[{"taxonomy":"category","embeddable":true,"href":"https:\/\/100xd.com.ar\/es\/wp-json\/wp\/v2\/categories?post=111849"},{"taxonomy":"post_tag","embeddable":true,"href":"https:\/\/100xd.com.ar\/es\/wp-json\/wp\/v2\/tags?post=111849"}],"curies":[{"name":"wp","href":"https:\/\/api.w.org\/{rel}","templated":true}]}}