{"id":111529,"date":"2024-12-03T11:27:16","date_gmt":"2024-12-03T14:27:16","guid":{"rendered":"https:\/\/100xd.com.ar\/?p=111529"},"modified":"2024-12-03T11:27:16","modified_gmt":"2024-12-03T14:27:16","slug":"el-perfil-de-javier-milei-que-escribio-jon-lee-anderson-para-the-new-yorker","status":"publish","type":"post","link":"https:\/\/100xd.com.ar\/es\/el-perfil-de-javier-milei-que-escribio-jon-lee-anderson-para-the-new-yorker\/","title":{"rendered":"El perfil de Javier Milei que escribi\u00f3 Jon Lee Anderson para The New Yorker"},"content":{"rendered":"<p class=\"wp-block-paragraph\"><strong>Jon Lee Anderson<\/strong>, periodista del semanario&nbsp;<a href=\"https:\/\/www.newyorker.com\/magazine\/2024\/12\/09\/javier-milei-wages-war-on-argentinas-government\" rel=\"noreferrer noopener\" target=\"_blank\"><em>The New Yorker<\/em><\/a><em>&nbsp;<\/em>y autor de una de las biograf\u00edas m\u00e1s reconocidas de Ernesto \u201cChe\u201d Guevara, entre muchos otros libros, divulg\u00f3 este lunes un extenso perfil del presidente&nbsp;<strong>Javier Milei<\/strong>&nbsp;para la revista estadounidense. A trav\u00e9s de distintas entrevistas no solo con el mandatario sino tambi\u00e9n de economistas norteamericanos, argentinos, referentes sociales, y otras fuentes construy\u00f3 una descripci\u00f3n del jefe de Estado a quien calific\u00f3 de \u201crimbombante y err\u00e1tico\u201d, calific\u00f3 sus pol\u00edticas \u201cde ultra derecha\u201d y dijo que su ajuste recay\u00f3 en gran parte sobre los pensionados.<\/p>\n\n\n\n<p class=\"wp-block-paragraph\"><em>\u201cThe other MAGA president\u201d<\/em>, dice el t\u00edtulo de la \u00faltima edici\u00f3n. MAGA es un acronismo para Make Am\u00e9rica Great Again (Hacer Am\u00e9rica Grande Otra Vez) o, en este caso, Make Argentina Great Again.&nbsp;<strong>La relaci\u00f3n y los parecidos entre Donald Trump y Milei es uno de los ejes de la nota.<\/strong>&nbsp;Tambi\u00e9n aborda el v\u00ednculo del jefe de Estado argentino con el empresario y ahora funcionario de Estados Unidos, Elon Musk. \u201cCon \u00e9l, estuvieron explorando el negocio del litio\u201d, dice en un tramo del art\u00edculo.<\/p>\n\n\n\n<p class=\"wp-block-paragraph\">Anderson, el autor, escribi\u00f3 para los medios m\u00e1s importantes del mundo y realiz\u00f3 investigaciones, algunas de las cuales terminaron publicadas en libros.<\/p>\n\n\n\n<figure data-spectra-id=\"spectra-545657a6-3759-49e0-8449-808dfb4b08cf\" class=\"wp-block-image\"><img decoding=\"async\" src=\"https:\/\/resizer.glanacion.com\/resizer\/v2\/el-presidente-javier-5NDKJGIJDBFFBCNAZM4ZVQBJDU.jpg?auth=0c303458fe6cde1252d73d1edc5cb22235267aa5c342bee37b45a7ec581cff79&amp;width=420&amp;height=280&amp;quality=70&amp;smart=true\" alt=\"El presidente Javier Milei\" title=\"El perfil de Javier Milei que escribi\u00f3 Jon Lee Anderson para The New Yorker\" \/><figcaption>El presidente Javier Milei<\/figcaption><\/figure>\n\n\n\n<p class=\"wp-block-paragraph\">Lee admite en su nota para&nbsp;<em>The New Yorker<\/em>&nbsp;que Milei le hace acordar a Alex, protagonista de \u201cLa Naranja Mec\u00e1nica\u201d de Stanley Kubrick. \u201cDurante mi visita, su estilista par\u00f3 la conversaci\u00f3n para ajustarle el pelo\u201d, dice. \u201cElla quiere que tenga una mezcla entre Elvis Presley y Wolverine\u201d, afirma Milei por Lilia Lemoine, que es quien lo peina en ese momento. \u201cPas\u00f3 de ser un economista de bajo perfil a invitado frecuente a programas y ahora Presidente\u201d, resume Anderson.<\/p>\n\n\n\n<p class=\"wp-block-paragraph\">Al periodista de&nbsp;<em>The New Yorker<\/em>&nbsp;le llam\u00f3 la atenci\u00f3n las cortinas pesadas y el ambiente casi oscuro en el que se produce la charla. Una \u201catm\u00f3sfera crepuscular\u201d en la oficina de Milei, escribe.&nbsp;<strong>\u201cMe cont\u00f3 que la tarea de combatir la inflaci\u00f3n lo manten\u00eda trabajando desde el amanecer hasta bien entrada la noche, y que eso le estaba sacando canas\u201d. \u201cSoy fotosensible\u201d, le dijo el Presidente.<\/strong><\/p>\n\n\n\n<p class=\"wp-block-paragraph\">Otro de los detalles que sorprendieron a Lee fue&nbsp;<strong>la relaci\u00f3n entre el l\u00edder del Ejecutivo y sus \u201chijos de cuatro patas\u201d<\/strong>. Revela que en su charla, Milei evoc\u00f3 a Conan, uno de sus mastines ingleses que muri\u00f3 en 2017. \u201cSe refiere al animal en tiempo presente y asegura que puede comunicarse telep\u00e1ticamente\u201d, resalta el escritor. Y confiesa acto seguido:&nbsp;<strong>\u201cNo quise hacerle preguntas sobre Conan. Me dijeron que hab\u00eda un tab\u00fa en torno al tema\u201d, admite el periodista en el art\u00edculo.<\/strong><\/p>\n\n\n\n<figure data-spectra-id=\"spectra-bc656298-b742-4883-ba13-588c68a27ac8\" class=\"wp-block-image\"><img decoding=\"async\" src=\"https:\/\/resizer.glanacion.com\/resizer\/v2\/javier-milei-y-sus-hijos-de-cuatro-QG2DB4JBXBDQRPRKSA2URQTPAA.jpg?auth=8ea02f8ae7689c6bfa4474e6cebce934cb174dfc91f242180d928a74d96734ab&amp;width=420&amp;height=280&amp;quality=70&amp;smart=true\" alt=\"Javier Milei y sus &quot;hijos de cuatro patas&quot;\" title=\"El perfil de Javier Milei que escribi\u00f3 Jon Lee Anderson para The New Yorker\" \/><figcaption>Javier Milei y sus &#8220;hijos de cuatro patas&#8221;Gentileza Editorial Perfil<\/figcaption><\/figure>\n\n\n\n<p class=\"wp-block-paragraph\">No es la \u00fanica relaci\u00f3n en la que Lee se detuvo. Tras hacer un breve repaso sobre la infancia y adolescencia del Presidente -habla de la violencia que ejerc\u00edan sus padres, su afici\u00f3n por el deporte y las bandas de rock, y la dificultad para hacer amigos- pone el foco en su hermana y Secretaria General de la Presidencia,&nbsp;<strong>Karina Milei:&nbsp;<\/strong>\u201cApodada con el pseud\u00f3nimo El Jefe, ejerce una inmensa influencia sobre su hermano;&nbsp;<strong>si quiere que despidan a alguien, su decisi\u00f3n es definitiva<\/strong>\u201d.<\/p>\n\n\n\n<p class=\"wp-block-paragraph\">Tambi\u00e9n habl\u00f3 de<strong>&nbsp;Fernando Cerimedo<\/strong>, a trav\u00e9s de quien Milei establece sus v\u00ednculos con la derecha global. Uno de los datos en los que el autor focaliza respecto de Cerimedo no es menor. Asegura que, curiosamente, antes de trabajar para Milei y Bolsonaro, Cerimedo lo hizo para Barack Obama mientras viv\u00eda en Puerto Rico.<\/p>\n\n\n\n<p class=\"wp-block-paragraph\">M\u00e1s adelante en el art\u00edculo, Lee no pasa por alto los&nbsp;<strong>\u201cmodos de Milei\u201d<\/strong>: \u201cRidiculiza a sus oponentes llam\u00e1ndolos \u2018culos sucios\u2019. Llam\u00f3 a Lula da Silva, el presidente de Brasil, \u2018corrupto\u2019 y \u2018comunista\u2019, y describi\u00f3 al Papa Francisco, un reformista de modales apacibles, como \u2018un izquierdista sucio\u2019 y \u2018el representante del diablo\u2019. En ese sentido, encuentra similitudes con el presidente electo de Estados Unidos,&nbsp;<strong>Donald Trump<\/strong>. \u201cAmbos se rodean de reacciones\u201d, se\u00f1ala.<\/p>\n\n\n\n<p class=\"wp-block-paragraph\">Escribe asimismo sobre algunas pol\u00e9micas que se produjeron durante su gesti\u00f3n. Entre ellas, la visita de legisladores de La Libertad Avanza a represores en Ezeiza y el recorte que impulsa el Gobierno e impact\u00f3 en los jubilados.<\/p>\n\n\n\n<figure data-spectra-id=\"spectra-5336e267-51c3-482f-adb8-a15f053da64d\" class=\"wp-block-image\"><img decoding=\"async\" src=\"https:\/\/resizer.glanacion.com\/resizer\/v2\/javier-milei-donald-trump-elon-musk-y-gerardo-MJE42LR4FBEDVCCK2ONVENVWQU.JPG?auth=f660a312b94f38cee90c8f2c0c71f91d6f56fa90adc78274116c6aadac2c1332&amp;width=420&amp;height=275&amp;quality=70&amp;smart=true\" alt=\"Javier Milei, Donald Trump, Elon Musk y Gerardo Werthein\" title=\"El perfil de Javier Milei que escribi\u00f3 Jon Lee Anderson para The New Yorker\" \/><figcaption>Javier Milei, Donald Trump, Elon Musk y Gerardo WertheinPettinelli, Maria Belen (Redaccion)<\/figcaption><\/figure>\n\n\n\n<p class=\"wp-block-paragraph\">Para Lee, otro punto vinculado a Milei que es digno de an\u00e1lisis son sus seguidores, a los que califica de \u201centusiastas de exhibir s\u00edmbolos, banderas argentinas y gorras con la inscripci\u00f3n&nbsp;<strong>\u2018Make Argentina Great Again\u2019\u201d<\/strong>, una parodia de la frase popularizada por el mismo Trump. Destaca entre ellos la figura de&nbsp;<strong>H\u00e9ctor Espinoza<\/strong>, un contrabandista del licores de la Villa 31, donde el jefe de Estado obtuvo gran adhesi\u00f3n en las elecciones presidenciales de 2023. \u201cMilei hablaba sin rodeos, y yo sab\u00eda que su mensaje llegar\u00eda lejos en las villas. Ese es su punto fuerte, algo que la gente percib\u00eda, porque estaban hartos de la pol\u00edtica y de los pol\u00edticos. Dec\u00edan: \u2018La pol\u00edtica es una mierda\u2019, y por eso, cuando&nbsp;<strong>Milei finalmente decidi\u00f3 entrar en pol\u00edtica, gan\u00f3 en los barrios<\/strong>\u201d, resalta Espinoza en una charla con el periodista.<\/p>\n\n\n\n<p class=\"wp-block-paragraph\">Por \u00faltimo, luego de una escueta alusi\u00f3n a la facilidad de Milei para hablar de sexo y los romances que mantuvo, corona con los planes a futuro del Presidente. Destaca que el jefe de Estado tiene planeado leer biograf\u00edas y pasar tiempo con su hermana, sus perros y una eventual novia tras abandonar el Sill\u00f3n de Rivadavia.<strong>\u00a0Aun a pesar del perfil cr\u00edtico que Lee arm\u00f3 sobre Milei, el mandatario comparti\u00f3 el art\u00edculo en redes sociales al grito de \u201cFen\u00f3meno barrial. \u00a1Viva la libertad carajo!\u201d.<\/strong><\/p>\n\n\n\n<p class=\"wp-block-paragraph\">Fuente:<a href=\"https:\/\/www.lanacion.com.ar\/\"> La Naci\u00f3n<\/a><\/p>","protected":false},"excerpt":{"rendered":"<p>Jon Lee Anderson, periodista del semanario&nbsp;The New Yorker&nbsp;y autor de una de las biograf\u00edas m\u00e1s reconocidas de Ernesto \u201cChe\u201d Guevara, entre muchos otros libros, divulg\u00f3 este lunes un extenso perfil del presidente&nbsp;Javier Milei&nbsp;para la revista estadounidense. A trav\u00e9s de distintas entrevistas no solo con el mandatario sino tambi\u00e9n de economistas norteamericanos, argentinos, referentes sociales, y [&hellip;]<\/p>\n","protected":false},"author":9,"featured_media":0,"comment_status":"open","ping_status":"open","sticky":false,"template":"","format":"standard","meta":{"site-sidebar-layout":"default","site-content-layout":"","ast-site-content-layout":"default","site-content-style":"default","site-sidebar-style":"default","ast-global-header-display":"","ast-banner-title-visibility":"","ast-main-header-display":"","ast-hfb-above-header-display":"","ast-hfb-below-header-display":"","ast-hfb-mobile-header-display":"","site-post-title":"","ast-breadcrumbs-content":"","ast-featured-img":"","footer-sml-layout":"","ast-disable-related-posts":"","theme-transparent-header-meta":"","adv-header-id-meta":"","stick-header-meta":"","header-above-stick-meta":"","header-main-stick-meta":"","header-below-stick-meta":"","astra-migrate-meta-layouts":"default","ast-page-background-enabled":"default","ast-page-background-meta":{"desktop":{"background-color":"","background-image":"","background-repeat":"repeat","background-position":"center center","background-size":"auto","background-attachment":"scroll","background-type":"","background-media":"","overlay-type":"","overlay-color":"","overlay-opacity":"","overlay-gradient":""},"tablet":{"background-color":"","background-image":"","background-repeat":"repeat","background-position":"center center","background-size":"auto","background-attachment":"scroll","background-type":"","background-media":"","overlay-type":"","overlay-color":"","overlay-opacity":"","overlay-gradient":""},"mobile":{"background-color":"","background-image":"","background-repeat":"repeat","background-position":"center center","background-size":"auto","background-attachment":"scroll","background-type":"","background-media":"","overlay-type":"","overlay-color":"","overlay-opacity":"","overlay-gradient":""}},"ast-content-background-meta":{"desktop":{"background-color":"var(--ast-global-color-5)","background-image":"","background-repeat":"repeat","background-position":"center center","background-size":"auto","background-attachment":"scroll","background-type":"","background-media":"","overlay-type":"","overlay-color":"","overlay-opacity":"","overlay-gradient":""},"tablet":{"background-color":"var(--ast-global-color-5)","background-image":"","background-repeat":"repeat","background-position":"center center","background-size":"auto","background-attachment":"scroll","background-type":"","background-media":"","overlay-type":"","overlay-color":"","overlay-opacity":"","overlay-gradient":""},"mobile":{"background-color":"var(--ast-global-color-5)","background-image":"","background-repeat":"repeat","background-position":"center center","background-size":"auto","background-attachment":"scroll","background-type":"","background-media":"","overlay-type":"","overlay-color":"","overlay-opacity":"","overlay-gradient":""}},"footnotes":""},"categories":[2],"tags":[],"class_list":["post-111529","post","type-post","status-publish","format-standard","hentry","category-politica"],"spectra_blocks_featured_image_url":null,"spectra_blocks_author_info":{"display_name":"Jorge Alfredo Baret","avatar_url":"https:\/\/secure.gravatar.com\/avatar\/31696f5ca83439b642450ec7d3f82f98451a5efacb414343d5478c982b337f26?s=96&d=mm&r=g","author_link":"https:\/\/100xd.com.ar\/es\/author\/jorge\/","description":"Ingeniero Qu\u00edmico UTN - Director Apoderado de Comunicaciones Auditadas SA. Editor Responsable 100xd.com.ar."},"_links":{"self":[{"href":"https:\/\/100xd.com.ar\/es\/wp-json\/wp\/v2\/posts\/111529","targetHints":{"allow":["GET"]}}],"collection":[{"href":"https:\/\/100xd.com.ar\/es\/wp-json\/wp\/v2\/posts"}],"about":[{"href":"https:\/\/100xd.com.ar\/es\/wp-json\/wp\/v2\/types\/post"}],"author":[{"embeddable":true,"href":"https:\/\/100xd.com.ar\/es\/wp-json\/wp\/v2\/users\/9"}],"replies":[{"embeddable":true,"href":"https:\/\/100xd.com.ar\/es\/wp-json\/wp\/v2\/comments?post=111529"}],"version-history":[{"count":1,"href":"https:\/\/100xd.com.ar\/es\/wp-json\/wp\/v2\/posts\/111529\/revisions"}],"predecessor-version":[{"id":111531,"href":"https:\/\/100xd.com.ar\/es\/wp-json\/wp\/v2\/posts\/111529\/revisions\/111531"}],"wp:attachment":[{"href":"https:\/\/100xd.com.ar\/es\/wp-json\/wp\/v2\/media?parent=111529"}],"wp:term":[{"taxonomy":"category","embeddable":true,"href":"https:\/\/100xd.com.ar\/es\/wp-json\/wp\/v2\/categories?post=111529"},{"taxonomy":"post_tag","embeddable":true,"href":"https:\/\/100xd.com.ar\/es\/wp-json\/wp\/v2\/tags?post=111529"}],"curies":[{"name":"wp","href":"https:\/\/api.w.org\/{rel}","templated":true}]}}