{"id":111455,"date":"2024-12-02T10:49:40","date_gmt":"2024-12-02T13:49:40","guid":{"rendered":"https:\/\/100xd.com.ar\/?p=111455"},"modified":"2024-12-02T10:49:40","modified_gmt":"2024-12-02T13:49:40","slug":"municipio-de-vicente-lopez-colonias-de-verano-2025","status":"publish","type":"post","link":"https:\/\/100xd.com.ar\/es\/municipio-de-vicente-lopez-colonias-de-verano-2025\/","title":{"rendered":"Municipio de Vicente Lopez: COLONIAS DE VERANO 2025"},"content":{"rendered":"<p class=\"wp-block-paragraph\">Del 2 al 31 de enero y del 3 al 14 de febrero, invitamos a los vecinos a participar de las Colonias de Verano 2025. Los chicos de 3 a 12 a\u00f1os de Vicente L\u00f3pez, van a poder disfrutar de actividades deportivas, educativas y recreativas en los diferentes polideportivos del municipio.<\/p>\n\n\n\n<p class=\"wp-block-paragraph\">Las colonias se realizar\u00e1n de&nbsp;<strong>lunes a viernes de 9 a 13 hs<\/strong>&nbsp;en las sedes:<\/p>\n\n\n\n<p class=\"wp-block-paragraph\"><strong>&#8211;&nbsp;<a href=\"http:\/\/ce.mi.na\/\" target=\"_blank\" rel=\"noreferrer noopener\">Ce.Mi.Na<\/a>&nbsp;Villa Martelli<\/strong><\/p>\n\n\n\n<p class=\"wp-block-paragraph\"><strong>&#8211;&nbsp;<a href=\"http:\/\/ce.mi.na\/\" target=\"_blank\" rel=\"noreferrer noopener\">Ce.Mi.Na<\/a>&nbsp;Florida Oeste&nbsp;<\/strong><\/p>\n\n\n\n<p class=\"wp-block-paragraph\"><strong>&#8211; Polideportivo de Munro<\/strong><\/p>\n\n\n\n<p class=\"wp-block-paragraph\"><strong>&#8211; Polideportivo de Villa Adelina<\/strong><\/p>\n\n\n\n<p class=\"wp-block-paragraph\"><strong>&#8211; Campo N\u00b01<\/strong><\/p>\n\n\n\n<p class=\"wp-block-paragraph\">La colonia para personas con discapacidad se realizar\u00e1 de 8.30 a 12.30 hs exclusivamente en el Campo N\u00b01. Los interesados deber\u00e1n solicitar una entrevista previa al mail:&nbsp;<a href=\"mailto:leonardo.vicente@vicentelopez.gov.ar\" target=\"_blank\" rel=\"noreferrer noopener\">leonardo.vicente@vicentelopez.<wbr>gov.ar<\/a><\/p>\n\n\n\n<p class=\"wp-block-paragraph\"><strong>Las inscripciones se habilitar\u00e1n el lunes 2 de diciembre a las 9 hs<\/strong>, a trav\u00e9s de la p\u00e1gina:&nbsp;<a href=\"http:\/\/www.vicentelopez.gov.ar\/mibarriovecinos\" target=\"_blank\" rel=\"noreferrer noopener\">http:\/\/www.vicentelopez.gov.<wbr>ar\/mibarriovecinos<\/a>. Record\u00e1 que ten\u00e9s que estar inscripto como usuario en alguno de los polideportivos municipales y que son exclusivas para vecinos de Vicente L\u00f3pez.<\/p>\n\n\n\n<p class=\"wp-block-paragraph\">A partir del&nbsp;<strong>lunes 16 de diciembre&nbsp;<\/strong>se podr\u00e1 chequear en la secci\u00f3n de \u201cAutoconsulta\u201d de la web si la vacante fue otorgada.<\/p>\n\n\n\n<p class=\"wp-block-paragraph\"><strong>Importante:<\/strong>&nbsp;los chicos deben contar con apto m\u00e9dico vigente para el per\u00edodo de la colonia. En lo posible, acompa\u00f1ar el apto m\u00e9dico con un electrocardiograma informado (no excluyente para comenzar la colonia). Los horarios de los consultorios en los polideportivos durante el mes de noviembre se pueden consultar en la p\u00e1gina web.<\/p>\n\n\n\n<p class=\"wp-block-paragraph\">Por consultas, escrib\u00ed a:&nbsp;<a href=\"mailto:inscripcion.deportes@vicentelopez.gov.ar\" target=\"_blank\" rel=\"noreferrer noopener\">inscripcion.deportes@<wbr>vicentelopez.gov.ar<\/a><\/p>","protected":false},"excerpt":{"rendered":"<p>Del 2 al 31 de enero y del 3 al 14 de febrero, invitamos a los vecinos a participar de las Colonias de Verano 2025. Los chicos de 3 a 12 a\u00f1os de Vicente L\u00f3pez, van a poder disfrutar de actividades deportivas, educativas y recreativas en los diferentes polideportivos del municipio. Las colonias se realizar\u00e1n [&hellip;]<\/p>\n","protected":false},"author":9,"featured_media":0,"comment_status":"open","ping_status":"open","sticky":false,"template":"","format":"standard","meta":{"site-sidebar-layout":"default","site-content-layout":"","ast-site-content-layout":"default","site-content-style":"default","site-sidebar-style":"default","ast-global-header-display":"","ast-banner-title-visibility":"","ast-main-header-display":"","ast-hfb-above-header-display":"","ast-hfb-below-header-display":"","ast-hfb-mobile-header-display":"","site-post-title":"","ast-breadcrumbs-content":"","ast-featured-img":"","footer-sml-layout":"","ast-disable-related-posts":"","theme-transparent-header-meta":"","adv-header-id-meta":"","stick-header-meta":"","header-above-stick-meta":"","header-main-stick-meta":"","header-below-stick-meta":"","astra-migrate-meta-layouts":"default","ast-page-background-enabled":"default","ast-page-background-meta":{"desktop":{"background-color":"","background-image":"","background-repeat":"repeat","background-position":"center center","background-size":"auto","background-attachment":"scroll","background-type":"","background-media":"","overlay-type":"","overlay-color":"","overlay-opacity":"","overlay-gradient":""},"tablet":{"background-color":"","background-image":"","background-repeat":"repeat","background-position":"center center","background-size":"auto","background-attachment":"scroll","background-type":"","background-media":"","overlay-type":"","overlay-color":"","overlay-opacity":"","overlay-gradient":""},"mobile":{"background-color":"","background-image":"","background-repeat":"repeat","background-position":"center center","background-size":"auto","background-attachment":"scroll","background-type":"","background-media":"","overlay-type":"","overlay-color":"","overlay-opacity":"","overlay-gradient":""}},"ast-content-background-meta":{"desktop":{"background-color":"var(--ast-global-color-5)","background-image":"","background-repeat":"repeat","background-position":"center center","background-size":"auto","background-attachment":"scroll","background-type":"","background-media":"","overlay-type":"","overlay-color":"","overlay-opacity":"","overlay-gradient":""},"tablet":{"background-color":"var(--ast-global-color-5)","background-image":"","background-repeat":"repeat","background-position":"center center","background-size":"auto","background-attachment":"scroll","background-type":"","background-media":"","overlay-type":"","overlay-color":"","overlay-opacity":"","overlay-gradient":""},"mobile":{"background-color":"var(--ast-global-color-5)","background-image":"","background-repeat":"repeat","background-position":"center center","background-size":"auto","background-attachment":"scroll","background-type":"","background-media":"","overlay-type":"","overlay-color":"","overlay-opacity":"","overlay-gradient":""}},"footnotes":""},"categories":[5],"tags":[],"class_list":["post-111455","post","type-post","status-publish","format-standard","hentry","category-municipios"],"spectra_blocks_featured_image_url":null,"spectra_blocks_author_info":{"display_name":"Jorge Alfredo Baret","avatar_url":"https:\/\/secure.gravatar.com\/avatar\/31696f5ca83439b642450ec7d3f82f98451a5efacb414343d5478c982b337f26?s=96&d=mm&r=g","author_link":"https:\/\/100xd.com.ar\/es\/author\/jorge\/","description":"Ingeniero Qu\u00edmico UTN - Director Apoderado de Comunicaciones Auditadas SA. Editor Responsable 100xd.com.ar."},"_links":{"self":[{"href":"https:\/\/100xd.com.ar\/es\/wp-json\/wp\/v2\/posts\/111455","targetHints":{"allow":["GET"]}}],"collection":[{"href":"https:\/\/100xd.com.ar\/es\/wp-json\/wp\/v2\/posts"}],"about":[{"href":"https:\/\/100xd.com.ar\/es\/wp-json\/wp\/v2\/types\/post"}],"author":[{"embeddable":true,"href":"https:\/\/100xd.com.ar\/es\/wp-json\/wp\/v2\/users\/9"}],"replies":[{"embeddable":true,"href":"https:\/\/100xd.com.ar\/es\/wp-json\/wp\/v2\/comments?post=111455"}],"version-history":[{"count":1,"href":"https:\/\/100xd.com.ar\/es\/wp-json\/wp\/v2\/posts\/111455\/revisions"}],"predecessor-version":[{"id":111457,"href":"https:\/\/100xd.com.ar\/es\/wp-json\/wp\/v2\/posts\/111455\/revisions\/111457"}],"wp:attachment":[{"href":"https:\/\/100xd.com.ar\/es\/wp-json\/wp\/v2\/media?parent=111455"}],"wp:term":[{"taxonomy":"category","embeddable":true,"href":"https:\/\/100xd.com.ar\/es\/wp-json\/wp\/v2\/categories?post=111455"},{"taxonomy":"post_tag","embeddable":true,"href":"https:\/\/100xd.com.ar\/es\/wp-json\/wp\/v2\/tags?post=111455"}],"curies":[{"name":"wp","href":"https:\/\/api.w.org\/{rel}","templated":true}]}}