{"id":111211,"date":"2024-11-27T11:05:21","date_gmt":"2024-11-27T14:05:21","guid":{"rendered":"https:\/\/100xd.com.ar\/?p=111211"},"modified":"2024-11-27T11:05:21","modified_gmt":"2024-11-27T14:05:21","slug":"guillermo-francos-en-el-congreso-desarmamos-un-estado-elefantiasico-corrupto","status":"publish","type":"post","link":"https:\/\/100xd.com.ar\/es\/guillermo-francos-en-el-congreso-desarmamos-un-estado-elefantiasico-corrupto\/","title":{"rendered":"Guillermo Francos, en el Congreso: &#8220;Desarmamos un Estado elefanti\u00e1sico, corrupto&#8221;"},"content":{"rendered":"<p class=\"wp-block-paragraph\">El jefe de Gabinete,&nbsp;<strong>Guillermo Francos<\/strong>, se presenta este mi\u00e9rcoles 27 de noviembre ante el Senado para dar su informe de gesti\u00f3n, cumpliendo con el art\u00edculo 101 de la Constituci\u00f3n Nacional. Este encuentro, programado para las 10 de la ma\u00f1ana, llega en un contexto complicado debido a las discrepancias visibles entre el presidente&nbsp;<strong>Javier Milei<\/strong>&nbsp;y la vicepresidenta&nbsp;<a target=\"_blank\" href=\"https:\/\/www.perfil.com\/noticias\/actualidad\/vichacruel-la-interna-libertaria-que-sacude-a-la-cupula-del-oficialismo.phtml\" rel=\"noreferrer noopener\"><strong>Victoria Villarruel<\/strong><\/a>.<\/p>\n\n\n\n<h2 class=\"wp-block-heading\"><strong>10,48 &#8220;Estamos dando una batalla dentro del Estado para controlar el gasto p\u00fablico y hacerlo m\u00e1s eficiente&#8221;&nbsp;<\/strong><\/h2>\n\n\n\n<p class=\"wp-block-paragraph\">&#8220;Este esfuerzo por tener un Estado m\u00e1s chico, transparente y eficiente nos permiti\u00f3 reducir el gasto p\u00fablico un 7% y recuperar el super\u00e1vit fiscal perdido sin necesidad de emisi\u00f3n.&nbsp;Terminamos nuestro primer a\u00f1o de gesti\u00f3n con claras se\u00f1ales de recuperaci\u00f3n y estabilizaci\u00f3n econ\u00f3mica&#8221;.&nbsp;<\/p>\n\n\n\n<p class=\"wp-block-paragraph\">&#8220;Lo que hemos logrado en materia de inflaci\u00f3n es impresionante: de un \u00edndice insostenible de 1% diario llegamos a octubre con una cifra que, por primera vez desde 2021, perfora el piso del 3% y se ubic\u00f3 en 2.7%.&nbsp;Desde el 7 de diciembre pasado hasta finales de noviembre de 2024, se incrementaron las reservas en casi 10 mil millones de d\u00f3lares. En los primeros d\u00edas de noviembre, las reservas brutas superaron los 30.000 millones de d\u00f3lares, con un crecimiento &#8211; s\u00f3lo para las primeras tres semanas del mes &#8211; de 2.256 millones de d\u00f3lares&#8221;.&nbsp;Esto no les gusta a los autoritariosEl ejercicio del periodismo profesional y cr\u00edtico es un pilar fundamental de la democracia. Por eso molesta a quienes creen ser los due\u00f1os de la verdad.Hoy m\u00e1s que nunca<a href=\"https:\/\/mi.perfil.com\/\">Suscribite<\/a><\/p>\n\n\n\n<p class=\"wp-block-paragraph\">&#8220;Vimos una ca\u00edda hist\u00f3rica del Riesgo Pa\u00eds. A inicios de noviembre, este indicador alcanz\u00f3 los niveles m\u00e1s bajos de los \u00faltimos cinco a\u00f1os y perfor\u00f3 el piso de los 800 puntos, ubic\u00e1ndose en 746.&nbsp;Nuestra pol\u00edtica de equilibrio fiscal nos permite mirar hacia el futuro.&nbsp;En los \u00faltimos meses, comenzamos a ver una clara recuperaci\u00f3n de la actividad econ\u00f3mica.&nbsp;En materia de exportaciones, en octubre estas crecieron un 30% con respecto al mismo mes del a\u00f1o pasado, y las importaciones lo hicieron en un 4,9%. La balanza comercial arroj\u00f3 un super\u00e1vit de 888 millones de d\u00f3lares, manteniendo la tendencia positiva iniciada en diciembre de 2023&#8221;.<\/p>\n\n\n\n<p class=\"wp-block-paragraph\">&#8220;En cuanto a la industria, en septiembre la actividad creci\u00f3 un 2,6% en la comparaci\u00f3n desestacionalizada respecto al mes anterior; y en agosto registr\u00f3, a su vez, un aumento del 1.8% en relaci\u00f3n con julio. Estos datos tienden a su vez un correlato claro con el uso de la capacidad instalada, que en septiembre registr\u00f3 la mejor cifra del a\u00f1o con 62,4%, lo que represent\u00f3 un crecimiento de 1,1% respecto a agosto&#8221;.<\/p>\n\n\n\n<p class=\"wp-block-paragraph\">&#8220;En materia de ingresos, durante los primeros nueve meses de 2024, el promedio general de aumento de salarios, seg\u00fan el INDEC fue de 119,2%; 17,6 puntos porcentuales por encima de la inflaci\u00f3n acumulada en ese mismo per\u00edodo&#8221;.<\/p>\n\n\n\n<h2 class=\"wp-block-heading\"><strong>10,42 Las palabras del jefe de Gabinete<\/strong><\/h2>\n\n\n\n<p class=\"wp-block-paragraph\">Antes de responder las 1100 preguntas que le formularon los legisladores, el jefe de Gabiente,&nbsp;<strong>Guillermo Francos, sostuvo<\/strong>&nbsp;que: &#8220;Nos acercamos a nuestro primer a\u00f1o de gobierno, marcado por decisiones firmes, transformaciones profundas y mucha gesti\u00f3n, que orientaron a la Argentina hacia un futuro de crecimiento, desarrollo y libertad.&nbsp;Gracias a las gestiones del ministro Caputo y todo su equipo, logramos ordenar la situaci\u00f3n macroecon\u00f3mica y establecer las bases firmes para el crecimiento y el desarrollo de la Argentina.&nbsp;Con convicciones firmes y sin dar el brazo a torcer, desarmamos un Estado elefanti\u00e1sico, corrupto, que durante muchos a\u00f1os fue una m\u00e1quina de impedir que asfixi\u00f3 a quienes trabajan, invierten, apuestan por el pa\u00eds y sue\u00f1an con desarrollar su proyecto de vida en libertad&#8221;.https:\/\/www.youtube.com\/embed\/QYBZBAmURJA<\/p>\n\n\n\n<p class=\"wp-block-paragraph\">Ser\u00e1 la&nbsp;segunda presentaci\u00f3n de Francos ante el Congreso y su primera en el Senado, tras haber realizado una exposici\u00f3n el pasado 4 de septiembre en la C\u00e1mara de Diputados. En tanto, el \u00faltimo informe en la C\u00e1mara alta hab\u00eda estado a cargo de&nbsp;<strong>Nicol\u00e1s Posse<\/strong>, quien asumi\u00f3 el rol de jefe de Gabinete antes de Francos, el 15 de mayo. De esta manera, el 2024 culminar\u00e1 con un total de tres sesiones informativas bajo el mando del actual gobierno libertario.<\/p>\n\n\n\n<p class=\"wp-block-paragraph\"><a target=\"_blank\" href=\"https:\/\/www.perfil.com\/noticias\/canal-e\/ruptura-total-entre-javier-milei-y-victoria-villarruel-milei-esta-siguiendo-la-tradicion-de-la-casta-politica.phtml\" rel=\"noreferrer noopener\"><strong>Ruptura total entre Javier Milei y Victoria Villarruel: \u201cMilei est\u00e1 siguiendo la tradici\u00f3n de la casta pol\u00edtica\u201d | Canal E<\/strong><\/a><\/p>\n\n\n\n<p class=\"wp-block-paragraph\">Los senadores tuvieron hasta el 23 de octubre para remitir m\u00e1s de mil preguntas escritas a la Jefatura de Gabinete. En un principio eran 1.500, pero descartando las repetidas,<strong>&nbsp;el n\u00famero final qued\u00f3 en 1.100,<\/strong>&nbsp;una cifra significativamente menor a las 2.135 consultas que enfrent\u00f3 en la C\u00e1mara de Diputados en septiembre. Las respuestas a estas consultas ya fueron distribuidas en los despachos correspondientes, marcando el inicio de un debate que se anticipa cargado de an\u00e1lisis y cuestionamientos.<\/p>\n\n\n\n<p class=\"wp-block-paragraph\">Francos ya respondi\u00f3 por escrito&nbsp;<strong>1093 preguntas,<\/strong>&nbsp;seg\u00fan adelantaron fuentes del Senado. Algunas fuerosn sobre&nbsp;motosierra, Aerol\u00edneas Argentinas, Santiago Caputo y el financiamiento de las universidades. Durante la exposici\u00f3n habr\u00e1 lugar para las aclaraciones.<\/p>\n\n\n\n<figure data-spectra-id=\"spectra-204c5927-676c-45dd-9c5b-8677701b1819\" class=\"wp-block-image\"><img decoding=\"async\" src=\"https:\/\/fotos.perfil.com\/\/\/2024\/11\/24\/900\/0\/24112024senadovictoriavillarruelnag-1917603.jpg\" alt=\"Victoria Villarruel\" title=\"Guillermo Francos, en el Congreso: &quot;Desarmamos un Estado elefanti\u00e1sico, corrupto&quot;\" \/><figcaption>Victoria Villarruel.<\/figcaption><\/figure>\n\n\n\n<p class=\"wp-block-paragraph\">Esta comparecencia, que alterna entre las c\u00e1maras legislativas seg\u00fan la Constituci\u00f3n, se desarrolla bajo la mirada de la vicepresidenta, quien preside el Senado. Esto a\u00f1ade un matiz pol\u00edtico relevante, considerando la relaci\u00f3n tensa entre Villarruel y Milei.<\/p>\n\n\n\n<p class=\"wp-block-paragraph\">La semana pasada, durante una entrevista para LN+, el Presidente afirm\u00f3 que<strong>&nbsp;Villarruel \u201c<\/strong><a target=\"_blank\" href=\"https:\/\/www.perfil.com\/noticias\/canal-e\/ruptura-total-entre-javier-milei-y-victoria-villarruel-milei-esta-siguiendo-la-tradicion-de-la-casta-politica.phtml\" rel=\"noreferrer noopener\"><strong>no participa de las decisiones del Gobierno ni de las reuniones de Gabinete<\/strong><\/a><strong>\u201d<\/strong>. Francos confirm\u00f3 que la comunicaci\u00f3n con Villarruel est\u00e1 limitada a los ministros, reforzando la percepci\u00f3n de un&nbsp;<strong>quiebre en el di\u00e1logo interno.<\/strong><\/p>\n\n\n\n<p class=\"wp-block-paragraph\"><a target=\"_blank\" href=\"https:\/\/www.perfil.com\/noticias\/actualidad\/vichacruel-la-interna-libertaria-que-sacude-a-la-cupula-del-oficialismo.phtml\" rel=\"noreferrer noopener\"><strong>Villarruel prefiri\u00f3 re\u00edrse de los ataques de Lemoine: &#8220;Me da mucha gracia que me llamen Bichacruel&#8221; | Perfil<\/strong><\/a><\/p>\n\n\n\n<p class=\"wp-block-paragraph\">Paralelamente, el Gobierno eval\u00faa&nbsp;<strong>convocar a sesiones extraordinarias para abordar proyectos pendientes<\/strong>, entre ellos, el Presupuesto 2025. El Senado, como representante de las provincias, podr\u00eda recibir presiones de los gobernadores para que estos temas se traten antes del receso de verano. Sin embargo, a\u00fan no hay compromisos concretos desde la Casa Rosada, aunque han surgido rumores de negociaciones individuales con gobernadores, una t\u00e1ctica que ha permitido al oficialismo sortear obst\u00e1culos en Diputados.<\/p>\n\n\n\n<p class=\"wp-block-paragraph\">A pesar del reclamo de gobernadores, corren rumores de que el oficialismo prefiere prorrogar por segunda vez el presupuesto 2023 para manejar los fondos discrecionalmente. El Senado tambi\u00e9n ten\u00eda previsto debatir la ley antimafias, una pieza central de la agenda de seguridad de la cartera de Patricia Bullrich, junto a otros temas pendientes.<\/p>\n\n\n\n<p class=\"wp-block-paragraph\">Fuente: <a href=\"https:\/\/www.perfil.com\/\">Perfil.com<\/a><\/p>","protected":false},"excerpt":{"rendered":"<p>El jefe de Gabinete,&nbsp;Guillermo Francos, se presenta este mi\u00e9rcoles 27 de noviembre ante el Senado para dar su informe de gesti\u00f3n, cumpliendo con el art\u00edculo 101 de la Constituci\u00f3n Nacional. Este encuentro, programado para las 10 de la ma\u00f1ana, llega en un contexto complicado debido a las discrepancias visibles entre el presidente&nbsp;Javier Milei&nbsp;y la vicepresidenta&nbsp;Victoria [&hellip;]<\/p>\n","protected":false},"author":9,"featured_media":0,"comment_status":"open","ping_status":"open","sticky":false,"template":"","format":"standard","meta":{"site-sidebar-layout":"default","site-content-layout":"","ast-site-content-layout":"default","site-content-style":"default","site-sidebar-style":"default","ast-global-header-display":"","ast-banner-title-visibility":"","ast-main-header-display":"","ast-hfb-above-header-display":"","ast-hfb-below-header-display":"","ast-hfb-mobile-header-display":"","site-post-title":"","ast-breadcrumbs-content":"","ast-featured-img":"","footer-sml-layout":"","ast-disable-related-posts":"","theme-transparent-header-meta":"","adv-header-id-meta":"","stick-header-meta":"","header-above-stick-meta":"","header-main-stick-meta":"","header-below-stick-meta":"","astra-migrate-meta-layouts":"default","ast-page-background-enabled":"default","ast-page-background-meta":{"desktop":{"background-color":"","background-image":"","background-repeat":"repeat","background-position":"center center","background-size":"auto","background-attachment":"scroll","background-type":"","background-media":"","overlay-type":"","overlay-color":"","overlay-opacity":"","overlay-gradient":""},"tablet":{"background-color":"","background-image":"","background-repeat":"repeat","background-position":"center center","background-size":"auto","background-attachment":"scroll","background-type":"","background-media":"","overlay-type":"","overlay-color":"","overlay-opacity":"","overlay-gradient":""},"mobile":{"background-color":"","background-image":"","background-repeat":"repeat","background-position":"center center","background-size":"auto","background-attachment":"scroll","background-type":"","background-media":"","overlay-type":"","overlay-color":"","overlay-opacity":"","overlay-gradient":""}},"ast-content-background-meta":{"desktop":{"background-color":"var(--ast-global-color-5)","background-image":"","background-repeat":"repeat","background-position":"center center","background-size":"auto","background-attachment":"scroll","background-type":"","background-media":"","overlay-type":"","overlay-color":"","overlay-opacity":"","overlay-gradient":""},"tablet":{"background-color":"var(--ast-global-color-5)","background-image":"","background-repeat":"repeat","background-position":"center center","background-size":"auto","background-attachment":"scroll","background-type":"","background-media":"","overlay-type":"","overlay-color":"","overlay-opacity":"","overlay-gradient":""},"mobile":{"background-color":"var(--ast-global-color-5)","background-image":"","background-repeat":"repeat","background-position":"center center","background-size":"auto","background-attachment":"scroll","background-type":"","background-media":"","overlay-type":"","overlay-color":"","overlay-opacity":"","overlay-gradient":""}},"footnotes":""},"categories":[25],"tags":[],"class_list":["post-111211","post","type-post","status-publish","format-standard","hentry","category-destacado"],"spectra_blocks_featured_image_url":null,"spectra_blocks_author_info":{"display_name":"Jorge Alfredo Baret","avatar_url":"https:\/\/secure.gravatar.com\/avatar\/31696f5ca83439b642450ec7d3f82f98451a5efacb414343d5478c982b337f26?s=96&d=mm&r=g","author_link":"https:\/\/100xd.com.ar\/es\/author\/jorge\/","description":"Ingeniero Qu\u00edmico UTN - Director Apoderado de Comunicaciones Auditadas SA. Editor Responsable 100xd.com.ar."},"_links":{"self":[{"href":"https:\/\/100xd.com.ar\/es\/wp-json\/wp\/v2\/posts\/111211","targetHints":{"allow":["GET"]}}],"collection":[{"href":"https:\/\/100xd.com.ar\/es\/wp-json\/wp\/v2\/posts"}],"about":[{"href":"https:\/\/100xd.com.ar\/es\/wp-json\/wp\/v2\/types\/post"}],"author":[{"embeddable":true,"href":"https:\/\/100xd.com.ar\/es\/wp-json\/wp\/v2\/users\/9"}],"replies":[{"embeddable":true,"href":"https:\/\/100xd.com.ar\/es\/wp-json\/wp\/v2\/comments?post=111211"}],"version-history":[{"count":1,"href":"https:\/\/100xd.com.ar\/es\/wp-json\/wp\/v2\/posts\/111211\/revisions"}],"predecessor-version":[{"id":111213,"href":"https:\/\/100xd.com.ar\/es\/wp-json\/wp\/v2\/posts\/111211\/revisions\/111213"}],"wp:attachment":[{"href":"https:\/\/100xd.com.ar\/es\/wp-json\/wp\/v2\/media?parent=111211"}],"wp:term":[{"taxonomy":"category","embeddable":true,"href":"https:\/\/100xd.com.ar\/es\/wp-json\/wp\/v2\/categories?post=111211"},{"taxonomy":"post_tag","embeddable":true,"href":"https:\/\/100xd.com.ar\/es\/wp-json\/wp\/v2\/tags?post=111211"}],"curies":[{"name":"wp","href":"https:\/\/api.w.org\/{rel}","templated":true}]}}