{"id":109585,"date":"2024-10-19T11:12:46","date_gmt":"2024-10-19T14:12:46","guid":{"rendered":"https:\/\/100xd.com.ar\/?p=109585"},"modified":"2024-10-19T11:12:46","modified_gmt":"2024-10-19T14:12:46","slug":"sonar-con-una-familia","status":"publish","type":"post","link":"https:\/\/100xd.com.ar\/es\/sonar-con-una-familia\/","title":{"rendered":"So\u00f1ar con una familia"},"content":{"rendered":"<p class=\"wp-block-paragraph\">Mediante la instituci\u00f3n de la adopci\u00f3n se busca que ni\u00f1os y adolescentes que carecen de cuidados parentales&nbsp;<mark>accedan al derecho que los asiste de vivir en una familia.<\/mark>&nbsp;No se trata de buscar el mejor ni\u00f1o para parejas que no pueden gestar, sino de encontrar la mejor familia para ni\u00f1os abandonados.<\/p>\n\n\n\n<p class=\"wp-block-paragraph\">Transitar un proceso de adopci\u00f3n implica pasar un per\u00edodo m\u00ednimo de seis meses de convivencia entre la familia y el o los menores, conocido como guarda, previo a la sentencia de adopci\u00f3n definitiva. No hay estad\u00edsticas sistematizadas, pero reportes a nivel nacional realizados por jueces registran por lo menos&nbsp;<mark>unos 50 procesos interrumpidos desde 2016.<\/mark>&nbsp;Esto es m\u00e1s que un simple n\u00famero cuando se trata de 50 chicos que debieron regresar, con todo lo que ello implica, a espacios de cuidado alternativo. En&nbsp;<a href=\"https:\/\/www.aldeasinfantiles.org.ar\/\" rel=\"noreferrer noopener\" target=\"_blank\">Aldeas Infantiles SOS Argentina<\/a>&nbsp;destacan que estas dolorosas situaciones son m\u00e1s frecuentes de lo que se piensa y que muchas veces los involucrados&nbsp;<mark>no dimensionan sus implicancias.<\/mark><\/p>\n\n\n\n<figure data-spectra-id=\"spectra-48f3b7f6-de40-4e75-8a58-2630e7fa296c\" class=\"wp-block-image\"><img decoding=\"async\" src=\"https:\/\/resizer.glanacion.com\/resizer\/v2\/YZX7BIZSVZHDNM4TASJUT7IS3E.jpg?auth=1690582072d0e69aa18ecac5fc8b02a1e9ef9a4f4d12b731eb168ab05c8fbaab&amp;width=420&amp;height=280&amp;quality=70&amp;smart=true\" alt=\"YZX7BIZSVZHDNM4TASJUT7IS3E\" title=\"So\u00f1ar con una familia\" \/><\/figure>\n\n\n\n<p class=\"wp-block-paragraph\">Si bien en estos casos se habla de una realidad multicausal, se considera el mal funcionamiento del sistema de protecci\u00f3n a lo largo de todo el proceso adoptivo como la principal raz\u00f3n.&nbsp;<mark>Muchos adultos priorizan su deseo de ser padres y no atienden debidamente los derechos del ni\u00f1o, que son los que deben primar<\/mark>. Por lo general, son ni\u00f1os que ya han transitado algunos a\u00f1os de vida en situaciones muchas veces dif\u00edciles con sus familias de sangre que los marcar\u00e1n para siempre, pero que no por ello los vuelven menos merecedores del amor de una familia adoptiva; muy por el contrario.<\/p>\n\n\n\n<p class=\"wp-block-paragraph\">Cuando las expectativas y sentimientos de los ni\u00f1os est\u00e1n en juego, es imperioso que los candidatos a adoptar se informen debidamente, se preparen y capaciten para recibirlos en las mejores condiciones. No asumir con la debida madurez y seriedad tan delicado desaf\u00edo puede conducir a situaciones indeseadas. La importancia del acompa\u00f1amiento psicol\u00f3gico a lo largo del proceso de vinculaci\u00f3n y conocimiento es tambi\u00e9n clave para ambas partes.<\/p>\n\n\n\n<p class=\"wp-block-paragraph\">Cuando se instala el rechazo o el desencuentro, afrontar que las ilusiones construidas a lo largo del tiempo puedan evaporarse s\u00fabitamente, activando el sufrimiento y la frustraci\u00f3n, es fundante para muchos.<mark>&nbsp;Truncar un proceso de esta naturaleza no deber\u00eda ser nunca una alternativa.<\/mark><\/p>\n\n\n\n<p class=\"wp-block-paragraph\">Sin embargo, hay padres que optan por interrumpir una vinculaci\u00f3n con argumentos inconcebibles para quienes se supone que deben comprender en su verdadera dimensi\u00f3n y con madurez el reto que enfrentan. No es lo que imagin\u00e1bamos. Fulano o Fulana no me obedece, se porta mal, tiene conductas o comportamientos complicados. Con argumentos de este tipo se registran devoluciones al hogar de protecci\u00f3n como si solo se tratara de paquetes. Incluso en adopciones m\u00faltiples ha habido adoptantes que han pretendido quedarse solo con uno de dos hermanos, como si esto fuera posible.<\/p>\n\n\n\n<p class=\"wp-block-paragraph\">\u00bf<mark>D\u00f3nde queda el derecho a vivir en familia de estos menores<\/mark>? Hay ni\u00f1os cuya historia de vida los vuelve candidatos a sufrir reiteradamente procesos excluyentes. Muchos se oponen luego a intentarlo de nuevo; quebrados por una experiencia dolorosa m\u00e1s en sus cortas vidas, renuncian a encontrar el c\u00e1lido y amoroso amparo de un hogar familiar.<\/p>\n\n\n\n<p class=\"wp-block-paragraph\">Fuentes del&nbsp;<strong>Registro \u00danico de Aspirantes a Guarda con Fines Adoptivos<\/strong>&nbsp;(Ruaga) explican que los postulantes que desistan ser\u00e1n revaluados para determinar si deben o no seguir en la n\u00f3mina de inscriptos.<\/p>\n\n\n\n<p class=\"wp-block-paragraph\">La adopci\u00f3n constituye una prueba de generosidad que requiere formaci\u00f3n, preparaci\u00f3n y acompa\u00f1amiento. Se impone una mayor presencia de equipos t\u00e9cnicos en los registros y en los juzgados, as\u00ed como una mayor participaci\u00f3n de los involucrados a fin de garantizar que la familia sea la adecuada para las necesidades del ni\u00f1o. En tan delicada materia, reducir el margen de error cambia vidas.<\/p>\n\n\n\n<p class=\"wp-block-paragraph\">Fuente: <a href=\"https:\/\/www.lanacion.com.ar\/\">La Naci\u00f3n<\/a><\/p>","protected":false},"excerpt":{"rendered":"<p>Mediante la instituci\u00f3n de la adopci\u00f3n se busca que ni\u00f1os y adolescentes que carecen de cuidados parentales&nbsp;accedan al derecho que los asiste de vivir en una familia.&nbsp;No se trata de buscar el mejor ni\u00f1o para parejas que no pueden gestar, sino de encontrar la mejor familia para ni\u00f1os abandonados. Transitar un proceso de adopci\u00f3n implica [&hellip;]<\/p>\n","protected":false},"author":9,"featured_media":0,"comment_status":"open","ping_status":"open","sticky":false,"template":"","format":"standard","meta":{"site-sidebar-layout":"default","site-content-layout":"","ast-site-content-layout":"default","site-content-style":"default","site-sidebar-style":"default","ast-global-header-display":"","ast-banner-title-visibility":"","ast-main-header-display":"","ast-hfb-above-header-display":"","ast-hfb-below-header-display":"","ast-hfb-mobile-header-display":"","site-post-title":"","ast-breadcrumbs-content":"","ast-featured-img":"","footer-sml-layout":"","ast-disable-related-posts":"","theme-transparent-header-meta":"","adv-header-id-meta":"","stick-header-meta":"","header-above-stick-meta":"","header-main-stick-meta":"","header-below-stick-meta":"","astra-migrate-meta-layouts":"default","ast-page-background-enabled":"default","ast-page-background-meta":{"desktop":{"background-color":"","background-image":"","background-repeat":"repeat","background-position":"center center","background-size":"auto","background-attachment":"scroll","background-type":"","background-media":"","overlay-type":"","overlay-color":"","overlay-opacity":"","overlay-gradient":""},"tablet":{"background-color":"","background-image":"","background-repeat":"repeat","background-position":"center center","background-size":"auto","background-attachment":"scroll","background-type":"","background-media":"","overlay-type":"","overlay-color":"","overlay-opacity":"","overlay-gradient":""},"mobile":{"background-color":"","background-image":"","background-repeat":"repeat","background-position":"center center","background-size":"auto","background-attachment":"scroll","background-type":"","background-media":"","overlay-type":"","overlay-color":"","overlay-opacity":"","overlay-gradient":""}},"ast-content-background-meta":{"desktop":{"background-color":"var(--ast-global-color-5)","background-image":"","background-repeat":"repeat","background-position":"center center","background-size":"auto","background-attachment":"scroll","background-type":"","background-media":"","overlay-type":"","overlay-color":"","overlay-opacity":"","overlay-gradient":""},"tablet":{"background-color":"var(--ast-global-color-5)","background-image":"","background-repeat":"repeat","background-position":"center center","background-size":"auto","background-attachment":"scroll","background-type":"","background-media":"","overlay-type":"","overlay-color":"","overlay-opacity":"","overlay-gradient":""},"mobile":{"background-color":"var(--ast-global-color-5)","background-image":"","background-repeat":"repeat","background-position":"center center","background-size":"auto","background-attachment":"scroll","background-type":"","background-media":"","overlay-type":"","overlay-color":"","overlay-opacity":"","overlay-gradient":""}},"footnotes":""},"categories":[149],"tags":[],"class_list":["post-109585","post","type-post","status-publish","format-standard","hentry","category-entrevistas"],"spectra_blocks_featured_image_url":null,"spectra_blocks_author_info":{"display_name":"Jorge Alfredo Baret","avatar_url":"https:\/\/secure.gravatar.com\/avatar\/31696f5ca83439b642450ec7d3f82f98451a5efacb414343d5478c982b337f26?s=96&d=mm&r=g","author_link":"https:\/\/100xd.com.ar\/es\/author\/jorge\/","description":"Ingeniero Qu\u00edmico UTN - Director Apoderado de Comunicaciones Auditadas SA. Editor Responsable 100xd.com.ar."},"_links":{"self":[{"href":"https:\/\/100xd.com.ar\/es\/wp-json\/wp\/v2\/posts\/109585","targetHints":{"allow":["GET"]}}],"collection":[{"href":"https:\/\/100xd.com.ar\/es\/wp-json\/wp\/v2\/posts"}],"about":[{"href":"https:\/\/100xd.com.ar\/es\/wp-json\/wp\/v2\/types\/post"}],"author":[{"embeddable":true,"href":"https:\/\/100xd.com.ar\/es\/wp-json\/wp\/v2\/users\/9"}],"replies":[{"embeddable":true,"href":"https:\/\/100xd.com.ar\/es\/wp-json\/wp\/v2\/comments?post=109585"}],"version-history":[{"count":1,"href":"https:\/\/100xd.com.ar\/es\/wp-json\/wp\/v2\/posts\/109585\/revisions"}],"predecessor-version":[{"id":109587,"href":"https:\/\/100xd.com.ar\/es\/wp-json\/wp\/v2\/posts\/109585\/revisions\/109587"}],"wp:attachment":[{"href":"https:\/\/100xd.com.ar\/es\/wp-json\/wp\/v2\/media?parent=109585"}],"wp:term":[{"taxonomy":"category","embeddable":true,"href":"https:\/\/100xd.com.ar\/es\/wp-json\/wp\/v2\/categories?post=109585"},{"taxonomy":"post_tag","embeddable":true,"href":"https:\/\/100xd.com.ar\/es\/wp-json\/wp\/v2\/tags?post=109585"}],"curies":[{"name":"wp","href":"https:\/\/api.w.org\/{rel}","templated":true}]}}