{"id":10937,"date":"2015-09-28T10:59:40","date_gmt":"2015-09-28T13:59:40","guid":{"rendered":"http:\/\/www.100xd.com.ar\/?p=10937"},"modified":"2015-09-29T14:55:56","modified_gmt":"2015-09-29T17:55:56","slug":"critica-de-cine-eva-no-duerme","status":"publish","type":"post","link":"https:\/\/100xd.com.ar\/es\/critica-de-cine-eva-no-duerme\/","title":{"rendered":"Cr\u00edtica de cine: \u201cEva no duerme\u201d"},"content":{"rendered":"<p><a href=\"http:\/\/www.100xd.com.ar\/wp-content\/uploads\/2015\/08\/Lautaro-Cella.jpg\"><img loading=\"lazy\" decoding=\"async\" class=\"alignleft wp-image-7250 size-thumbnail\" src=\"http:\/\/www.100xd.com.ar\/wp-content\/uploads\/2015\/08\/Lautaro-Cella-150x150.jpg\" alt=\"Lautaro Cella\" width=\"150\" height=\"150\"  title=\"Cr\u00edtica de cine: \u201cEva no duerme\u201d\" \/><\/a><\/p>\n<p>&nbsp;<\/p>\n<p>&nbsp;<\/p>\n<p>&nbsp;<\/p>\n<p>&nbsp;<\/p>\n<p>&nbsp;<\/p>\n<p>Por Lautaro Cella especial para <a href=\"https:\/\/twitter.com\/100porD\" target=\"_blank\">100xd<\/a><\/p>\n<p>&nbsp;<\/p>\n<p><b>Ficha t\u00e9cnica <\/b><span style=\"font-weight: 400;\">Eva no duerme (Argentina, Espa\u00f1a, Francia, 2015)<\/span><\/p>\n<p><b>Direcci\u00f3n:<\/b><span style=\"font-weight: 400;\"> Pablo Ag\u00fcero<\/span><\/p>\n<p><b>Gui\u00f3n:<\/b><span style=\"font-weight: 400;\"> Pablo Ag\u00fcero <\/span><\/p>\n<p><b>Fotograf\u00eda:<\/b><span style=\"font-weight: 400;\"> Ivan Gierasinchuk<\/span><\/p>\n<p><b>Edici\u00f3n:<\/b><span style=\"font-weight: 400;\"> St\u00e9phane Elmadjian<\/span><\/p>\n<p><b>Elenco:<\/b><span style=\"font-weight: 400;\"> Gael Garc\u00eda Bernal, Denis Lavant, Daniel Fanego, Imanol Arias, Sof\u00eda Brito<\/span><\/p>\n<p><b>Duraci\u00f3n:<\/b><span style=\"font-weight: 400;\"> 85 minutos<\/span><\/p>\n<p><b>Mi opini\u00f3n: <\/b><span style=\"font-weight: 400;\">Buena<\/span><\/p>\n<p>&nbsp;<\/p>\n<p><span style=\"font-weight: 400;\">La nueva pel\u00edcula del argentino Pablo Ag\u00fcero, director de <\/span><i><span style=\"font-weight: 400;\">Salamandra<\/span><\/i><span style=\"font-weight: 400;\"> (2008) y <\/span><i><span style=\"font-weight: 400;\">77 Doronship<\/span><\/i><span style=\"font-weight: 400;\"> (2009), se present\u00f3 en la competencia oficial del 62 Festival de San Sebasti\u00e1n. La coproducci\u00f3n entre Argentina, Espa\u00f1a y Francia, aborda la historia del cuerpo de Eva Per\u00f3n desde su muerte en 1952 hasta su entierro 25 a\u00f1os m\u00e1s tarde en el Cementerio de la Recoleta. El fascinante tema recordar\u00e1 a muchos espectadores a la novela <\/span><i><span style=\"font-weight: 400;\">Santa Evita<\/span><\/i><span style=\"font-weight: 400;\"> de Tom\u00e1s Eloy Mart\u00ednez. <\/span><\/p>\n<p><span style=\"font-weight: 400;\">En la hipn\u00f3tica secuencia inicial, el excelente Gael Garc\u00eda Bernal (encarnando al dictador Emilio Eduardo Massera) camina hacia la c\u00e1mara silbando una marcha militar y fumando un cigarrillo. El \u00a0mexicano aparece s\u00f3lo en este breve pr\u00f3logo y en el ep\u00edlogo, ambos filmados con largos primeros planos. Son dos mon\u00f3logos en los que Massera muestra una obsesi\u00f3n por borrar a Evita de la memoria \u00a0(y se refiere a ella como \u201cesa yegua\u201d). Ag\u00fcero recurre efectivamente en varias ocasiones a im\u00e1genes de archivo; muestra, por ejemplo, discursos de Evita y su funeral, enfatizando el dolor del pueblo ante su fallecimiento.<\/span><\/p>\n<p><i><span style=\"font-weight: 400;\">Eva no duerme<\/span><\/i><span style=\"font-weight: 400;\"> se divide en tres partes: El Embalsamador, El Transportador y El Dictador. La primera se centra en el perturbador embalsamador Pedro Ara Sarria (el espa\u00f1ol Imanol Arias) y su trabajo sobre el cad\u00e1ver de Eva en el segundo piso de la CGT. La segunda, situada durante la Revoluci\u00f3n Libertadora, se enfoca en el Coronel Moori Ko\u00ebnig (el franc\u00e9s Denis Lavant, conocido por sus colaboraciones con L\u00e9os Carax), encargado de sacar el cuerpo de la CGT y trasladarlo sin dejar testigos. \u00a0La \u00faltima parte recrea el secuestro, \u201cjuicio popular\u201d y ejecuci\u00f3n del ex Presidente de facto Pedro Eugenio Aramburu (el argentino Daniel Fanego) por parte de Montoneros, que exig\u00eda la aparici\u00f3n del cuerpo de Evita. \u00a0<\/span><\/p>\n<p><span style=\"font-weight: 400;\">Los episodios son versiones ficticias de hechos hist\u00f3ricos, por lo que hay desfasajes hist\u00f3ricos y anacronismos. Por ejemplo, se lo muestra a Aramburu como una especie de profeta que anuncia a Montoneros los horrores que vendr\u00e1n con el Proceso. La pel\u00edcula no busca una representaci\u00f3n literal de los hechos, sino mostrar a Evita como s\u00edmbolo y como mito.<\/span><\/p>\n<p><i><span style=\"font-weight: 400;\">Eva no duerme<\/span><\/i><span style=\"font-weight: 400;\"> es una pel\u00edcula ambiciosa formalmente, con un estilo particular. Los tres episodios est\u00e1n filmados con c\u00e1mara fija y plano secuencial, lo que da un aire claustrof\u00f3bico. Se destacan el buen uso de las luces y de la m\u00fasica. Es una pel\u00edcula con un car\u00e1cter misterioso y on\u00edrico, con la figura de Eva siempre presente (m\u00e1s all\u00e1 de que su cuerpo embalsamado aparece poco). A algunos espectadores les puede resultar tedioso el ritmo narrativo y dif\u00edcil mantener el inter\u00e9s. Mas all\u00e1 de esto, para los argentinos el visionado de <\/span><i><span style=\"font-weight: 400;\">Eva no duerme<\/span><\/i><span style=\"font-weight: 400;\"> ser\u00e1 una experiencia disfrutable dada la cercan\u00eda y la vigencia de Eva Per\u00f3n, personaje que sin duda marc\u00f3 la historia de nuestro pa\u00eds en el siglo XX.<\/span><\/p>\n<p>&nbsp;<\/p>\n<p><iframe loading=\"lazy\" width=\"560\" height=\"315\" src=\"https:\/\/www.youtube.com\/embed\/sE6wIbyzyFo\" frameborder=\"0\" allowfullscreen><\/iframe><\/p>","protected":false},"excerpt":{"rendered":"<p>&nbsp; &nbsp; &nbsp; &nbsp; &nbsp; Por Lautaro Cella especial para 100xd &nbsp; Ficha t\u00e9cnica Eva no duerme (Argentina, Espa\u00f1a, Francia, 2015) Direcci\u00f3n: Pablo Ag\u00fcero Gui\u00f3n: Pablo Ag\u00fcero Fotograf\u00eda: Ivan Gierasinchuk Edici\u00f3n: St\u00e9phane Elmadjian Elenco: Gael Garc\u00eda Bernal, Denis Lavant, Daniel Fanego, Imanol Arias, Sof\u00eda Brito Duraci\u00f3n: 85 minutos Mi opini\u00f3n: Buena &nbsp; La nueva pel\u00edcula [&hellip;]<\/p>\n","protected":false},"author":4,"featured_media":0,"comment_status":"open","ping_status":"open","sticky":false,"template":"","format":"standard","meta":{"site-sidebar-layout":"default","site-content-layout":"","ast-site-content-layout":"default","site-content-style":"default","site-sidebar-style":"default","ast-global-header-display":"","ast-banner-title-visibility":"","ast-main-header-display":"","ast-hfb-above-header-display":"","ast-hfb-below-header-display":"","ast-hfb-mobile-header-display":"","site-post-title":"","ast-breadcrumbs-content":"","ast-featured-img":"","footer-sml-layout":"","ast-disable-related-posts":"","theme-transparent-header-meta":"","adv-header-id-meta":"","stick-header-meta":"","header-above-stick-meta":"","header-main-stick-meta":"","header-below-stick-meta":"","astra-migrate-meta-layouts":"default","ast-page-background-enabled":"default","ast-page-background-meta":{"desktop":{"background-color":"","background-image":"","background-repeat":"repeat","background-position":"center center","background-size":"auto","background-attachment":"scroll","background-type":"","background-media":"","overlay-type":"","overlay-color":"","overlay-opacity":"","overlay-gradient":""},"tablet":{"background-color":"","background-image":"","background-repeat":"repeat","background-position":"center center","background-size":"auto","background-attachment":"scroll","background-type":"","background-media":"","overlay-type":"","overlay-color":"","overlay-opacity":"","overlay-gradient":""},"mobile":{"background-color":"","background-image":"","background-repeat":"repeat","background-position":"center center","background-size":"auto","background-attachment":"scroll","background-type":"","background-media":"","overlay-type":"","overlay-color":"","overlay-opacity":"","overlay-gradient":""}},"ast-content-background-meta":{"desktop":{"background-color":"var(--ast-global-color-5)","background-image":"","background-repeat":"repeat","background-position":"center center","background-size":"auto","background-attachment":"scroll","background-type":"","background-media":"","overlay-type":"","overlay-color":"","overlay-opacity":"","overlay-gradient":""},"tablet":{"background-color":"var(--ast-global-color-5)","background-image":"","background-repeat":"repeat","background-position":"center center","background-size":"auto","background-attachment":"scroll","background-type":"","background-media":"","overlay-type":"","overlay-color":"","overlay-opacity":"","overlay-gradient":""},"mobile":{"background-color":"var(--ast-global-color-5)","background-image":"","background-repeat":"repeat","background-position":"center center","background-size":"auto","background-attachment":"scroll","background-type":"","background-media":"","overlay-type":"","overlay-color":"","overlay-opacity":"","overlay-gradient":""}},"footnotes":""},"categories":[641],"tags":[929,3101],"class_list":["post-10937","post","type-post","status-publish","format-standard","hentry","category-entretenimiento","tag-cine","tag-eva-no-duerme"],"spectra_blocks_featured_image_url":null,"spectra_blocks_author_info":{"display_name":"Facundo Novillo","avatar_url":"https:\/\/secure.gravatar.com\/avatar\/09745bc65ce6bf84291d6515d5f759c04b4fce4f329b8a975a8ac2982b552d3e?s=96&d=mm&r=g","author_link":"https:\/\/100xd.com.ar\/es\/author\/facundo\/","description":""},"_links":{"self":[{"href":"https:\/\/100xd.com.ar\/es\/wp-json\/wp\/v2\/posts\/10937","targetHints":{"allow":["GET"]}}],"collection":[{"href":"https:\/\/100xd.com.ar\/es\/wp-json\/wp\/v2\/posts"}],"about":[{"href":"https:\/\/100xd.com.ar\/es\/wp-json\/wp\/v2\/types\/post"}],"author":[{"embeddable":true,"href":"https:\/\/100xd.com.ar\/es\/wp-json\/wp\/v2\/users\/4"}],"replies":[{"embeddable":true,"href":"https:\/\/100xd.com.ar\/es\/wp-json\/wp\/v2\/comments?post=10937"}],"version-history":[{"count":2,"href":"https:\/\/100xd.com.ar\/es\/wp-json\/wp\/v2\/posts\/10937\/revisions"}],"predecessor-version":[{"id":10940,"href":"https:\/\/100xd.com.ar\/es\/wp-json\/wp\/v2\/posts\/10937\/revisions\/10940"}],"wp:attachment":[{"href":"https:\/\/100xd.com.ar\/es\/wp-json\/wp\/v2\/media?parent=10937"}],"wp:term":[{"taxonomy":"category","embeddable":true,"href":"https:\/\/100xd.com.ar\/es\/wp-json\/wp\/v2\/categories?post=10937"},{"taxonomy":"post_tag","embeddable":true,"href":"https:\/\/100xd.com.ar\/es\/wp-json\/wp\/v2\/tags?post=10937"}],"curies":[{"name":"wp","href":"https:\/\/api.w.org\/{rel}","templated":true}]}}