{"id":108855,"date":"2024-10-05T12:02:19","date_gmt":"2024-10-05T15:02:19","guid":{"rendered":"https:\/\/100xd.com.ar\/?p=108855"},"modified":"2024-10-05T12:02:19","modified_gmt":"2024-10-05T15:02:19","slug":"cohetes-lanzados-por-hezbollah-impactaron-en-edificios-residenciales-del-norte-de-israel","status":"publish","type":"post","link":"https:\/\/100xd.com.ar\/es\/cohetes-lanzados-por-hezbollah-impactaron-en-edificios-residenciales-del-norte-de-israel\/","title":{"rendered":"Cohetes lanzados por Hezbollah impactaron en edificios residenciales del norte de Israel"},"content":{"rendered":"\n<p class=\"wp-block-paragraph\">Las Fuerzas de Defensa de Israel (FDI) lanzaron un ataque contra una mezquita en<strong>&nbsp;Bint Jbeil<\/strong>, en el sur del L\u00edbano, asegurando que se trataba de un&nbsp;<strong>centro de mando<\/strong>&nbsp;utilizado por&nbsp;<strong>Hezbollah<\/strong>&nbsp;para planear ataques contra el territorio israel\u00ed.<\/p>\n\n\n\n<p class=\"wp-block-paragraph\">\u201c<strong>El centro de mando era utilizado por los terroristas de Hezbollah para planear y ejecutar atentados contra las tropas del Ej\u00e9rcito y el Estado de Israel<\/strong>\u201d, afirmaron las fuerzas armadas israel\u00edes en un comunicado.<\/p>\n\n\n\n<p class=\"wp-block-paragraph\">Las FDI indicaron que, antes del ataque, envi\u00f3 notificaciones a los residentes locales y mantuvo contactos con l\u00edderes de las aldeas cercanas para advertirles sobre las actividades terroristas de Hezbollah en la zona.<\/p>\n\n\n\n<p class=\"wp-block-paragraph\">\u201c<strong>Israel est\u00e1 haciendo grandes esfuerzos para evitar da\u00f1ar a civiles y sus infraestructuras, en contraste con la c\u00ednica estrategia de Hezbollah de utilizar mezquitas y hospitales para sus operaciones terroristas<\/strong>\u201d, subray\u00f3 un portavoz militar.<\/p>\n\n\n\n<p class=\"wp-block-paragraph\">Israel reafirm\u00f3 su compromiso de&nbsp;<strong>no atacar infraestructuras civiles<\/strong>, destacando que sus operaciones se enfocan en desmantelar las capacidades del grupo terrorista y evitar que la organizaci\u00f3n siga utilizando a la poblaci\u00f3n como escudo humano.<\/p>\n\n\n\n<p class=\"wp-block-paragraph\">\u201cLa utilizaci\u00f3n de hospitales y mezquitas como centros de operaciones no es nueva para Hezbollah. Nuestro deber es proteger a nuestros ciudadanos y garantizar la seguridad en la regi\u00f3n\u201d, puntualiz\u00f3 el portavoz israel\u00ed.<\/p>\n\n\n\n<p class=\"wp-block-paragraph\">A continuaci\u00f3n, la cobertura en vivo de los acontecimientos:<\/p>\n\n\n\n<h2 class=\"wp-block-heading\">En pocas l\u00edneas:<\/h2>\n\n\n\n<ul class=\"wp-block-list\"><li><a href=\"https:\/\/www.infobae.com\/america\/mundo\/2024\/10\/05\/en-vivo-el-ejercito-israeli-destruyo-un-centro-de-operaciones-de-hezbollah-ubicado-en-una-mezquita-en-el-sur-del-libano\/#israel-confirmo-que-abatio-a-un-segundo-alto-mando-de-hamas-este-sabado\">Israel confirm\u00f3 que abati\u00f3 a un segundo alto mando de Hamas este s\u00e1bado<\/a><\/li><li><a href=\"https:\/\/www.infobae.com\/america\/mundo\/2024\/10\/05\/en-vivo-el-ejercito-israeli-destruyo-un-centro-de-operaciones-de-hezbollah-ubicado-en-una-mezquita-en-el-sur-del-libano\/#israel-planea-una-respuesta-%22seria-y-significativa%22-al-ataque-con-misiles-balisticos-del-regimen-de-iran\">Israel planea una respuesta \u201cseria y significativa\u201d al ataque con misiles bal\u00edsticos del r\u00e9gimen de Ir\u00e1n<\/a><\/li><li><a href=\"https:\/\/www.infobae.com\/america\/mundo\/2024\/10\/05\/en-vivo-el-ejercito-israeli-destruyo-un-centro-de-operaciones-de-hezbollah-ubicado-en-una-mezquita-en-el-sur-del-libano\/#israel-dilata-su-ataque-a-iran-por-las-consecuencias-politicas-en-medio-oriente-y-la-situacion-economica-mundial\">Israel dilata su ataque a Ir\u00e1n por las consecuencias pol\u00edticas en Medio Oriente y la situaci\u00f3n econ\u00f3mica mundial<\/a><\/li><\/ul>\n\n\n\n<p class=\"wp-block-paragraph\">11:57&nbsp;hsHoy<a href=\"https:\/\/www.infobae.com\/america\/mundo\/2024\/10\/05\/israel-aseguro-que-los-ataques-aereos-sobre-beirut-tienen-como-objetivo-la-infraestructura-de-inteligencia-de-hezbollah\/\" rel=\"noreferrer noopener\" target=\"_blank\">Israel asegur\u00f3 que los ataques a\u00e9reos sobre Beirut tienen como objetivo la infraestructura de inteligencia de Hezbollah<\/a><\/p>\n\n\n\n<h3 class=\"wp-block-heading\">Las Fuerzas de Defensa indicaron que el foco est\u00e1 puesto en dep\u00f3sitos de armas, salas de mando y otras instalaciones del grupo terrorista liban\u00e9s<\/h3>\n\n\n\n<p class=\"wp-block-paragraph\">Israel bombardea sitios de inteligencia de Hezbollah en L\u00edbanohttps:\/\/imasdk.googleapis.com\/js\/core\/bridge3.670.0_es.html#goog_10349071740 seconds of 11 secondsVolume 90%&nbsp;Israel bombardea sitios de inteligencia de Hezbollah en L\u00edbano<\/p>\n\n\n\n<p class=\"wp-block-paragraph\">Las Fuerzas de Defensa de Israel (FDI) aseguraron este s\u00e1bado que&nbsp;<strong>los ataques a\u00e9reos sobre Beirut&nbsp;<\/strong>tienen como objetivo la&nbsp;<strong>infraestructura de inteligencia de Hezbollah<\/strong>.<a href=\"https:\/\/www.infobae.com\/america\/mundo\/2024\/10\/05\/israel-aseguro-que-los-ataques-aereos-sobre-beirut-tienen-como-objetivo-la-infraestructura-de-inteligencia-de-hezbollah\/\" target=\"_blank\" rel=\"noreferrer noopener\"><strong>Leer la nota completa<\/strong><\/a>11:30&nbsp;hsHoy<\/p>\n\n\n\n<h2 class=\"wp-block-heading\" id=\"el-ministro-de-petroleo-de-iran-aseguro-no-estar-preocupado-por-un-posible-ataque-israeli\">El ministro de Petr\u00f3leo de Ir\u00e1n asegur\u00f3 no estar preocupado por un posible ataque israel\u00ed<\/h2>\n\n\n\n<p class=\"wp-block-paragraph\">El ministro de Petr\u00f3leo de Ir\u00e1n,&nbsp;<strong>Mohsen Paknejad<\/strong>, asegur\u00f3 que&nbsp;<strong>no est\u00e1 preocupado ante un posible bombardeo israel\u00ed&nbsp;<\/strong>contra las instalaciones petroleras del pa\u00eds en represalia por el ataque con misiles de Ir\u00e1n contra Israel el martes.<\/p>\n\n\n\n<p class=\"wp-block-paragraph\">\u201c<strong>No nos preocupan las crisis que est\u00e1n creando los enemigos de la revoluci\u00f3n<\/strong>\u201d, afirm\u00f3 Paknejad en declaraciones a los periodistas en una visita a la ciudad de Asaluye, en la sure\u00f1a provincia de Bushehr, donde se encuentran gran parte de las refiner\u00edas y complejos petroleoqu\u00edmicos del pa\u00eds, seg\u00fan inform\u00f3 la agencia&nbsp;<em>Shana<\/em>.<\/p>\n\n\n\n<p class=\"wp-block-paragraph\">El ministro iran\u00ed de Petr\u00f3leo fue cuestionado al respecto ante una posible respuesta israel\u00ed a Ir\u00e1n, despu\u00e9s de que&nbsp;<strong>Teher\u00e1n atacara con unos 200 misiles bal\u00edsticos<\/strong>&nbsp;a Israel el martes, en represalia por la muerte del l\u00edder de Hezbollah del L\u00edbano, Hassan Narallah, del jefe pol\u00edtico de Hamas, Ismail Haniyeh, y de un comandante de la Guardia Revolucionaria iran\u00ed.<\/p>\n\n\n\n<p class=\"wp-block-paragraph\">El ministro iran\u00ed de Petr\u00f3leo dijo que esta visita es de \u201ctrabajo normal\u201d y se ha realizado con el fin de conocer los desaf\u00edos existentes en las instalaciones de la zona.10:59&nbsp;hsHoy<\/p>\n\n\n\n<h2 class=\"wp-block-heading\" id=\"emmanuel-macron-insto-a-detener-el-envio-de-armas-a-israel-para-su-uso-en-gaza\">Emmanuel Macron inst\u00f3 a detener el env\u00edo de armas a Israel para su uso en Gaza<\/h2>\n\n\n\n<p class=\"wp-block-paragraph\">El presidente franc\u00e9s,&nbsp;<strong>Emmanuel Macron<\/strong>, inst\u00f3 a&nbsp;<strong>detener el env\u00edo de armas a Israel<\/strong>, que ha sido criticado por la forma en que ha llevado a cabo su operaci\u00f3n de represalia en Gaza.<\/p>\n\n\n\n<p class=\"wp-block-paragraph\">\u201c<strong>Creo que hoy la prioridad es que volvamos a una soluci\u00f3n pol\u00edtica<\/strong>, que&nbsp;<strong>dejemos de enviar armas&nbsp;<\/strong>para combatir en Gaza\u201d, dijo Macron a la emisora&nbsp;<em>France Inter<\/em>, a\u00f1adiendo que Francia no estaba enviando armas a Israel.<img loading=\"lazy\" decoding=\"async\" alt=\"Emmanuel Macron, presidente de Francia (REUTERS\/Benoit Tessier)\" height=\"1841\" src=\"https:\/\/www.infobae.com\/resizer\/v2\/QZFOSWKVVL4YPTPV2NEXVKYB6Q.jpg?auth=2f6eba8da03819d70725021fbe92a2daae4ab57c7910e5abefc18761cc993c35&amp;smart=true&amp;width=350&amp;height=233&amp;quality=85\" width=\"2761\" title=\"Cohetes lanzados por Hezbollah impactaron en edificios residenciales del norte de Israel\">Emmanuel Macron, presidente de Francia (REUTERS\/Benoit Tessier)10:36&nbsp;hsHoy<\/p>\n\n\n\n<h2 class=\"wp-block-heading\" id=\"investigan-como-terrorismo-la-explosion-de-granadas-junto-a-embajada-israeli-en-dinamarca\">Investigan como terrorismo la explosi\u00f3n de granadas junto a embajada israel\u00ed en Dinamarca<\/h2>\n\n\n\n<p class=\"wp-block-paragraph\">La Polic\u00eda de Copenhague inform\u00f3 que<strong>&nbsp;investiga por terrorismo a los dos suecos detenidos por tenencia de armas y por estar relacionados con las explosiones de dos granadas&nbsp;<\/strong>cerca de la&nbsp;<strong>Embajada de Israel&nbsp;<\/strong>en la capital de&nbsp;<strong>Dinamarca<\/strong>, seg\u00fan recogi\u00f3 la agencia danesa&nbsp;<em>Ritzau<\/em>.<\/p>\n\n\n\n<p class=\"wp-block-paragraph\">Las autoridades danesas se\u00f1alaron que \u201c<strong>existen motivos para ampliar los cargos contra los hombres<\/strong>, que hasta ahora s\u00f3lo hab\u00edan sido investigados por tener cinco granadas y haber hecho explotar dos\u201d, indic\u00f3&nbsp;<em>Ritzau<\/em>&nbsp;al aludir a los dos nacionales de Suecia que se encuentran en prisi\u00f3n desde el jueves por su implicaci\u00f3n en esas deflagraciones.<\/p>\n\n\n\n<p class=\"wp-block-paragraph\">Los dos varones, de 16 y 19 a\u00f1os, respectivamente,&nbsp;<strong>se encuentran en prisi\u00f3n preventiva<\/strong>&nbsp;por decisi\u00f3n de un juzgado de Copenhague desde el jueves.<\/p>\n\n\n\n<p class=\"wp-block-paragraph\">La v\u00edspera se produjeron dos detonaciones de granadas cerca de la Embajada de Israel en Dinamarca. Seg\u00fan la Polic\u00eda, las deflagraciones tuvieron lugar hacia las 3:20 hora local (1:30 GMT) del mi\u00e9rcoles,&nbsp;<strong>sin que se produjesen v\u00edctimas<\/strong>, aunque s\u00ed da\u00f1os materiales en un edificio situado a unos 100 metros de la embajada israel\u00ed.10:25&nbsp;hsHoy<\/p>\n\n\n\n<h2 class=\"wp-block-heading\" id=\"israel-confirmo-que-abatio-a-un-segundo-alto-mando-de-hamas-este-sabado\">Israel confirm\u00f3 que abati\u00f3 a un segundo alto mando de Hamas este s\u00e1bado<\/h2>\n\n\n\n<p class=\"wp-block-paragraph\">Se trata de<strong>&nbsp;Mohammed Hussein al-Lawis<\/strong>, a quien el Ej\u00e9rcito israel\u00ed describi\u00f3 como la \u201c<strong>autoridad ejecutiva de Hamas en el L\u00edbano<\/strong>\u201d que dirigi\u00f3 ataques terroristas en Cisjordania. El ataque tuvo lugar cerca de la ciudad de&nbsp;<strong>Saadnayel<\/strong>, en el valle de&nbsp;<strong>Beqaa<\/strong>.<\/p>\n\n\n\n<p class=\"wp-block-paragraph\">M\u00e1s temprano,&nbsp;<a href=\"https:\/\/www.infobae.com\/america\/mundo\/2024\/10\/05\/el-grupo-terrorista-hamas-confirmo-la-muerte-de-uno-de-sus-comandantes-en-un-bombardeo-israeli-en-el-norte-del-libano\/\" target=\"_blank\" rel=\"noreferrer noopener\">Hamas hab\u00eda confirmado la muerte de&nbsp;<strong>Saeed Attallah Ali<\/strong><\/a>, comandante del brazo armado del grupo. Falleci\u00f3 junto a su esposa y sus dos hijas en un bombardeo contra su vivienda en el campamento de refugiados de&nbsp;<strong>Beddawi<\/strong>, cerca de la ciudad de Tr\u00edpoli.10:11&nbsp;hsHoy<\/p>\n\n\n\n<h2 class=\"wp-block-heading\" id=\"emirates-airlines-prohibio-a-sus-pasajeros-llevar-buscapersonas-y-walkie-talkies-en-sus-vuelos-desde-o-hacia-dubai\">Emirates Airlines prohibi\u00f3 a sus pasajeros llevar buscapersonas y walkie-talkies en sus vuelos desde o hacia Dubai<\/h2>\n\n\n\n<p class=\"wp-block-paragraph\"><strong>Emirates Airlines<\/strong>&nbsp;prohibi\u00f3 a sus pasajeros llevar&nbsp;<strong>buscapersonas&nbsp;<\/strong>y&nbsp;<strong>walkie-talkies&nbsp;<\/strong>en sus vuelos desde o hacia Dubai tras los ataques del mes pasado contra el grupo Hezbollah, en los que explotaron dispositivos de comunicaci\u00f3n.<\/p>\n\n\n\n<p class=\"wp-block-paragraph\">\u201cTodos los pasajeros que viajen hacia, desde o v\u00eda&nbsp;<strong>Dubai tienen prohibido transportar buscapersonas y walkie-talkies<\/strong>&nbsp;en el equipaje facturado o en el de mano\u201d, indic\u00f3 la aerol\u00ednea en un comunicado publicado en su p\u00e1gina web.<\/p>\n\n\n\n<p class=\"wp-block-paragraph\">Luego agreg\u00f3 que la Polic\u00eda de Dubai confiscar\u00e1 cualquier art\u00edculo prohibido que se encuentre como parte de las medidas de seguridad reforzadas.<img loading=\"lazy\" decoding=\"async\" alt=\"Un avi\u00f3n de Emirates llega al Aeropuerto Internacional de Dubai, en Emiratos \u00c1rabes Unidos (AP Foto\/Adam Schreck\/Archivo)\" height=\"2656\" src=\"https:\/\/www.infobae.com\/resizer\/v2\/DYICUB6G3FTKB3QZ4IORWRCKEE.jpg?auth=c6e716c0bbf53f6c5893f3898eeafdfa1248edcc237f877ce819dd9b0344ca86&amp;smart=true&amp;width=350&amp;height=233&amp;quality=85\" width=\"4000\" title=\"Cohetes lanzados por Hezbollah impactaron en edificios residenciales del norte de Israel\">Un avi\u00f3n de Emirates llega al Aeropuerto Internacional de Dubai, en Emiratos \u00c1rabes Unidos (AP Foto\/Adam Schreck\/Archivo)09:43&nbsp;hsHoy<\/p>\n\n\n\n<h2 class=\"wp-block-heading\" id=\"se-celebro-el-funeral-de-ionas-chrosis-quien-murio-en-un-ataque-terrorista-en-jaffa-el-martes\">Se celebr\u00f3 el funeral de Ionas Chrosis, quien muri\u00f3 en un ataque terrorista en Jaffa el martes<\/h2>\n\n\n\n<p class=\"wp-block-paragraph\">Se celebr\u00f3 en Jerusal\u00e9n el funeral de&nbsp;<strong>Ionas Chrosis<\/strong>, de 26 a\u00f1os, quien&nbsp;<strong>muri\u00f3 en un ataque terrorista en Jaffa el martes<\/strong>. El joven era ciudadano griego y se cri\u00f3 en Jerusal\u00e9n despu\u00e9s de que sus padres se mudaran a Israel para trabajar como m\u00e9dicos. Estudi\u00f3 arquitectura en Tel Aviv y estaba trabajando en un proyecto para sus estudios cuando fue asesinado en el tiroteo.<\/p>\n\n\n\n<p class=\"wp-block-paragraph\">\u201c<strong>Era bondadoso, sensible y siempre ayudaba a todos<\/strong>\u201d, cont\u00f3 uno de sus compa\u00f1eros de clase al&nbsp;<em>Canal 12<\/em>.<\/p>\n\n\n\n<p class=\"wp-block-paragraph\">\u201cExpresaba un optimismo infinito ante cada dificultad que se le presentaba.&nbsp;<strong>Era talentoso, divertido y humilde<\/strong>. Siempre era amable con las personas que lo rodeaban y era un amigo leal que ve\u00eda lo bueno en todos. Era un pianista talentoso\u201d, agreg\u00f3.<\/p>\n\n\n\n<p class=\"wp-block-paragraph\">En el ataque murieron siete personas y otras 16 resultaron heridas.09:28&nbsp;hsHoy<\/p>\n\n\n\n<h2 class=\"wp-block-heading\" id=\"grupos-proiranies-atacaron-con-cohetes-y-drones-una-base-militar-de-eeuu-en-siria\">Grupos proiran\u00edes atacaron con cohetes y drones una base militar de EEUU en Siria<\/h2>\n\n\n\n<p class=\"wp-block-paragraph\">Milicias proiran\u00edes atacaron con&nbsp;<strong>cohetes&nbsp;<\/strong>y&nbsp;<strong>drones&nbsp;<\/strong>una base militar estadounidense en&nbsp;<strong>Deir Ezzor<\/strong>, en el este de&nbsp;<strong>Siria<\/strong>, seg\u00fan inform\u00f3 el Observatorio Sirio de los Derechos Humanos.<\/p>\n\n\n\n<p class=\"wp-block-paragraph\">El ataque fue lanzado a \u00faltima hora del viernes sobre la base ubicada junto al yacimiento de gas natural Conoco, en Al Ezba, y caus\u00f3 \u201c<strong>violentas explosiones<\/strong>\u201d, seg\u00fan la fuente.<\/p>\n\n\n\n<p class=\"wp-block-paragraph\">Las fuerzas estadounidenses&nbsp;<strong>interceptaron algunos de los cohetes para evitar mayores da\u00f1os&nbsp;<\/strong>y despu\u00e9s&nbsp;<strong>atacaron el lugar de origen de los lanzamientos<\/strong>, seg\u00fan el Observatorio, una organizaci\u00f3n con sede en Londres pero con una amplia red de informantes dentro del pa\u00eds \u00e1rabe.<\/p>\n\n\n\n<p class=\"wp-block-paragraph\">Por el momento ning\u00fan grupo ha reivindicado el ataque y el Mando Central de Estados Unidos tampoco ha dado ninguna informaci\u00f3n al respecto.09:09&nbsp;hsHoy<\/p>\n\n\n\n<h2 class=\"wp-block-heading\" id=\"cohetes-lanzados-por-hezbollah-impactaron-en-edificios-residenciales-del-norte-de-israel\">Cohetes lanzados por Hezbollah impactaron en edificios residenciales del norte de Israel<\/h2>\n\n\n\n<p class=\"wp-block-paragraph\">Vecinos de las localidades de&nbsp;<strong>Deir al-Asad<\/strong>&nbsp;y&nbsp;<strong>Karmiel<\/strong>, en el norte de Israel,&nbsp;<strong>reportaron impactos de misiles provenientes del L\u00edbano<\/strong>. De acuerdo a lo compartido por testigos en las redes sociales, los cohetes lanzados por&nbsp;<strong>Hezbollah<\/strong>&nbsp;alcanzaron&nbsp;<strong>edificios residenciales<\/strong>.<\/p>\n\n\n\n<p class=\"wp-block-paragraph\">El servicio de emergencia atendi\u00f3 a&nbsp;<strong>tres personas que resultaron con heridas leves<\/strong>&nbsp;y otras&nbsp;<strong>10 por ansiedad aguda<\/strong>. Tambi\u00e9n se inform\u00f3 de numerosas intercepciones de la&nbsp;<strong>C\u00fapula de Hierro<\/strong>&nbsp;sobre la zona.Un misil impact\u00f3 en el norte de Israelhttps:\/\/imasdk.googleapis.com\/js\/core\/bridge3.670.0_es.html#goog_10349071750 seconds of 16 secondsVolume 90%&nbsp;Un misil impact\u00f3 en el norte de Israel08:58&nbsp;hsHoy<\/p>\n\n\n\n<h2 class=\"wp-block-heading\" id=\"el-ejercito-israeli-publico-fotografias-de-armas-de-hezbollah-incautadas\">El Ej\u00e9rcito israel\u00ed public\u00f3 fotograf\u00edas de armas de Hezbollah incautadas<\/h2>\n\n\n\n<p class=\"wp-block-paragraph\">Las&nbsp;<strong>Fuerzas de Defensa de Israel<\/strong>&nbsp;(FDI) publicaron<strong>&nbsp;im\u00e1genes de armas de Hezbollah incautadas<\/strong>&nbsp;por tropas de la Brigada Golani en el sur del L\u00edbano.<\/p>\n\n\n\n<p class=\"wp-block-paragraph\">La Brigada Golani, que opera bajo la 36\u00aa Divisi\u00f3n, estuvo trabajando para limpiar las aldeas del sur del L\u00edbano de la infraestructura y las armas de Hezbollah, seg\u00fan consign\u00f3 el peri\u00f3dico&nbsp;<em>Times of Israel<\/em>.<img loading=\"lazy\" decoding=\"async\" alt=\"El Ej\u00e9rcito de Israel public\u00f3 im\u00e1genes de armas de Hezbollah\" height=\"1440\" src=\"https:\/\/www.infobae.com\/resizer\/v2\/7ZGTL3NIYZFXVB3ENEFC4R2BNQ.jpg?auth=4ed633caa9bfd5d64bbbb58917057f675a10c7ade98c56abcff018ab1a8f0c84&amp;smart=true&amp;width=350&amp;height=263&amp;quality=85\" width=\"1920\" title=\"Cohetes lanzados por Hezbollah impactaron en edificios residenciales del norte de Israel\">El Ej\u00e9rcito de Israel public\u00f3 im\u00e1genes de armas de Hezbollah<\/p>\n\n\n\n<p class=\"wp-block-paragraph\">Las FDI afirmaron que las tropas&nbsp;<strong>localizaron dep\u00f3sitos de armas<\/strong>&nbsp;y&nbsp;<strong>pozos de t\u00faneles<\/strong>, y&nbsp;<strong>abatieron a varios hombres armados de Hezbollah&nbsp;<\/strong>durante las operaciones.<\/p>\n\n\n\n<p class=\"wp-block-paragraph\">Algunos de los dep\u00f3sitos de armas, que luego fueron destruidos, estaban ubicados&nbsp;<strong>dentro de viviendas de civiles<\/strong>, seg\u00fan los militares.<img loading=\"lazy\" decoding=\"async\" alt=\"El Ej\u00e9rcito de Israel public\u00f3 im\u00e1genes de armas de Hezbollah\" height=\"1440\" src=\"https:\/\/www.infobae.com\/resizer\/v2\/74ABTG6K5JDQDF2GDIY3V244AE.jpg?auth=1b9c7f189696df681d076ce9027db017d6755174de76ce815b629ae5343fffbd&amp;smart=true&amp;width=350&amp;height=263&amp;quality=85\" width=\"1920\" title=\"Cohetes lanzados por Hezbollah impactaron en edificios residenciales del norte de Israel\">El Ej\u00e9rcito de Israel public\u00f3 im\u00e1genes de armas de Hezbollah08:36&nbsp;hsHoy<\/p>\n\n\n\n<h2 class=\"wp-block-heading\" id=\"bashar-al-assad-dijo-que-el-ataque-irani-contra-israel-esta-semana-fue-una-&quot;leccion&quot;\">Bashar al Assad dijo que el ataque iran\u00ed contra Israel esta semana fue una \u201clecci\u00f3n\u201d<\/h2>\n\n\n\n<p class=\"wp-block-paragraph\">El presidente sirio,&nbsp;<strong>Bashar al Assad<\/strong>, dijo que&nbsp;<strong>el segundo ataque con misiles de Ir\u00e1n contra Israel esta semana<\/strong>&nbsp;fue una \u201c<strong>lecci\u00f3n<\/strong>\u201d, seg\u00fan inform\u00f3 su oficina.<\/p>\n\n\n\n<p class=\"wp-block-paragraph\">El ataque con misiles del martes por la noche, apenas unos d\u00edas despu\u00e9s de que Israel matara al l\u00edder del grupo Hezbollah, respaldado por Ir\u00e1n, fue \u201c<strong>una respuesta contundente y una lecci\u00f3n para la entidad sionista<\/strong>\u201d, dijo al Assad.<img loading=\"lazy\" decoding=\"async\" alt=\"El presidente de Siria, Bashar al Assad (Europa Press\/Contacto\/Iranian Presidency)\n\" height=\"1232\" src=\"https:\/\/www.infobae.com\/resizer\/v2\/C7GHO5RSIVAXBEB4JLQ36T5EVI.jpg?auth=1ff5a3ea389afcd2c351e8d74b340e8a08851cd486a5657633b5b5561a1943fc&amp;smart=true&amp;width=350&amp;height=197&amp;quality=85\" width=\"2191\" title=\"Cohetes lanzados por Hezbollah impactaron en edificios residenciales del norte de Israel\">El presidente de Siria, Bashar al Assad (Europa Press\/Contacto\/Iranian Presidency)08:24&nbsp;hsHoy<\/p>\n\n\n\n<h2 class=\"wp-block-heading\" id=\"israel-emitio-una-orden-de-evacuacion-en-gaza-por-primera-vez-en-semanas\">Israel emiti\u00f3 una orden de evacuaci\u00f3n en Gaza por primera vez en semanas<\/h2>\n\n\n\n<p class=\"wp-block-paragraph\">El Ej\u00e9rcito israel\u00ed emiti\u00f3 una&nbsp;<strong>orden de evacuaci\u00f3n&nbsp;<\/strong>para los habitantes de una parte del centro de la&nbsp;<strong>Franja de Gaza<\/strong>, indicando que se preparaba para actuar \u201c<strong>con fuerza<\/strong>\u201d contra combatientes del movimiento islamista palestino Hamas en este sector.<\/p>\n\n\n\n<p class=\"wp-block-paragraph\">Se trata del&nbsp;<strong>primer llamado a evacuar desde hace semanas en la Franja<\/strong>, despu\u00e9s de que el Ej\u00e9rcito israel\u00ed desviara su foco de atenci\u00f3n principalmente a la lucha contra la milicia islamista Hezbollah en L\u00edbano.<\/p>\n\n\n\n<p class=\"wp-block-paragraph\">\u201c<strong>Ham\u00e1s y las organizaciones terroristas contin\u00faan sus actividades [&#8230;] en vuestro sector y, por consiguiente, el Ej\u00e9rcito israel\u00ed actuar\u00e1 con fuerza en contra de estos elementos<\/strong>\u201d, indica la orden de evacuaci\u00f3n publicada por el Ej\u00e9rcito, que la acompa\u00f1\u00f3 de un mapa en el que menciona los barrios que deben ser evacuados.07:54&nbsp;hsHoy<\/p>\n\n\n\n<h2 class=\"wp-block-heading\" id=\"hashem-safieddine-no-habria-sido-alcanzado-en-el-ataque-israeli-contra-la-sede-de-inteligencia-de-hezbollah\">Hashem Safieddine no habr\u00eda sido alcanzado en el ataque israel\u00ed contra la sede de inteligencia de Hezbollah<\/h2>\n\n\n\n<p class=\"wp-block-paragraph\">Tres fuentes de seguridad del L\u00edbano aseguraron a la agencia de noticias&nbsp;<em>Reuters<\/em>&nbsp;que&nbsp;<strong>Hashem Safieddine<\/strong>, quien ser\u00eda el nuevo l\u00edder de&nbsp;<strong>Hezbollah<\/strong>&nbsp;tras la muerte de Hassan Nasrallah,&nbsp;<strong>no fue alcanzado en el ataque israel\u00ed contra la sede de inteligencia del grupo<\/strong>.<\/p>\n\n\n\n<p class=\"wp-block-paragraph\">Una de las fuentes indic\u00f3 que Safieddine ha estado \u201c<strong>inalcanzable<\/strong>\u201d en el ataque contra un b\u00fanker subterr\u00e1neo en la capital libanesa.<img loading=\"lazy\" decoding=\"async\" alt=\"Hashem Safieddine\" height=\"1080\" src=\"https:\/\/www.infobae.com\/resizer\/v2\/RAEKM2RKI5GNPPZN7XPYUGE444.jpg?auth=17cae3c977ef7e681ef0b6c52c88c6f831145ad6b950097534a912daa33748a5&amp;smart=true&amp;width=350&amp;height=197&amp;quality=85\" width=\"1920\" title=\"Cohetes lanzados por Hezbollah impactaron en edificios residenciales del norte de Israel\">Hashem Safieddine07:30&nbsp;hsHoy<\/p>\n\n\n\n<h2 class=\"wp-block-heading\" id=\"la-imagen-que-publico-el-ejercito-de-israel-tras-destruir-un-centro-de-operaciones-de-hezbollah-en-una-mezquita\">La imagen que public\u00f3 el Ej\u00e9rcito de Israel tras destruir un centro de operaciones de Hezbollah en una mezquita<\/h2>\n\n\n\n<p class=\"wp-block-paragraph\">Las Fuerzas de Defensa de Israel (FDI) publicaron una imagen en la que dieron cuenta del operativo con el que<strong>&nbsp;destruyeron un centro de operaciones del grupo terrorista Hezbollah<\/strong>&nbsp;ubicado en una&nbsp;<strong>mezquita<\/strong>.<\/p>\n\n\n\n<p class=\"wp-block-paragraph\">\u201cLa Fuerza A\u00e9rea de Israel atac\u00f3 a terroristas de&nbsp;<strong>Hezbollah<\/strong>&nbsp;que operaban dentro de un centro de comando (utilizado para planificar y ejecutar ataques terroristas contra Israel) que estaba ubicado&nbsp;<strong>dentro de una mezquita&nbsp;<\/strong>adyacente al&nbsp;<strong>Hospital Salah Ghandour&nbsp;<\/strong>en el sur del L\u00edbano\u201d, explicaron las FDI en sus redes sociales.<img loading=\"lazy\" decoding=\"async\" alt=\"Israel destruy\u00f3 un centro de operaciones de Hezbollah ubicado en una mezquita\" height=\"1080\" src=\"https:\/\/www.infobae.com\/resizer\/v2\/44TYWAFHOVALRHV4GLZFSEKICM.jpg?auth=9dd1bbacbb8877607b93697b2ff23e8da15507b4b207d505f3d729b47798425b&amp;smart=true&amp;width=350&amp;height=197&amp;quality=85\" width=\"1920\" title=\"Cohetes lanzados por Hezbollah impactaron en edificios residenciales del norte de Israel\">Israel destruy\u00f3 un centro de operaciones de Hezbollah ubicado en una mezquita07:16&nbsp;hsHoy<\/p>\n\n\n\n<h2 class=\"wp-block-heading\" id=\"el-ejercito-de-israel-derribo-un-dron-en-la-comunidad-de-adamit-al-norte-del-pais\">El Ej\u00e9rcito de Israel derrib\u00f3 un dron en la comunidad de Adamit, al norte del pa\u00eds<\/h2>\n\n\n\n<p class=\"wp-block-paragraph\">Las Fuerzas de Defensa de Israel (FDI) confirmaron que derribaron un dron lanzado desde L\u00edbano hacia la comunidad norte\u00f1a de Adamit. Seg\u00fan consign\u00f3&nbsp;<em>Times of Israel<\/em>, las sirenas sonaron en la zona en medio del incidente.06:55&nbsp;hsHoy<\/p>\n\n\n\n<h2 class=\"wp-block-heading\" id=\"el-regimen-de-iran-arresto-a-tres-miembros-del-estado-islamico\">El r\u00e9gimen de Ir\u00e1n arrest\u00f3 a tres miembros del Estado Isl\u00e1mico<\/h2>\n\n\n\n<p class=\"wp-block-paragraph\">La Polic\u00eda iran\u00ed inform\u00f3 del arresto de tres miembros del grupo terrorista&nbsp;<strong>Estado Isl\u00e1mico&nbsp;<\/strong>(ISIS, por sus siglas en ingl\u00e9s) en la norte\u00f1a ciudad tur\u00edstica de&nbsp;<strong>Noshahr<\/strong>, donde&nbsp;<strong>pretend\u00edan perpetrar un atentado<\/strong>.<\/p>\n\n\n\n<p class=\"wp-block-paragraph\">\u201cEste grupo de terroristas del ISIS planeaba llevar a cabo operaciones terroristas en un complejo tur\u00edstico en Noshahr\u201d, declar\u00f3 a los periodistas el comandante de la polic\u00eda de la ciudad, el coronel&nbsp;<strong>Ali Akbar Darvishi<\/strong>, seg\u00fan inform\u00f3 la agencia&nbsp;<em>IRNA<\/em>.<\/p>\n\n\n\n<p class=\"wp-block-paragraph\">El jefe policial indic\u00f3 que&nbsp;<strong>los tres terroristas fueron identificados y arrestados recientemente<\/strong>, sin ofrecer m\u00e1s detalles sobre la operaci\u00f3n.06:47&nbsp;hsHoy<a href=\"https:\/\/www.infobae.com\/america\/mundo\/2024\/10\/05\/estados-unidos-anuncio-un-paquete-humanitario-de-157-millones-de-dolares-para-los-desplazados-en-medio-oriente\/\" rel=\"noreferrer noopener\" target=\"_blank\">Estados Unidos anunci\u00f3 un paquete humanitario de 157 millones de d\u00f3lares para los desplazados en Medio Oriente<\/a><\/p>\n\n\n\n<h3 class=\"wp-block-heading\">El secretario de Estado, Antony Blinken, apunt\u00f3 que ese dinero abordar\u00e1 las necesidades tanto de las personas desplazadas internamente, de los refugiados en el L\u00edbano y de las comunidades que los acogen<\/h3>\n\n\n\n<p class=\"wp-block-paragraph\"><img loading=\"lazy\" decoding=\"async\" alt=\"El secretario de Estado de Estados Unidos, Antony Blinken (AP Foto\/Kevin Wolf)\" height=\"5504\" src=\"https:\/\/www.infobae.com\/resizer\/v2\/CGK67XG2EYBZO3ZD445YC4AKQ4.jpg?auth=7b36dfaa88d046fbc7ac1fabe9cd91fec217c06c394ef29cf22dd49910c3ea09&amp;smart=true&amp;width=350&amp;height=233&amp;quality=85\" width=\"8256\" title=\"Cohetes lanzados por Hezbollah impactaron en edificios residenciales del norte de Israel\">El secretario de Estado de Estados Unidos, Antony Blinken (AP Foto\/Kevin Wolf)<\/p>\n\n\n\n<p class=\"wp-block-paragraph\">El Gobierno estadounidense anunci\u00f3 un&nbsp;<strong>paquete humanitario de 157 millones de d\u00f3lares&nbsp;<\/strong>para ayudar a la poblaci\u00f3n afectada por el conflicto en el L\u00edbano y&nbsp;<a href=\"https:\/\/www.infobae.com\/america\/mundo\/2024\/10\/05\/en-vivo-el-ejercito-israeli-destruyo-un-centro-de-operaciones-de-hezbollah-ubicado-en-una-mezquita-en-el-sur-del-libano\/\" target=\"_blank\" rel=\"noreferrer noopener\">la creciente tensi\u00f3n en Medio Oriente.<\/a><a href=\"https:\/\/www.infobae.com\/america\/mundo\/2024\/10\/05\/estados-unidos-anuncio-un-paquete-humanitario-de-157-millones-de-dolares-para-los-desplazados-en-medio-oriente\/\" target=\"_blank\" rel=\"noreferrer noopener\"><strong>Leer la nota completa<\/strong><\/a>06:27&nbsp;hsHoy<a href=\"https:\/\/www.infobae.com\/america\/mundo\/2024\/10\/05\/israel-planea-una-respuesta-seria-y-significativa-al-ataque-con-misiles-balisticos-del-regimen-de-iran\/\" rel=\"noreferrer noopener\" target=\"_blank\">Israel planea una respuesta \u201cseria y significativa\u201d al ataque con misiles bal\u00edsticos del r\u00e9gimen de Ir\u00e1n<\/a><\/p>\n\n\n\n<h3 class=\"wp-block-heading\">Las Fuerzas de Defensa dijeron que la agresi\u00f3n de Teher\u00e1n \u201ctendr\u00e1 consecuencias\u201d. Al mismo tiempo, afirmaron que no alcanz\u00f3 ning\u00fan avi\u00f3n ni infraestructura cr\u00edtica<\/h3>\n\n\n\n<p class=\"wp-block-paragraph\"><img loading=\"lazy\" decoding=\"async\" alt=\"El sistema antimisiles israel\u00ed C\u00fapula de Hierro intercepta cohetes despu\u00e9s de que Ir\u00e1n dispar\u00f3 una salva de misiles bal\u00edsticos, visto desde Ashkelon, Israel (REUTERS\/Amir Cohen)\" height=\"533\" src=\"https:\/\/www.infobae.com\/resizer\/v2\/LXZWX5UPML3UVNGGAEAPIABYUI.jpg?auth=aede9fe75d7423ed992e78bde42ec861d5f586d3463480f38e19e766cf63485e&amp;smart=true&amp;width=350&amp;height=233&amp;quality=85\" width=\"800\" title=\"Cohetes lanzados por Hezbollah impactaron en edificios residenciales del norte de Israel\">El sistema antimisiles israel\u00ed C\u00fapula de Hierro intercepta cohetes despu\u00e9s de que Ir\u00e1n dispar\u00f3 una salva de misiles bal\u00edsticos, visto desde Ashkelon, Israel (REUTERS\/Amir Cohen)<\/p>\n\n\n\n<p class=\"wp-block-paragraph\">Las&nbsp;<strong>Fuerzas de Defensa de Israel<\/strong>&nbsp;(FDI) est\u00e1n en medio de la&nbsp;<strong>planificaci\u00f3n de una respuesta al ataque con misiles bal\u00edsticos de Ir\u00e1n<\/strong>&nbsp;al pa\u00eds a principios de esta semana, y advirti\u00f3 que ser\u00e1 \u201c<strong>seria y significativa<\/strong>\u201d.<a href=\"https:\/\/www.infobae.com\/america\/mundo\/2024\/10\/05\/israel-planea-una-respuesta-seria-y-significativa-al-ataque-con-misiles-balisticos-del-regimen-de-iran\/\" target=\"_blank\" rel=\"noreferrer noopener\"><strong>Leer la nota completa<\/strong><\/a>05:42&nbsp;hsHoy<\/p>\n\n\n\n<h2 class=\"wp-block-heading\" id=\"el-grupo-terrorista-hezbollah-lanza-un-ataque-con-cohetes-contra-una-base-aerea-israeli-cerca-de-haifa\">El grupo terrorista Hezbollah lanza un ataque con cohetes contra una base a\u00e9rea israel\u00ed cerca de Haifa<\/h2>\n\n\n\n<p class=\"wp-block-paragraph\">El grupo terrorista Hezbollah anunci\u00f3 haber disparado cohetes contra la base a\u00e9rea de&nbsp;<strong>Ramat David<\/strong>, cerca de la ciudad de&nbsp;<strong>Haifa<\/strong>, en el norte de&nbsp;<strong>Israel<\/strong>, situada a unos 45 kil\u00f3metros de la frontera con&nbsp;<strong>L\u00edbano<\/strong>.<\/p>\n\n\n\n<p class=\"wp-block-paragraph\">En un comunicado, el movimiento islamista proiran\u00ed dijo tambi\u00e9n haber alcanzado con un<strong>&nbsp;misil un tanque Merkava<\/strong>&nbsp;israel\u00ed en el sur de L\u00edbano.<img loading=\"lazy\" decoding=\"async\" alt=\"El grupo terrorista Hezbollah lanza un ataque con cohetes contra una base a\u00e9rea israel\u00ed cerca de Haifa (REUTERS\/Ammar Awad)\" height=\"532\" src=\"https:\/\/www.infobae.com\/resizer\/v2\/X5RWXA2H5GX3QTKZ6YQKFIZOKE.jpg?auth=49e0bda42b6bbe3412108df289134d8ea1b63fbc9b3e398f904e7aa8fe9c7527&amp;smart=true&amp;width=350&amp;height=233&amp;quality=85\" width=\"800\" title=\"Cohetes lanzados por Hezbollah impactaron en edificios residenciales del norte de Israel\">El grupo terrorista Hezbollah lanza un ataque con cohetes contra una base a\u00e9rea israel\u00ed cerca de Haifa (REUTERS\/Ammar Awad)05:34&nbsp;hsHoy<a href=\"https:\/\/www.infobae.com\/estados-unidos\/2024\/10\/05\/israel-dilata-su-ataque-a-iran-por-las-consecuencias-politicas-en-medio-oriente-y-la-situacion-economica-mundial\/\" rel=\"noreferrer noopener\" target=\"_blank\">Israel dilata su ataque a Ir\u00e1n por las consecuencias pol\u00edticas en Medio Oriente y la situaci\u00f3n econ\u00f3mica mundial<\/a><\/p>\n\n\n\n<h3 class=\"wp-block-heading\">Con la decisi\u00f3n militar ya asumida, el premier Netanyahu define los blancos a destruir sobre la base de la relaci\u00f3n con EEUU, el precio del combustible y sus efectos en la regi\u00f3n<\/h3>\n\n\n\n<p class=\"wp-block-paragraph\"><a href=\"https:\/\/www.infobae.com\/autor\/roman-lejtman\/\">Rom\u00e1n Lejtman<\/a><\/p>\n\n\n\n<p class=\"wp-block-paragraph\">Enviado especial a Israel<img loading=\"lazy\" decoding=\"async\" alt=\"Ataques a\u00e9reos israel\u00edes en Dahiyeh (Beirut), base de operaciones del grupo terrorista Hezbollah\" height=\"5760\" src=\"https:\/\/www.infobae.com\/resizer\/v2\/FHDIKCSOPN7S6J5C564EGRBNLQ.jpg?auth=93995da2a64a4652ab916f38cb2ff65552dcc83f95d4d3eb42e9075a1adc1729&amp;smart=true&amp;width=350&amp;height=233&amp;quality=85\" width=\"8640\" title=\"Cohetes lanzados por Hezbollah impactaron en edificios residenciales del norte de Israel\">Ataques a\u00e9reos israel\u00edes en Dahiyeh (Beirut), base de operaciones del grupo terrorista Hezbollah<\/p>\n\n\n\n<p class=\"wp-block-paragraph\"><em>(Desde Tel Aviv, Israel)<\/em>&nbsp;<strong>Israel ya decidi\u00f3 atacar a Ir\u00e1n<\/strong>, pero debate los blancos a destruir por sus&nbsp;<strong>resultados geopol\u00edticos y econ\u00f3micas<\/strong>.&nbsp;<strong>Benjam\u00edn Netanyahu<\/strong>&nbsp;quiere golpear a&nbsp;<strong>Teher\u00e1n<\/strong>&nbsp;para forzar un cambio en el tablero regional, y a la vez&nbsp;<strong>asume los efectos<\/strong>&nbsp;de una ofensiva que puede&nbsp;<strong>desestabilizar<\/strong>&nbsp;la econom\u00eda global y&nbsp;<strong>causar&nbsp;<\/strong>consecuencias pol\u00edticas en Estados Unidos, a un mes<em>exacto<\/em>&nbsp;de sus elecciones presidenciales.<a href=\"https:\/\/www.infobae.com\/estados-unidos\/2024\/10\/05\/israel-dilata-su-ataque-a-iran-por-las-consecuencias-politicas-en-medio-oriente-y-la-situacion-economica-mundial\/\" target=\"_blank\" rel=\"noreferrer noopener\"><strong>Leer la nota completa<\/strong><\/a>04:43&nbsp;hsHoy<\/p>\n\n\n\n<h2 class=\"wp-block-heading\" id=\"israel-pidio-a-civiles-palestinos-evacuar-areas-en-gaza-ante-una-inminente-ofensiva-contra-hamas\">Israel pidi\u00f3 a civiles palestinos evacuar \u00e1reas en Gaza ante una inminente ofensiva contra Hamas<\/h2>\n\n\n\n<p class=\"wp-block-paragraph\">Las<strong>&nbsp;Fuerzas de Defensa de Israel<\/strong>&nbsp;(IDF) instaron a los civiles palestinos en ciertas \u00e1reas de<strong>&nbsp;Nuseirat<\/strong>&nbsp;y&nbsp;<strong>Bureij<\/strong>, en el centro de la&nbsp;<strong>Franja de Gaza<\/strong>, a evacuar hacia la zona humanitaria designada por las autoridades israel\u00edes.<\/p>\n\n\n\n<p class=\"wp-block-paragraph\">La medida busca proteger a la poblaci\u00f3n civil en medio de los operativos militares destinados a neutralizar a Hamas y otros grupos terroristas que operan en la regi\u00f3n.<\/p>\n\n\n\n<p class=\"wp-block-paragraph\">\u201c<strong>Hamas y otros grupos terroristas contin\u00faan con sus actividades de terror en su \u00e1rea, y en consecuencia, las IDF actuar\u00e1n con gran fuerza contra estos elementos<\/strong>\u201d, declar\u00f3 el portavoz en lengua \u00e1rabe del ej\u00e9rcito israel\u00ed, el coronel Avichay Adraee.<\/p>\n\n\n\n<p class=\"wp-block-paragraph\">El portavoz public\u00f3 un mapa con las zonas que deben ser evacuadas y advirti\u00f3 a los habitantes que las operaciones se intensificar\u00e1n en los pr\u00f3ximos d\u00edas.<\/p>\n\n\n\n<p class=\"wp-block-paragraph\">\u201c<strong>El objetivo es minimizar el riesgo para los civiles mientras se combate a los terroristas que usan a la poblaci\u00f3n como escudo humano<\/strong>\u201d, se\u00f1al\u00f3 Adraee.04:23&nbsp;hsHoy<\/p>\n\n\n\n<h2 class=\"wp-block-heading\" id=\"la-unifil-rechazo-la-solicitud-de-israel-de-reubicar-sus-posiciones-en-el-sur-del-libano\">La UNIFIL rechaz\u00f3 la solicitud de Israel de reubicar sus posiciones en el sur del L\u00edbano<\/h2>\n\n\n\n<p class=\"wp-block-paragraph\">La&nbsp;<strong>Fuerza de Paz de las Naciones Unidas en el L\u00edbano<\/strong>&nbsp;(UNIFIL) rechaz\u00f3 la solicitud de Israel de reubicar sus posiciones en el sur del pa\u00eds, a pesar de que las Fuerzas de Defensa de Israel (IDF) notificaron su intenci\u00f3n de realizar incursiones limitadas en territorio liban\u00e9s.<\/p>\n\n\n\n<p class=\"wp-block-paragraph\">\u201c<strong>El 30 de septiembre, las IDF notificaron a UNIFIL su intenci\u00f3n de llevar a cabo incursiones terrestres limitadas en el L\u00edbano. Tambi\u00e9n nos pidieron que reubic\u00e1ramos algunas de nuestras posiciones<\/strong>\u201d, afirm\u00f3 la fuerza internacional en un comunicado, asegurando que \u201clos cascos azules se mantienen en todas sus posiciones y la bandera de la ONU contin\u00faa ondeando\u201d.<\/p>\n\n\n\n<p class=\"wp-block-paragraph\">La negativa de UNIFIL a reubicarse podr\u00eda complicar las operaciones militares israel\u00edes, que buscan neutralizar las posiciones de Hezbollah cerca de la frontera. El grupo terrorista utiliza la regi\u00f3n sur de L\u00edbano para lanzar ataques y almacenar armas, amenazando la seguridad de Israel.<\/p>\n\n\n\n<p class=\"wp-block-paragraph\">Las IDF consideran que la presencia de los cascos azules en ciertas zonas podr\u00eda entorpecer las operaciones dirigidas a eliminar estas amenazas.04:00&nbsp;hsHoy<a href=\"https:\/\/www.infobae.com\/america\/mundo\/2024\/10\/05\/el-grupo-terrorista-hamas-confirmo-la-muerte-de-uno-de-sus-comandantes-en-un-bombardeo-israeli-en-el-norte-del-libano\/\" rel=\"noreferrer noopener\" target=\"_blank\">Israel abati\u00f3 a dos comandantes de Hamas en bombardeos en el norte del L\u00edbano<\/a><\/p>\n\n\n\n<h3 class=\"wp-block-heading\">Se trata de Saeed Attallah Ali y Mohammed Hussein al-Lawis, quienes perdieron sus vidas en ataques a\u00e9reos<\/h3>\n\n\n\n<p class=\"wp-block-paragraph\"><img loading=\"lazy\" decoding=\"async\" alt=\"El grupo terrorista Hamas confirm\u00f3 la muerte de uno de sus comandantes en un bombardeo israel\u00ed en el norte del L\u00edbano (Europa Press)\n\" height=\"1280\" src=\"https:\/\/www.infobae.com\/resizer\/v2\/UOIK3YLRC5EM5NS3KGWY5OHOHA.jpg?auth=d647446a3dc2fd168cc5847349e38544957584347b66821ba7556f73986da98f&amp;smart=true&amp;width=350&amp;height=233&amp;quality=85\" width=\"1920\" title=\"Cohetes lanzados por Hezbollah impactaron en edificios residenciales del norte de Israel\">El grupo terrorista Hamas confirm\u00f3 la muerte de uno de sus comandantes en un bombardeo israel\u00ed en el norte del L\u00edbano (Europa Press)<\/p>\n\n\n\n<p class=\"wp-block-paragraph\">Las&nbsp;<strong>Fuerzas de Defensa de Israel<\/strong>&nbsp;(FDI) eliminaron este s\u00e1bado temprano a&nbsp;<strong>un comandante del brazo armado de Hamas&nbsp;<\/strong>en un ataque dirigido en el norte de&nbsp;<strong>L\u00edbano<\/strong>. Se trata de&nbsp;<strong>Saeed Attallah Ali<\/strong>, quien, junto con su esposa y dos hijas, muri\u00f3 en el bombardeo de su vivienda en el campamento de refugiados de&nbsp;<strong>Beddawi<\/strong>, cerca de la ciudad de&nbsp;<strong>Tr\u00edpoli<\/strong>.<a href=\"https:\/\/www.infobae.com\/america\/mundo\/2024\/10\/05\/el-grupo-terrorista-hamas-confirmo-la-muerte-de-uno-de-sus-comandantes-en-un-bombardeo-israeli-en-el-norte-del-libano\/\" target=\"_blank\" rel=\"noreferrer noopener\"><strong>Leer la nota completa<\/strong><\/a>03:24&nbsp;hsHoy<\/p>\n\n\n\n<h2 class=\"wp-block-heading\" id=\"el-ministro-de-exteriores-de-iran-llego-a-siria-en-medio-de-la-escalada-de-tensiones-en-oriente-medio\">El ministro de Exteriores de Ir\u00e1n lleg\u00f3 a Siria en medio de la escalada de tensiones en Oriente Medio<\/h2>\n\n\n\n<p class=\"wp-block-paragraph\">El ministro de Asuntos Exteriores de Ir\u00e1n,<strong>&nbsp;Abbas Araghchi<\/strong>, aterriz\u00f3 en Damasco para reunirse con altos funcionarios del r\u00e9gimen de<strong>&nbsp;Bashar al Assad<\/strong>.<\/p>\n\n\n\n<p class=\"wp-block-paragraph\">La visita de Araghchi se produce apenas unas horas despu\u00e9s de su paso por&nbsp;<strong>Beirut<\/strong>, donde mantuvo reuniones con l\u00edderes libaneses y expres\u00f3 su respaldo a un alto el fuego condicionado en L\u00edbano.<\/p>\n\n\n\n<p class=\"wp-block-paragraph\">El diplom\u00e1tico iran\u00ed aprovech\u00f3 la ocasi\u00f3n para reafirmar el apoyo de Ir\u00e1n a grupos como Hezbollah y condenar la defensa leg\u00edtima de Israel en la regi\u00f3n.<img loading=\"lazy\" decoding=\"async\" alt=\"El ministro de Asuntos Exteriores de Ir\u00e1n, Abbas Araghchi (REUTERS\/Amr Abdallah Dalsh)\" height=\"3440\" src=\"https:\/\/www.infobae.com\/resizer\/v2\/BCGBNW6U3IEQFPE3PQDTF5RZRA.jpg?auth=8b4371b573ed8da4f4c08a7526c5344b3a5f4c77b7fb0d4d7f2616fa6251bf7a&amp;smart=true&amp;width=350&amp;height=233&amp;quality=85\" width=\"5152\" title=\"Cohetes lanzados por Hezbollah impactaron en edificios residenciales del norte de Israel\">El ministro de Asuntos Exteriores de Ir\u00e1n, Abbas Araghchi (REUTERS\/Amr Abdallah Dalsh)03:12&nbsp;hsHoy<\/p>\n\n\n\n<h2 class=\"wp-block-heading\" id=\"el-ejercito-de-israel-repele-un-ataque-del-grupo-terrorista-hezbollah-en-la-frontera-sur-del-libano\">El Ej\u00e9rcito de Israel repele un ataque del grupo terrorista Hezbollah en la frontera sur del L\u00edbano<\/h2>\n\n\n\n<p class=\"wp-block-paragraph\">Las&nbsp;<strong>Fuerzas de Defensa de Israel&nbsp;<\/strong>repelieron un ataque del grupo terrorista Hezbollah en la localidad de&nbsp;<strong>Oddaisseh<\/strong>, en la frontera sur del L\u00edbano, en las primeras horas de este s\u00e1bado.<\/p>\n\n\n\n<p class=\"wp-block-paragraph\">Seg\u00fan el comunicado emitido por la organizaci\u00f3n armada, sus combatientes se enfrentaron a las tropas israel\u00edes en un intento de \u201c<strong>repeler el avance<\/strong>\u201d de los soldados hacia el per\u00edmetro del municipio. Los enfrentamientos se produjeron poco despu\u00e9s de que el grupo chi\u00ed asegurara haber detenido otra incursi\u00f3n en la misma zona, que habr\u00eda provocado una \u201c<strong>explosi\u00f3n masiva<\/strong>\u201d.<\/p>\n\n\n\n<p class=\"wp-block-paragraph\">El Ej\u00e9rcito israel\u00ed ha intensificado sus esfuerzos por neutralizar las amenazas de Hezbollah en la frontera.<\/p>\n\n\n\n<p class=\"wp-block-paragraph\">Fuentes militares en Israel aseguran que las acciones en la zona buscan desmantelar las posiciones estrat\u00e9gicas de la organizaci\u00f3n terrorista, que ha utilizado esta regi\u00f3n para lanzar ataques contra el territorio israel\u00ed.<img loading=\"lazy\" decoding=\"async\" alt=\"El Ej\u00e9rcito de Israel repele un ataque del grupo terrorista Hezbollah en la frontera sur del L\u00edbano (Europa Press)\" height=\"1279\" src=\"https:\/\/www.infobae.com\/resizer\/v2\/KZUP3TQWCVAN3NYRSMIMGOR2KI.jpg?auth=168f52e9eeb56a3d169cd09a866eced63bdacd71bbf4c475637b75894cb53076&amp;smart=true&amp;width=350&amp;height=233&amp;quality=85\" width=\"1920\" title=\"Cohetes lanzados por Hezbollah impactaron en edificios residenciales del norte de Israel\">El Ej\u00e9rcito de Israel repele un ataque del grupo terrorista Hezbollah en la frontera sur del L\u00edbano (Europa Press)02:02&nbsp;hsHoy<\/p>\n\n\n\n<h2 class=\"wp-block-heading\" id=\"israel-intercepta-un-ataque-con-cinco-cohetes-lanzados-por-hezbollah-desde-el-libano\">Israel intercepta un ataque con cinco cohetes lanzados por Hezbollah desde el L\u00edbano<\/h2>\n\n\n\n<p class=\"wp-block-paragraph\">Un ataque con&nbsp;<strong>cinco cohetes<\/strong>&nbsp;lanzados desde el&nbsp;<strong>L\u00edbano&nbsp;<\/strong>sacudi\u00f3 el norte de Israel, activando las alarmas en numerosas localidades del&nbsp;<strong>Valle de Jezreel&nbsp;<\/strong>y la zona de&nbsp;<strong>Wadi Ara<\/strong>, incluida la ciudad de Nazaret.<\/p>\n\n\n\n<p class=\"wp-block-paragraph\">Las Fuerzas de Defensa de Israel (IDF) confirmaron que algunos de los cohetes fueron interceptados por su sistema de&nbsp;<strong>defensa a\u00e9rea<\/strong>, mientras que el resto impact\u00f3 en \u00e1reas despobladas.<\/p>\n\n\n\n<p class=\"wp-block-paragraph\">\u201c<strong>No permitiremos que Hezbollah contin\u00fae amenazando la seguridad de nuestros ciudadanos<\/strong>\u201d, declar\u00f3 un portavoz de las IDF tras el ataque.<\/p>\n\n\n\n<p class=\"wp-block-paragraph\">\u201cIsrael responder\u00e1 de manera contundente a cualquier agresi\u00f3n desde territorio liban\u00e9s\u201d, advirti\u00f3 el portavoz, dejando claro que se tomar\u00e1n todas las medidas necesarias para proteger las fronteras del pa\u00eds.<img loading=\"lazy\" decoding=\"async\" alt=\"Israel intercepta un ataque con cinco cohetes lanzados por Hezbollah desde el L\u00edbano (REUTERS\/Ammar Awad)\" height=\"532\" src=\"https:\/\/www.infobae.com\/resizer\/v2\/TP4S6IAIAJVCIRVQQEGD3ZDJAQ.jpg?auth=fad2e99032946cb94d5111eb3ebcb03d8fe4163d1b289d1fa186ef7fbb6e6238&amp;smart=true&amp;width=350&amp;height=233&amp;quality=85\" width=\"800\" title=\"Cohetes lanzados por Hezbollah impactaron en edificios residenciales del norte de Israel\">Israel intercepta un ataque con cinco cohetes lanzados por Hezbollah desde el L\u00edbano (REUTERS\/Ammar Awad)01:30&nbsp;hsHoy<\/p>\n\n\n\n<h2 class=\"wp-block-heading\" id=\"trump-insto-a-israel-a-atacar-instalaciones-nucleares-de-iran-tras-la-ofensiva-de-la-guardia-revolucionaria\">Trump inst\u00f3 a Israel a atacar instalaciones nucleares de Ir\u00e1n tras la ofensiva de la Guardia Revolucionaria<\/h2>\n\n\n\n<p class=\"wp-block-paragraph\">El ex presidente de Estados Unidos,&nbsp;<strong>Donald Trump<\/strong>, inst\u00f3 a Israel a lanzar una ofensiva contra<strong>&nbsp;instalaciones nucleares iran\u00edes<\/strong>&nbsp;en respuesta a los recientes ataques de la Guardia Revolucionaria de Ir\u00e1n.<\/p>\n\n\n\n<p class=\"wp-block-paragraph\">Durante un acto de campa\u00f1a en Carolina del Norte, Trump critic\u00f3 la postura del actual presidente&nbsp;<strong>Joe Biden<\/strong>.<\/p>\n\n\n\n<p class=\"wp-block-paragraph\">\u201c\u00bfNo es eso lo que se supone que debes atacar?\u201d, cuestion\u00f3 Trump, sugiriendo que el verdadero objetivo deber\u00eda ser el programa nuclear iran\u00ed y no otros blancos.<\/p>\n\n\n\n<p class=\"wp-block-paragraph\">La declaraci\u00f3n de Trump llega en un momento de gran tensi\u00f3n en Oriente Pr\u00f3ximo tras los ataques de Hezbollah contra Israel.<\/p>\n\n\n\n<p class=\"wp-block-paragraph\">El ex mandatario culp\u00f3 a Biden y a la vicepresidenta Kamala Harris de debilidad frente a Ir\u00e1n y advirti\u00f3 sobre la posibilidad de una \u201ccat\u00e1strofe global\u201d si no se toman medidas contundentes contra el r\u00e9gimen de Teher\u00e1n.<img loading=\"lazy\" decoding=\"async\" alt=\"Trump insta a Israel a atacar instalaciones nucleares de Ir\u00e1n tras la ofensiva de la Guardia Revolucionaria (REUTERS\/Jonathan Drake)\" height=\"2063\" src=\"https:\/\/www.infobae.com\/resizer\/v2\/6I2E3ACIZZ6TKPOLSKTCCAYYAU.jpg?auth=9b1f698e8bb7e88a73c5725e3b059288ebc426fd7fae124b965cd5dcab59a8db&amp;smart=true&amp;width=350&amp;height=233&amp;quality=85\" width=\"3094\" title=\"Cohetes lanzados por Hezbollah impactaron en edificios residenciales del norte de Israel\">Trump insta a Israel a atacar instalaciones nucleares de Ir\u00e1n tras la ofensiva de la Guardia Revolucionaria (REUTERS\/Jonathan Drake)01:01&nbsp;hsHoy<a href=\"https:\/\/www.infobae.com\/estados-unidos\/2024\/10\/05\/el-fbi-alerto-sobre-posibles-actos-de-violencia-en-eeuu-en-el-primer-aniversario-del-ataque-terrorista-contra-israel\/\" rel=\"noreferrer noopener\" target=\"_blank\">El FBI alert\u00f3 sobre posibles actos de violencia en EEUU en el primer aniversario del ataque terrorista contra Israel<\/a><\/p>\n\n\n\n<h3 class=\"wp-block-heading\">La Agencia Federal y el Departamento de Seguridad Nacional manifestaron su preocupaci\u00f3n por eventuales agresiones en \u201cespacios comunitarios, reuniones p\u00fablicas e instituciones religiosas, como sinagogas, mezquitas y centros isl\u00e1micos\u201d<\/h3>\n\n\n\n<p class=\"wp-block-paragraph\"><img loading=\"lazy\" decoding=\"async\" alt=\"El FBI advirti\u00f3 sobre posibles actos de violencia en EEUU en el primer aniversario del ataque terrorista contra Israel (REUTERS\/Adam Gray)\" height=\"5760\" src=\"https:\/\/www.infobae.com\/resizer\/v2\/JJYUVW4D47SVCDCO5JYOXBZ554.jpg?auth=9e543128f8cebc6876e7b35ff902947073ba861fecdf0ca179d2cabe8714733a&amp;smart=true&amp;width=350&amp;height=233&amp;quality=85\" width=\"8640\" title=\"Cohetes lanzados por Hezbollah impactaron en edificios residenciales del norte de Israel\">El FBI advirti\u00f3 sobre posibles actos de violencia en EEUU en el primer aniversario del ataque terrorista contra Israel (REUTERS\/Adam Gray)<\/p>\n\n\n\n<p class=\"wp-block-paragraph\">La\u00a0<strong>Oficina Federal de Investigaci\u00f3n\u00a0<\/strong>(FBI) de Estados Unidos emiti\u00f3 una advertencia este viernes sobre la posibilidad de que se produzcan<strong>\u00a0actos de violencia<\/strong>\u00a0en territorio estadounidense con motivo del primer aniversario de los\u00a0<strong>ataques terroristas<\/strong>\u00a0del 7 de octubre de 2023. La agencia, en conjunto con el\u00a0<strong>Departamento de Seguridad Nacional<\/strong>\u00a0(DHS), inst\u00f3 a la poblaci\u00f3n a \u201cprestar atenci\u00f3n a su entorno en todo momento\u201d y a \u201creportar cualquier actividad sospechosa a las autoridades\u201d.<\/p>\n\n\n\n<p class=\"wp-block-paragraph\">Fuente:<a href=\"https:\/\/www.infobae.com\/\"> Infobae.com<\/a><\/p>\n","protected":false},"excerpt":{"rendered":"<p>Las Fuerzas de Defensa de Israel (FDI) lanzaron un ataque contra una mezquita en&nbsp;Bint Jbeil, en el sur del L\u00edbano, asegurando que se trataba de un&nbsp;centro de mando&nbsp;utilizado por&nbsp;Hezbollah&nbsp;para planear ataques contra el territorio israel\u00ed. \u201cEl centro de mando era utilizado por los terroristas de Hezbollah para planear y ejecutar atentados contra las tropas del [&hellip;]<\/p>\n","protected":false},"author":9,"featured_media":0,"comment_status":"open","ping_status":"open","sticky":false,"template":"","format":"standard","meta":{"site-sidebar-layout":"default","site-content-layout":"","ast-site-content-layout":"default","site-content-style":"default","site-sidebar-style":"default","ast-global-header-display":"","ast-banner-title-visibility":"","ast-main-header-display":"","ast-hfb-above-header-display":"","ast-hfb-below-header-display":"","ast-hfb-mobile-header-display":"","site-post-title":"","ast-breadcrumbs-content":"","ast-featured-img":"","footer-sml-layout":"","ast-disable-related-posts":"","theme-transparent-header-meta":"","adv-header-id-meta":"","stick-header-meta":"","header-above-stick-meta":"","header-main-stick-meta":"","header-below-stick-meta":"","astra-migrate-meta-layouts":"default","ast-page-background-enabled":"default","ast-page-background-meta":{"desktop":{"background-color":"","background-image":"","background-repeat":"repeat","background-position":"center center","background-size":"auto","background-attachment":"scroll","background-type":"","background-media":"","overlay-type":"","overlay-color":"","overlay-opacity":"","overlay-gradient":""},"tablet":{"background-color":"","background-image":"","background-repeat":"repeat","background-position":"center center","background-size":"auto","background-attachment":"scroll","background-type":"","background-media":"","overlay-type":"","overlay-color":"","overlay-opacity":"","overlay-gradient":""},"mobile":{"background-color":"","background-image":"","background-repeat":"repeat","background-position":"center center","background-size":"auto","background-attachment":"scroll","background-type":"","background-media":"","overlay-type":"","overlay-color":"","overlay-opacity":"","overlay-gradient":""}},"ast-content-background-meta":{"desktop":{"background-color":"var(--ast-global-color-5)","background-image":"","background-repeat":"repeat","background-position":"center center","background-size":"auto","background-attachment":"scroll","background-type":"","background-media":"","overlay-type":"","overlay-color":"","overlay-opacity":"","overlay-gradient":""},"tablet":{"background-color":"var(--ast-global-color-5)","background-image":"","background-repeat":"repeat","background-position":"center center","background-size":"auto","background-attachment":"scroll","background-type":"","background-media":"","overlay-type":"","overlay-color":"","overlay-opacity":"","overlay-gradient":""},"mobile":{"background-color":"var(--ast-global-color-5)","background-image":"","background-repeat":"repeat","background-position":"center center","background-size":"auto","background-attachment":"scroll","background-type":"","background-media":"","overlay-type":"","overlay-color":"","overlay-opacity":"","overlay-gradient":""}},"footnotes":""},"categories":[80],"tags":[],"class_list":["post-108855","post","type-post","status-publish","format-standard","hentry","category-ultimas-noticias"],"spectra_blocks_featured_image_url":null,"spectra_blocks_author_info":{"display_name":"Jorge Alfredo Baret","avatar_url":"https:\/\/secure.gravatar.com\/avatar\/31696f5ca83439b642450ec7d3f82f98451a5efacb414343d5478c982b337f26?s=96&d=mm&r=g","author_link":"https:\/\/100xd.com.ar\/es\/author\/jorge\/","description":"Ingeniero Qu\u00edmico UTN - Director Apoderado de Comunicaciones Auditadas SA. Editor Responsable 100xd.com.ar."},"_links":{"self":[{"href":"https:\/\/100xd.com.ar\/es\/wp-json\/wp\/v2\/posts\/108855","targetHints":{"allow":["GET"]}}],"collection":[{"href":"https:\/\/100xd.com.ar\/es\/wp-json\/wp\/v2\/posts"}],"about":[{"href":"https:\/\/100xd.com.ar\/es\/wp-json\/wp\/v2\/types\/post"}],"author":[{"embeddable":true,"href":"https:\/\/100xd.com.ar\/es\/wp-json\/wp\/v2\/users\/9"}],"replies":[{"embeddable":true,"href":"https:\/\/100xd.com.ar\/es\/wp-json\/wp\/v2\/comments?post=108855"}],"version-history":[{"count":1,"href":"https:\/\/100xd.com.ar\/es\/wp-json\/wp\/v2\/posts\/108855\/revisions"}],"predecessor-version":[{"id":108857,"href":"https:\/\/100xd.com.ar\/es\/wp-json\/wp\/v2\/posts\/108855\/revisions\/108857"}],"wp:attachment":[{"href":"https:\/\/100xd.com.ar\/es\/wp-json\/wp\/v2\/media?parent=108855"}],"wp:term":[{"taxonomy":"category","embeddable":true,"href":"https:\/\/100xd.com.ar\/es\/wp-json\/wp\/v2\/categories?post=108855"},{"taxonomy":"post_tag","embeddable":true,"href":"https:\/\/100xd.com.ar\/es\/wp-json\/wp\/v2\/tags?post=108855"}],"curies":[{"name":"wp","href":"https:\/\/api.w.org\/{rel}","templated":true}]}}