{"id":10836,"date":"2015-09-26T14:10:40","date_gmt":"2015-09-26T17:10:40","guid":{"rendered":"http:\/\/www.100xd.com.ar\/?p=10836"},"modified":"2015-09-27T17:17:57","modified_gmt":"2015-09-27T20:17:57","slug":"scioli-no-hay-promesas-ni-formulas-magicas-para-combatir-la-inseguridad","status":"publish","type":"post","link":"https:\/\/100xd.com.ar\/es\/scioli-no-hay-promesas-ni-formulas-magicas-para-combatir-la-inseguridad\/","title":{"rendered":"Scioli: &#8220;No hay promesas ni f\u00f3rmulas m\u00e1gicas para combatir la inseguridad&#8221;"},"content":{"rendered":"<p>Daniel Scioli, gobernador bonaerense y candidato a presidente por el Frente para la Victoria (FpV), asegur\u00f3 hoy que &#8220;no hay promesas ni f\u00f3rmulas m\u00e1gicas para combatir la inseguridad\u201d y sostuvo que su gobierno hizo \u201cla mayor campa\u00f1a de reclutamiento y renovaci\u00f3n de todos los tiempos\u201d de la polic\u00eda de la provincia de Buenos Aires.<\/p>\n<p>\u201cEstoy convencido y los resultados lo demuestran que no hay promesas ni f\u00f3rmulas m\u00e1gicas para combatir la inseguridad\u201d, dijo Scioli al presidir el egreso de 4.000 polic\u00edas durante un acto que encabezo en la escuela \u201cJuan Vucetich\u201d y en el que estuvo acompa\u00f1ado por el Secretario de Seguridad de la Naci\u00f3n, Sergio Berni.<\/p>\n<p>Scioli reiter\u00f3 que la seguridad \u201cfue, es y ser\u00e1 mi prioridad\u201d y destac\u00f3 que hizo \u201cla mayor inversi\u00f3n en seguridad de todos los tiempos en la provincia de Buenos Aires ,donde en este a\u00f1o aumentamos un 66 por ciento\u201d.<\/p>\n<p>\u201cEsto nos dio herramientas para prevenci\u00f3n, para anticiparnos al delito, con la incorporaci\u00f3n de mayor tecnolog\u00eda, 3800 nuevos patrulleros y casi cien mil agentes en ejercicio de su funci\u00f3n\u201d. grafic\u00f3.<\/p>\n<p>En su discurso, Scioli asegur\u00f3 que desde que decret\u00f3 la emergencia en seguridad en abril de 2014 \u201clos homicidios en ocasi\u00f3n de robo bajaron a la mitad\u201d seg\u00fan datos de la Procuraci\u00f3n de la Suprema Corte.<\/p>\n<p>\u201cDesde que asum\u00ed la gobernaci\u00f3n, la polic\u00eda de la provincia lleva realizados casi 170 mil procedimientos contra el narcotr\u00e1fico en las que se incautaron 11 toneladas de coca\u00edna y 97 de marihuana\u201d, precis\u00f3.<\/p>\n<p>Sostuvo que si bien \u201cfalta mucho, es importante considerar esta informaci\u00f3n\u201d y dijo que \u201cnos obliga a redoblar esfuerzos\u201d.<\/p>\n<p>\u201cEstamos transformando la polic\u00eda de la provincia de Buenos Aires pero Argentina necesita tambi\u00e9n que el Poder Judicial se involucre cada vez m\u00e1s como parte de la soluci\u00f3n de esta preocupaci\u00f3n ciudadana que es la seguridad\u201d, detall\u00f3.<\/p>\n<p>Scioli resalt\u00f3 tambi\u00e9n el rol del secretario de Seguridad, Sergio Berni, porque asegur\u00f3 que &#8220;es un hombre de acci\u00f3n con el que trabajamos como indica nuestra Presidenta en conjunto con la Naci\u00f3n para desarticular e crimen organizado&#8221;.<\/p>\n<p>\u201cUnir esfuerzos, integrar, que la seguridad no se limite s\u00f3lo al accionar policial, sino que tambi\u00e9n tenga que ver con la educaci\u00f3n, la salud, el deporte y la juventud es lo que hemos hecho en la provincia de Buenos Aires\u201d, precis\u00f3.<\/p>\n<p>En ese sentido, asegur\u00f3 que Argentina \u201cnecesita seguir construyendo de abajo para arriba para seguir levantando todo y no de arriba para abajo aplastando todo. Ese es el verdadero desarrollo social, econ\u00f3mico y humano de un pa\u00eds\u201d.<\/p>\n<p>El candidato presidencial del FpV dijo adem\u00e1s que \u201cla gran victoria es construir sobre lo construido\u201d y les asegur\u00f3 a los efectivos que \u201cser polic\u00eda implica gran sentido del compromiso y la responsabilidad social&#8221;.<\/p>\n<p>\u201cComo servidores p\u00fablicos deben sentirse orgullosos porque el pueblo les encomienda lo m\u00e1s sagrado, la vida, incluso poniendo en riesgo su vida&#8221;, puntualiz\u00f3.\u00a0Adem\u00e1s agradeci\u00f3 a los intendentes que se comprometieron a apoyar la creaci\u00f3n de los Comandos de Patrulla Comunitaria y la de la Polic\u00eda Local.<\/p>\n<p>En tanto, en su breve discurso, el ministro de Seguridad provincial, Alejandro Granados, dio la bienvenida a los nuevos oficiales a los que les dijo: &#8220;No entran a la Bonaerense a la que hemos enterrado. Entran a la polic\u00eda de la provincia de Buenos Aires\u201d.<\/p>\n<p>Del acto, participaron adem\u00e1s el vicegobernador, Gabriel Mariotto y los intendentes de Berazategui, Patricio Mussi; de La Matanza, Fernando Espinoza y de La Plata, Pablo Bruera, entre otros.<\/p>","protected":false},"excerpt":{"rendered":"<p>Daniel Scioli, gobernador bonaerense y candidato a presidente por el Frente para la Victoria (FpV), asegur\u00f3 hoy que &#8220;no hay promesas ni f\u00f3rmulas m\u00e1gicas para combatir la inseguridad\u201d y sostuvo que su gobierno hizo \u201cla mayor campa\u00f1a de reclutamiento y renovaci\u00f3n de todos los tiempos\u201d de la polic\u00eda de la provincia de Buenos Aires. \u201cEstoy [&hellip;]<\/p>\n","protected":false},"author":4,"featured_media":0,"comment_status":"open","ping_status":"open","sticky":false,"template":"","format":"standard","meta":{"site-sidebar-layout":"default","site-content-layout":"","ast-site-content-layout":"default","site-content-style":"default","site-sidebar-style":"default","ast-global-header-display":"","ast-banner-title-visibility":"","ast-main-header-display":"","ast-hfb-above-header-display":"","ast-hfb-below-header-display":"","ast-hfb-mobile-header-display":"","site-post-title":"","ast-breadcrumbs-content":"","ast-featured-img":"","footer-sml-layout":"","ast-disable-related-posts":"","theme-transparent-header-meta":"","adv-header-id-meta":"","stick-header-meta":"","header-above-stick-meta":"","header-main-stick-meta":"","header-below-stick-meta":"","astra-migrate-meta-layouts":"default","ast-page-background-enabled":"default","ast-page-background-meta":{"desktop":{"background-color":"","background-image":"","background-repeat":"repeat","background-position":"center center","background-size":"auto","background-attachment":"scroll","background-type":"","background-media":"","overlay-type":"","overlay-color":"","overlay-opacity":"","overlay-gradient":""},"tablet":{"background-color":"","background-image":"","background-repeat":"repeat","background-position":"center center","background-size":"auto","background-attachment":"scroll","background-type":"","background-media":"","overlay-type":"","overlay-color":"","overlay-opacity":"","overlay-gradient":""},"mobile":{"background-color":"","background-image":"","background-repeat":"repeat","background-position":"center center","background-size":"auto","background-attachment":"scroll","background-type":"","background-media":"","overlay-type":"","overlay-color":"","overlay-opacity":"","overlay-gradient":""}},"ast-content-background-meta":{"desktop":{"background-color":"var(--ast-global-color-5)","background-image":"","background-repeat":"repeat","background-position":"center center","background-size":"auto","background-attachment":"scroll","background-type":"","background-media":"","overlay-type":"","overlay-color":"","overlay-opacity":"","overlay-gradient":""},"tablet":{"background-color":"var(--ast-global-color-5)","background-image":"","background-repeat":"repeat","background-position":"center center","background-size":"auto","background-attachment":"scroll","background-type":"","background-media":"","overlay-type":"","overlay-color":"","overlay-opacity":"","overlay-gradient":""},"mobile":{"background-color":"var(--ast-global-color-5)","background-image":"","background-repeat":"repeat","background-position":"center center","background-size":"auto","background-attachment":"scroll","background-type":"","background-media":"","overlay-type":"","overlay-color":"","overlay-opacity":"","overlay-gradient":""}},"footnotes":""},"categories":[1],"tags":[30,3083,2949],"class_list":["post-10836","post","type-post","status-publish","format-standard","hentry","category-sin-categoria","tag-daniel-scioli","tag-inseguridad","tag-policia-bonaerense"],"spectra_blocks_featured_image_url":null,"spectra_blocks_author_info":{"display_name":"Facundo Novillo","avatar_url":"https:\/\/secure.gravatar.com\/avatar\/09745bc65ce6bf84291d6515d5f759c04b4fce4f329b8a975a8ac2982b552d3e?s=96&d=mm&r=g","author_link":"https:\/\/100xd.com.ar\/es\/author\/facundo\/","description":""},"_links":{"self":[{"href":"https:\/\/100xd.com.ar\/es\/wp-json\/wp\/v2\/posts\/10836","targetHints":{"allow":["GET"]}}],"collection":[{"href":"https:\/\/100xd.com.ar\/es\/wp-json\/wp\/v2\/posts"}],"about":[{"href":"https:\/\/100xd.com.ar\/es\/wp-json\/wp\/v2\/types\/post"}],"author":[{"embeddable":true,"href":"https:\/\/100xd.com.ar\/es\/wp-json\/wp\/v2\/users\/4"}],"replies":[{"embeddable":true,"href":"https:\/\/100xd.com.ar\/es\/wp-json\/wp\/v2\/comments?post=10836"}],"version-history":[{"count":3,"href":"https:\/\/100xd.com.ar\/es\/wp-json\/wp\/v2\/posts\/10836\/revisions"}],"predecessor-version":[{"id":10840,"href":"https:\/\/100xd.com.ar\/es\/wp-json\/wp\/v2\/posts\/10836\/revisions\/10840"}],"wp:attachment":[{"href":"https:\/\/100xd.com.ar\/es\/wp-json\/wp\/v2\/media?parent=10836"}],"wp:term":[{"taxonomy":"category","embeddable":true,"href":"https:\/\/100xd.com.ar\/es\/wp-json\/wp\/v2\/categories?post=10836"},{"taxonomy":"post_tag","embeddable":true,"href":"https:\/\/100xd.com.ar\/es\/wp-json\/wp\/v2\/tags?post=10836"}],"curies":[{"name":"wp","href":"https:\/\/api.w.org\/{rel}","templated":true}]}}