{"id":108316,"date":"2024-09-25T11:35:09","date_gmt":"2024-09-25T14:35:09","guid":{"rendered":"https:\/\/100xd.com.ar\/?p=108316"},"modified":"2024-09-25T11:35:09","modified_gmt":"2024-09-25T14:35:09","slug":"a-pedido-del-oficialismo-diputados-postergo-el-debate-de-la-ley-de-democracia-sindical","status":"publish","type":"post","link":"https:\/\/100xd.com.ar\/es\/a-pedido-del-oficialismo-diputados-postergo-el-debate-de-la-ley-de-democracia-sindical\/","title":{"rendered":"A pedido del oficialismo, Diputados posterg\u00f3 el debate de la ley de Democracia Sindical"},"content":{"rendered":"<p class=\"wp-block-paragraph\">Luego de que el Gobierno consiguiera llegar a un acuerdo con la CGT&nbsp;para frenar el dictamen de Reforma Sindical, la<strong>&nbsp;Comisi\u00f3n de Legislaci\u00f3n del Trabajo&nbsp;<\/strong>de la&nbsp;<a target=\"_blank\" href=\"https:\/\/www.perfil.com\/noticias\/politica\/asado-con-motosierra-javier-milei-agasaja-a-diputados-que-apoyaron-el-veto-pero-les-cobra-20-mil-pesos-el-cubierto.phtml\" rel=\"noreferrer noopener\">C\u00e1mara de Diputados<\/a><strong>&nbsp;postergar\u00e1 por una semana el debate del dictamen de la ley de Democracia Sindical&nbsp;<\/strong>debido a que el oficialismo prefiri\u00f3 no abrir un nuevo frente con la dirigencia del sindicato, informaron fuentes parlamentarias.<\/p>\n\n\n\n<p class=\"wp-block-paragraph\">La bancada de La Libertad Avanza (LLA) hab\u00eda pedido anoche demorar el tratamiento de esa iniciativa, una de las banderas de la UCR, ya que decidi\u00f3 priorizar el tratamiento de la privatizaci\u00f3n de Aerol\u00edneas Argentinas y el Presupuesto 2025.<strong>&nbsp;<\/strong><\/p>\n\n\n\n<p class=\"wp-block-paragraph\"><a target=\"_blank\" href=\"https:\/\/www.perfil.com\/noticias\/internacional\/el-papa-francisco-recibio-a-una-delegacion-de-la-cgt-en-el-vaticano.phtml\" rel=\"noreferrer noopener\">&#8220;Trabajo, Justicia social e igualdad de g\u00e9nero&#8221;, el mensaje del Papa Francisco a la CGT<\/a>Esto no les gusta a los autoritariosEl ejercicio del periodismo profesional y cr\u00edtico es un pilar fundamental de la democracia. Por eso molesta a quienes creen ser los due\u00f1os de la verdad.Hoy m\u00e1s que nunca<a href=\"https:\/\/mi.perfil.com\/\">Suscribite<\/a><\/p>\n\n\n\n<p class=\"wp-block-paragraph\">Sumado a esto, indicaron que el tema fue tratado ayer en la &#8220;mesa de los lunes&#8221; que comparten el jefe de Gabinete,&nbsp;<a target=\"_blank\" href=\"https:\/\/www.perfil.com\/noticias\/politica\/guillermo-francos-critico-a-juan-grabois-por-los-incidentes-en-ezeiza-es-una-persona-muy-agresiva.phtml\" rel=\"noreferrer noopener\"><strong>Guillermo Francos<\/strong><\/a>, con diputados de la LLA, el PRO y el MID. Justamente, en dicho&nbsp;encuentro&nbsp;<strong>se resolvi\u00f3 a favor de la propuesta del Gobierno de postergar ese debate<\/strong>.<\/p>\n\n\n\n<p class=\"wp-block-paragraph\">La realidad es que sin los votos de LLA,<strong>&nbsp;los bloques dialoguistas no ten\u00edan n\u00famero para avanzar con el dictamen de la ley<\/strong>&nbsp;destinada a limitar la reelecci\u00f3n indefinida en los gremios, eliminar la obligatoriedad de la cuota solidaria y establecer la ficha limpia para los sindicalistas, entre otros puntos.<\/p>\n\n\n\n<figure data-spectra-id=\"spectra-e949aee0-cc5b-4882-9e70-43baaf340daa\" class=\"wp-block-image\"><img decoding=\"async\" src=\"https:\/\/fotos.perfil.com\/\/2024\/05\/02\/900\/0\/martin-tetaz-1794791.jpg\" alt=\"Mart\u00edn Tetaz\" title=\"A pedido del oficialismo, Diputados posterg\u00f3 el debate de la ley de Democracia Sindical\" \/><figcaption>El radical&nbsp;Mart\u00edn Tetaz&nbsp;era el principal promotor del proyecto.<\/figcaption><\/figure>\n\n\n\n<p class=\"wp-block-paragraph\">En ese sentido, el proyecto era impulsado hasta ahora por los diputados de<strong>&nbsp;la UCR, el PRO, la Coalici\u00f3n C\u00edvica, LLA, Hacemos Federal e Innovaci\u00f3n Federal<\/strong>, con el rechazo de Uni\u00f3n por la Patria y del Frente de Izquierda. En el radicalismo estaban seguros de contar con 18 votos en la comisi\u00f3n para emitir el dictamen de mayor\u00eda. Sin embargo, el viraje del oficialismo le quit\u00f3 10 firmas (5 de LLA y 5 del PRO), por lo que hubiera quedado empantanado, ya que&nbsp;se requiere de la mitad m\u00e1s uno para aprobar el dictamen.<\/p>\n\n\n\n<p class=\"wp-block-paragraph\">Por ese motivo, el presidente de la Comisi\u00f3n de Legislaci\u00f3n del Trabajo,<strong>&nbsp;<a target=\"_blank\" href=\"https:\/\/www.perfil.com\/noticias\/politica\/la-respuesta-de-martin-tetaz-al-posteo-de-milei-las-agresiones-hablan-del-agresor.phtml\" rel=\"noreferrer noopener\">Mart\u00edn Tetaz<\/a><\/strong>, decidi\u00f3 postergar la reuni\u00f3n, ya que la UCR no quer\u00eda perder esa votaci\u00f3n y que el kirchnerismo tuviera un dictamen de mayor\u00eda en rechazo a la reforma sindical.&nbsp;\u201cEste es el tipo de cosas miserables de la pol\u00edtica que&nbsp;<strong>dan bronca y ganas de abandonar a los que realmente queremos el cambio<\/strong>\u201d, expres\u00f3 con enojo.<\/p>\n\n\n\n<p class=\"wp-block-paragraph\"><a target=\"_blank\" href=\"https:\/\/www.perfil.com\/noticias\/politica\/gremios-y-organizaciones-se-ordenan-para-resistir.phtml\" rel=\"noreferrer noopener\">La CGT y organizaciones se ordenan para resistir al gobierno de Javier Milei<\/a><\/p>\n\n\n\n<p class=\"wp-block-paragraph\">Fuentes cercanas al diputado se\u00f1alaron&nbsp;que prefiri\u00f3 posponer ese debate porque<strong>&nbsp;no quer\u00eda desechar el acuerdo que hab\u00eda alcanzado con otros bloques dialoguista<\/strong>s como el PRO y la Coalici\u00f3n C\u00edvica, a la vez que&nbsp;manifestaron que esperaban que en una semana LLA acompa\u00f1e esa propuesta.<\/p>\n\n\n\n<p class=\"wp-block-paragraph\"><strong>La decisi\u00f3n del Poder Ejecutivo&nbsp;respondi\u00f3 directamente a un&nbsp;pedido de la CGT&nbsp;<\/strong>al&nbsp;ala dialoguista del Gobierno, conformada por la dupla&nbsp;<strong>Guillermo Francos y&nbsp;<a target=\"_blank\" href=\"https:\/\/www.perfil.com\/noticias\/columnistas\/santiago-caputo-obligado-a-salir-del-closet-politico-por-javier-calvo.phtml\" rel=\"noreferrer noopener\">Santiago Caputo<\/a><\/strong>, as\u00ed como&nbsp;a negociaciones entabladas en el Congreso por el diputado nacional&nbsp;<strong>Sergio Palazzo&nbsp;<\/strong>(UxP), l\u00edder del gremio bancario y vicepresidente de la Comisi\u00f3n de Legislaci\u00f3n del Trabajo, que viene conversando entre algunos legisladores para que le quiten su apoyo al proyecto.<\/p>\n\n\n\n<figure data-spectra-id=\"spectra-49aab2ca-a313-49e5-928f-497b83e0641b\" class=\"wp-block-image\"><img decoding=\"async\" src=\"https:\/\/fotos.perfil.com\/\/2024\/09\/24\/900\/0\/tuits-ley-de-democracia-sindical-1879110.png\" alt=\"Tuits ley de democracia sindical\" title=\"A pedido del oficialismo, Diputados posterg\u00f3 el debate de la ley de Democracia Sindical\" \/><\/figure>\n\n\n\n<p class=\"wp-block-paragraph\">\u201cEstamos confiados en que el gobierno recapacite y que la semana que viene revele su verdadera preferencia.&nbsp;<strong>No se puede cachetear a Bir\u00f3 para la foto y despu\u00e9s acordar con los gordos de la CGT.&nbsp;<\/strong>Hay que elegir de qu\u00e9 lado est\u00e1n\u201d, manifest\u00f3 Tetaz.<\/p>\n\n\n\n<p class=\"wp-block-paragraph\">En tanto, la diputada de la Coalici\u00f3n C\u00edvica&nbsp;<strong>M\u00f3nica Frade<\/strong>&nbsp;advirti\u00f3 que el Gobierno de Javier Milei, &#8220;asociado a la mafia sindical y a algunos conversos del PRO, impidi\u00f3 que hoy se vote dictamen para poner l\u00edmites a mandatos sindicales, y la cuota sindical voluntaria&#8221;.&nbsp;<strong>&#8220;<a target=\"_blank\" href=\"https:\/\/www.perfil.com\/noticias\/politica\/el-diputado-que-llevo-ensalada-de-papa-y-huevo-y-las-justificaciones-de-zago-y-lemoine-por-el-asado-en-olivos-no-habia-nada-que-festejar.phtml\" rel=\"noreferrer noopener\">Un asadito con ensalada de papitas<\/a>&nbsp;lo puede&#8221;<\/strong>, ironiz\u00f3.<\/p>\n\n\n\n<p class=\"wp-block-paragraph\">A trav\u00e9s de su cuenta de X (antes Twitter), la legisladora agreg\u00f3 que ven\u00edan trabajando en la Comisi\u00f3n de Legislaci\u00f3n del Trabajo en el Congreso para &#8220;poner fin a los sindicalistas que usan sus cargos para enriquecerse&#8221;.&nbsp;&#8220;Me agrada que el gobierno sea tan expl\u00edcito.&nbsp;<strong>Est\u00e1 asociado a las mafias<\/strong>&#8220;, complet\u00f3.<\/p>\n\n\n\n<figure data-spectra-id=\"spectra-e22eaa84-f6f0-47ee-b32b-9cee012aaddb\" class=\"wp-block-image\"><img decoding=\"async\" src=\"https:\/\/fotos.perfil.com\/\/2024\/09\/24\/900\/0\/tuits-ley-de-democracia-sindical-1879111.png\" alt=\"Tuits ley de democracia sindical\" title=\"A pedido del oficialismo, Diputados posterg\u00f3 el debate de la ley de Democracia Sindical\" \/><\/figure>\n\n\n\n<p class=\"wp-block-paragraph\">Por su parte, el bloque del PRO rechaz\u00f3 la acusaci\u00f3n de un acuerdo para demorar el tratamiento de la democratizaci\u00f3n sindical y&nbsp;<strong>destac\u00f3 su apoyo al dictamen que se iba a tratar hoy&nbsp;<\/strong>porque &#8220;incorpora muchas de las propuestas impulsadas por nuestro espacio y forma parte central de nuestra agenda parlamentaria&#8221;. &#8220;Durante meses, hemos trabajado junto a distintas fuerzas pol\u00edticas para impulsar reformas clave en el \u00e1mbito sindical&#8221;, indic\u00f3 el partido amarillo en un comunicado.<\/p>\n\n\n\n<p class=\"wp-block-paragraph\">Sumado a esto, se\u00f1al\u00f3 que ese despacho que hab\u00edan consensuado entre&nbsp;<a target=\"_blank\" href=\"https:\/\/www.perfil.com\/noticias\/politica\/todo-por-hablar-milei-quiere-sacar-el-presupuesto-y-no-duda-en-negociar-con-dialoguistas.phtml\" rel=\"noreferrer noopener\">LLA y los bloques dialoguistas<\/a>&nbsp;propone &#8220;<strong>la eliminaci\u00f3n de las reelecciones indefinidas<\/strong>, la participaci\u00f3n de las minor\u00edas en los \u00f3rganos directivos, la obligatoriedad de declaraciones juradas para los dirigentes, el acceso a la informaci\u00f3n por parte de los afiliados, la afiliaci\u00f3n voluntaria y la eliminaci\u00f3n de las cuotas solidarias&#8221;.<\/p>\n\n\n\n<p class=\"wp-block-paragraph\">&#8220;Estas propuestas reflejan el compromiso del PRO con&nbsp;<strong>un sindicalismo moderno y democr\u00e1tico<\/strong>, en sinton\u00eda con los valores de institucionalidad y participaci\u00f3n que hemos defendido desde nuestros inicios&#8221;, agreg\u00f3 el partido fundado por Mauricio Macri.<\/p>\n\n\n\n<p class=\"wp-block-paragraph\"><a target=\"_blank\" href=\"https:\/\/www.perfil.com\/noticias\/economia\/la-justicia-rechazo-un-reclamo-de-camioneros-por-un-convenio-laboral-en-mercado-libre.phtml\" rel=\"noreferrer noopener\">La Justicia rechaz\u00f3 un reclamo de Camioneros por un convenio laboral en Mercado Libre<\/a><\/p>\n\n\n\n<p class=\"wp-block-paragraph\">El despacho que buscaba emitir fue consensuado en base a una treintena de proyectos presentados por la UCR, el PRO, LLA, Encuentro Federal y la Coalici\u00f3n C\u00edvica. El mismo<strong>&nbsp;proh\u00edbe el descuento obligatorio de las cuotas solidarias<\/strong>, uno de los puntos que mas rechazan los gremios porque afecta la recaudaci\u00f3n de esas organizaciones sindicales.<\/p>\n\n\n\n<p class=\"wp-block-paragraph\">Tambi\u00e9n establece la iniciativa que &#8220;no se podr\u00e1 exigir ni imponer aportes a los trabajadores de manera obligatoria&#8221; y que&nbsp;<strong>cualquier descuento deber\u00e1 tener la &#8220;autorizaci\u00f3n expresa del trabajador&#8221;<\/strong>, la cual podr\u00e1 ser revocada en cualquier momento a trav\u00e9s de un telegrama o cualquier otro medio de comunicaci\u00f3n fehaciente. Otro punto clave es que elimina la posibilidad de la reelecci\u00f3n indefinida, como existe en la actualidad, y dispone una sola reelecci\u00f3n.<\/p>\n\n\n\n<p class=\"wp-block-paragraph\">Los proyectos fueron presentados por\u00a0<strong>Tetaz<\/strong>;<strong>\u00a0Roxana Reyes<\/strong>\u00a0(UCR);\u00a0<strong>M\u00f3nica Frade\u00a0<\/strong>(CC);\u00a0<strong>Luis Picat\u00a0<\/strong>(UCR);\u00a0<strong>Soledad Carrizo<\/strong>\u00a0(UCR);\u00a0<strong>Ver\u00f3nica Razzini\u00a0<\/strong>(PRO);\u00a0<strong>Mar\u00eda Eugenia Vidal<\/strong>\u00a0(PRO);<strong>\u00a0Fernando Iglesias<\/strong>\u00a0(PRO);\u00a0<strong>Ricardo L\u00f3pez Murphy\u00a0<\/strong>(EF),\u00a0<strong>Rodrigo de Loredo<\/strong>\u00a0(UCR);<strong>\u00a0Gerardo Huesen<\/strong>\u00a0(LLA) y\u00a0<strong>Gabriel Chumpitaz\u00a0<\/strong>(PRO), entre otros.<\/p>\n\n\n\n<p class=\"wp-block-paragraph\">Fuente: <a href=\"https:\/\/www.perfil.com\/\">Perfil.com<\/a><\/p>","protected":false},"excerpt":{"rendered":"<p>Luego de que el Gobierno consiguiera llegar a un acuerdo con la CGT&nbsp;para frenar el dictamen de Reforma Sindical, la&nbsp;Comisi\u00f3n de Legislaci\u00f3n del Trabajo&nbsp;de la&nbsp;C\u00e1mara de Diputados&nbsp;postergar\u00e1 por una semana el debate del dictamen de la ley de Democracia Sindical&nbsp;debido a que el oficialismo prefiri\u00f3 no abrir un nuevo frente con la dirigencia del sindicato, [&hellip;]<\/p>\n","protected":false},"author":9,"featured_media":0,"comment_status":"open","ping_status":"open","sticky":false,"template":"","format":"standard","meta":{"site-sidebar-layout":"default","site-content-layout":"","ast-site-content-layout":"default","site-content-style":"default","site-sidebar-style":"default","ast-global-header-display":"","ast-banner-title-visibility":"","ast-main-header-display":"","ast-hfb-above-header-display":"","ast-hfb-below-header-display":"","ast-hfb-mobile-header-display":"","site-post-title":"","ast-breadcrumbs-content":"","ast-featured-img":"","footer-sml-layout":"","ast-disable-related-posts":"","theme-transparent-header-meta":"","adv-header-id-meta":"","stick-header-meta":"","header-above-stick-meta":"","header-main-stick-meta":"","header-below-stick-meta":"","astra-migrate-meta-layouts":"default","ast-page-background-enabled":"default","ast-page-background-meta":{"desktop":{"background-color":"","background-image":"","background-repeat":"repeat","background-position":"center center","background-size":"auto","background-attachment":"scroll","background-type":"","background-media":"","overlay-type":"","overlay-color":"","overlay-opacity":"","overlay-gradient":""},"tablet":{"background-color":"","background-image":"","background-repeat":"repeat","background-position":"center center","background-size":"auto","background-attachment":"scroll","background-type":"","background-media":"","overlay-type":"","overlay-color":"","overlay-opacity":"","overlay-gradient":""},"mobile":{"background-color":"","background-image":"","background-repeat":"repeat","background-position":"center center","background-size":"auto","background-attachment":"scroll","background-type":"","background-media":"","overlay-type":"","overlay-color":"","overlay-opacity":"","overlay-gradient":""}},"ast-content-background-meta":{"desktop":{"background-color":"var(--ast-global-color-5)","background-image":"","background-repeat":"repeat","background-position":"center center","background-size":"auto","background-attachment":"scroll","background-type":"","background-media":"","overlay-type":"","overlay-color":"","overlay-opacity":"","overlay-gradient":""},"tablet":{"background-color":"var(--ast-global-color-5)","background-image":"","background-repeat":"repeat","background-position":"center center","background-size":"auto","background-attachment":"scroll","background-type":"","background-media":"","overlay-type":"","overlay-color":"","overlay-opacity":"","overlay-gradient":""},"mobile":{"background-color":"var(--ast-global-color-5)","background-image":"","background-repeat":"repeat","background-position":"center center","background-size":"auto","background-attachment":"scroll","background-type":"","background-media":"","overlay-type":"","overlay-color":"","overlay-opacity":"","overlay-gradient":""}},"footnotes":""},"categories":[2],"tags":[],"class_list":["post-108316","post","type-post","status-publish","format-standard","hentry","category-politica"],"spectra_blocks_featured_image_url":null,"spectra_blocks_author_info":{"display_name":"Jorge Alfredo Baret","avatar_url":"https:\/\/secure.gravatar.com\/avatar\/31696f5ca83439b642450ec7d3f82f98451a5efacb414343d5478c982b337f26?s=96&d=mm&r=g","author_link":"https:\/\/100xd.com.ar\/es\/author\/jorge\/","description":"Ingeniero Qu\u00edmico UTN - Director Apoderado de Comunicaciones Auditadas SA. Editor Responsable 100xd.com.ar."},"_links":{"self":[{"href":"https:\/\/100xd.com.ar\/es\/wp-json\/wp\/v2\/posts\/108316","targetHints":{"allow":["GET"]}}],"collection":[{"href":"https:\/\/100xd.com.ar\/es\/wp-json\/wp\/v2\/posts"}],"about":[{"href":"https:\/\/100xd.com.ar\/es\/wp-json\/wp\/v2\/types\/post"}],"author":[{"embeddable":true,"href":"https:\/\/100xd.com.ar\/es\/wp-json\/wp\/v2\/users\/9"}],"replies":[{"embeddable":true,"href":"https:\/\/100xd.com.ar\/es\/wp-json\/wp\/v2\/comments?post=108316"}],"version-history":[{"count":1,"href":"https:\/\/100xd.com.ar\/es\/wp-json\/wp\/v2\/posts\/108316\/revisions"}],"predecessor-version":[{"id":108318,"href":"https:\/\/100xd.com.ar\/es\/wp-json\/wp\/v2\/posts\/108316\/revisions\/108318"}],"wp:attachment":[{"href":"https:\/\/100xd.com.ar\/es\/wp-json\/wp\/v2\/media?parent=108316"}],"wp:term":[{"taxonomy":"category","embeddable":true,"href":"https:\/\/100xd.com.ar\/es\/wp-json\/wp\/v2\/categories?post=108316"},{"taxonomy":"post_tag","embeddable":true,"href":"https:\/\/100xd.com.ar\/es\/wp-json\/wp\/v2\/tags?post=108316"}],"curies":[{"name":"wp","href":"https:\/\/api.w.org\/{rel}","templated":true}]}}