{"id":107355,"date":"2024-09-07T09:39:47","date_gmt":"2024-09-07T12:39:47","guid":{"rendered":"https:\/\/100xd.com.ar\/?p=107355"},"modified":"2024-09-07T09:39:47","modified_gmt":"2024-09-07T12:39:47","slug":"idea-una-voz-energica-y-un-mensaje-de-esperanza-2","status":"publish","type":"post","link":"https:\/\/100xd.com.ar\/es\/idea-una-voz-energica-y-un-mensaje-de-esperanza-2\/","title":{"rendered":"IDEA: una voz en\u00e9rgica y un mensaje de esperanza"},"content":{"rendered":"<p class=\"wp-block-paragraph\">MAR DEL PLATA.- Imposible no contrastar lo vivido aqu\u00ed con aquellas jornadas de alta tensi\u00f3n y pavura.<\/p>\n\n\n\n<p class=\"wp-block-paragraph\">Corr\u00eda el Coloquio de IDEA de 2005, en pleno apogeo del gobierno de N\u00e9stor Kirchner, cuando desde este encuentro empresario se hizo menci\u00f3n a diversos aspectos de la situaci\u00f3n del pa\u00eds. Nada ofensivo ni fuera de lugar, sino m\u00e1s bien expresiones derivadas del sano debate que genera cada a\u00f1o este foro empresario.&nbsp;<strong>Aquellas opiniones desencadenaron una reacci\u00f3n furiosa del entonces presidente,&nbsp;<\/strong>que atac\u00f3 personalmente a importantes hombres de negocios, a tal punto que organizadores de aquel coloquio llegaron a convocar a cronistas de medios a una habitaci\u00f3n para implorarles que bajaran el tono de lo que se informaba<strong>. Ese momento marc\u00f3 un antes y un despu\u00e9s. Durante muchos a\u00f1os se instal\u00f3 el miedo, que dio lugar a un estruendoso silencio. El silencio de los empresarios.<\/strong><\/p>\n\n\n\n<p class=\"wp-block-paragraph\">Eso se termin\u00f3.&nbsp;<strong>Si una conclusi\u00f3n puede extraerse de esta reuni\u00f3n anual, que deliber\u00f3 durante tres d\u00edas hasta ayer con presencia r\u00e9cord de hombres y mujeres de negocios, es que ese mutismo definitivamente es cosa del pasado.<\/strong><\/p>\n\n\n\n<p class=\"wp-block-paragraph\">Hay que admitir que no es algo nuevo: numerosas entidades del mundo de los negocios vienen desde hace a\u00f1os pronunci\u00e1ndose sonoramente en defensa de las instituciones democr\u00e1ticas, por reglas de juego claras y una menor injerencia del Estado en la actividad privada, entre otros aspectos de la vida p\u00fablica.&nbsp;<strong>Pero aqu\u00ed pudo apreciarse un tono distinto. Se habl\u00f3 a boca de jarro. Se respira en el ambiente, por el calamitoso estado del pa\u00eds, por la intranquilidad que genera la din\u00e1mica cambiaria, y por la incertidumbre que depara el escenario electoral, que la situaci\u00f3n no da para m\u00e1s.<\/strong><\/p>\n\n\n\n<p class=\"wp-block-paragraph\">No hizo falta esperar demasiado para registrar esa catarsis te\u00f1ida de angustia. Ya en la misma apertura del coloquio, el mi\u00e9rcoles pasado, el presidente del foro, Santiago Mignone, cuestion\u00f3, despojado de cualquier eufemismo, la corrupci\u00f3n y la inflaci\u00f3n \u201cinsoportable\u201d, critic\u00f3 los \u201cataques\u201d a la Justicia y protest\u00f3 por un Estado \u201cvoraz\u201d que se entromete cada vez m\u00e1s en la vida del sector privado. Habl\u00f3 de \u201cagobio\u201d, de \u201chartazgo\u201d, del temor generalizado por la expansi\u00f3n de la inseguridad, del dram\u00e1tico aumento de la pobreza y de la desaz\u00f3n que embarga a tantos argentinos que vemos a nuestros hijos emigrar.<\/p>\n\n\n\n<p class=\"wp-block-paragraph\"><strong>En IDEA se dijeron cosas con un \u00e9nfasis que este periodista no recuerda en a\u00f1os.<\/strong>&nbsp;Resumamos lo m\u00e1s importante:<strong>&nbsp;la \u00fanica forma de volver a ser un pa\u00eds serio es respetar la Constituci\u00f3n y las instituciones democr\u00e1ticas<\/strong>; no hay otro camino que apelar a acuerdos y a la vocaci\u00f3n de di\u00e1logo, despojarse de prejuicios y terminar con la l\u00f3gica amigo-enemigo.&nbsp;<strong>Hablar de \u201ccasta\u201d impone una distancia que dificulta la b\u00fasqueda de consensos.<\/strong>&nbsp;Sin una macroeconom\u00eda estable no hay pa\u00eds posible. La sociedad argentina est\u00e1 en el l\u00edmite de la tolerancia ante la excesiva presi\u00f3n fiscal.<\/p>\n\n\n\n<p class=\"wp-block-paragraph\">La gran atracci\u00f3n en Mar del Plata fue un funcionario que lleva 17 a\u00f1os en su cargo, y disert\u00f3 en voz baja, con una sencillez y una humildad que dejaron a todos pasmados.&nbsp;<strong>Aplausos de admiraci\u00f3n para el presidente del Banco Central de Per\u00fa, Julio Velarde Flores, que dirige esa entidad con total independencia del poder central&nbsp;<\/strong>en un pa\u00eds que vive una sucesi\u00f3n interminable de convulsiones pol\u00edticas, con ocho presidentes en los \u00faltimos 17 a\u00f1os, cada uno con un promedio de duraci\u00f3n de menos de dos a\u00f1os.<\/p>\n\n\n\n<p class=\"wp-block-paragraph\">\u00bfCu\u00e1l es el resultado de tener un banco central independiente desde 1979, seg\u00fan ilustr\u00f3 Velarde Flores? Inflaci\u00f3n anual promedio menor del 3% en las \u00faltimas dos d\u00e9cadas y reservas por 76.000 millones de d\u00f3lares. La platea crey\u00f3 escuchar mal cuando lo despidi\u00f3 como una estrella de rock: \u201cPuedo ser removido si le presto dinero al gobierno y no puedo obligar a los bancos a comprarle bonos al Tesoro, porque tambi\u00e9n es causa de remoci\u00f3n\u201d, sorprendi\u00f3.<\/p>\n\n\n\n<p class=\"wp-block-paragraph\">La pol\u00edtica tambi\u00e9n dej\u00f3 sus ense\u00f1anzas.&nbsp;<strong>El paso de Patricia Bullrich fue tan celebrado como Chiquito Romero anteanoche en pantallas y celulares del Sheraton y el Costa Galana.<\/strong>&nbsp;<strong>Jugaba con comodidad, ante un p\u00fablico que le resulta af\u00edn, con un mensaje de orden y optimismo que deber\u00e1 refrendar en las urnas.<\/strong><\/p>\n\n\n\n<p class=\"wp-block-paragraph\"><strong>Milei disert\u00f3 en un restaurante a diez minutos del coloquio sin exponerse a las preguntas de los organizadores del encuentro.<\/strong>&nbsp;Hay que reconocerle haber impuesto en la agenda electoral el discurso econ\u00f3mico que recit\u00f3 sin apartarse una l\u00ednea ante unos ochenta empresarios. Su fastidio con uno de sus colaboradores cuando trin\u00f3 el celular mientras hablaba pareci\u00f3 dejar en evidencia&nbsp;<strong>una escasa tolerancia cuando lo interrumpen o lo sacan de su libreto.<\/strong>&nbsp;Y desaprovech\u00f3 la oportunidad de saludar uno por uno a los asistentes,&nbsp;<strong>haciendo gala de cierta estrechez para relacionarse con aquellos que son ajenos a su c\u00edrculo \u00edntimo.<\/strong><\/p>\n\n\n\n<figure data-spectra-id=\"spectra-14ff403e-f12c-4240-a839-ad1e6ce779e0\" class=\"wp-block-image\"><img decoding=\"async\" src=\"https:\/\/resizer.glanacion.com\/resizer\/v2\/esteban-bullrich-en-el-coloquio-de-E45ECI65Y5FNDKFJI64X5K76ZQ.jpg?auth=4483526a6e8e0074fce05ba0ec6e20174b50e5164db909aa937a6ed2a0ce886f&amp;width=420&amp;height=280&amp;quality=70&amp;smart=true\" alt=\"Esteban Bullrich en el Coloquio de IDEA\" title=\"IDEA: una voz en\u00e9rgica y un mensaje de esperanza\" \/><figcaption>Esteban Bullrich en el Coloquio de IDEA<\/figcaption><\/figure>\n\n\n\n<p class=\"wp-block-paragraph\">\u201cArgentina, volv\u00e1monos a ilusionar\u201d, fue este a\u00f1o el lema del coloquio. Quien mejor supo expresarlo acaso haya sido Esteban Bullrich, quien, desde su silla de ruedas especialmente adaptada, moviliz\u00f3 el cierre ante un auditorio conmovido apelando a valores esenciales: \u201cEsfuerzo, m\u00e9rito, cultura del trabajo, empat\u00eda, vocaci\u00f3n p\u00fablica, compromiso personal. Recuperemos el valor de la palabra, porque trabajando juntos podemos salir adelante\u201d, dijo en el final. En un contexto de adversidades desafiantes,\u00a0<strong>Esteban Bullrich inspira con su integridad y su coraje. Su mensaje ayuda a reconciliarnos con la ilusi\u00f3n y la esperanza.<\/strong><\/p>\n\n\n\n<p class=\"wp-block-paragraph\"><a href=\"https:\/\/www.lanacion.com.ar\/autor\/fernan-saguier-90\/\">Fern\u00e1n Saguier<\/a><\/p>\n\n\n\n<p class=\"wp-block-paragraph\">Fuente: <a href=\"https:\/\/www.lanacion.com.ar\/\">La Naci\u00f3n<\/a><\/p>","protected":false},"excerpt":{"rendered":"<p>MAR DEL PLATA.- Imposible no contrastar lo vivido aqu\u00ed con aquellas jornadas de alta tensi\u00f3n y pavura. Corr\u00eda el Coloquio de IDEA de 2005, en pleno apogeo del gobierno de N\u00e9stor Kirchner, cuando desde este encuentro empresario se hizo menci\u00f3n a diversos aspectos de la situaci\u00f3n del pa\u00eds. Nada ofensivo ni fuera de lugar, sino [&hellip;]<\/p>\n","protected":false},"author":9,"featured_media":0,"comment_status":"open","ping_status":"open","sticky":false,"template":"","format":"standard","meta":{"site-sidebar-layout":"default","site-content-layout":"","ast-site-content-layout":"default","site-content-style":"default","site-sidebar-style":"default","ast-global-header-display":"","ast-banner-title-visibility":"","ast-main-header-display":"","ast-hfb-above-header-display":"","ast-hfb-below-header-display":"","ast-hfb-mobile-header-display":"","site-post-title":"","ast-breadcrumbs-content":"","ast-featured-img":"","footer-sml-layout":"","ast-disable-related-posts":"","theme-transparent-header-meta":"","adv-header-id-meta":"","stick-header-meta":"","header-above-stick-meta":"","header-main-stick-meta":"","header-below-stick-meta":"","astra-migrate-meta-layouts":"default","ast-page-background-enabled":"default","ast-page-background-meta":{"desktop":{"background-color":"","background-image":"","background-repeat":"repeat","background-position":"center center","background-size":"auto","background-attachment":"scroll","background-type":"","background-media":"","overlay-type":"","overlay-color":"","overlay-opacity":"","overlay-gradient":""},"tablet":{"background-color":"","background-image":"","background-repeat":"repeat","background-position":"center center","background-size":"auto","background-attachment":"scroll","background-type":"","background-media":"","overlay-type":"","overlay-color":"","overlay-opacity":"","overlay-gradient":""},"mobile":{"background-color":"","background-image":"","background-repeat":"repeat","background-position":"center center","background-size":"auto","background-attachment":"scroll","background-type":"","background-media":"","overlay-type":"","overlay-color":"","overlay-opacity":"","overlay-gradient":""}},"ast-content-background-meta":{"desktop":{"background-color":"var(--ast-global-color-5)","background-image":"","background-repeat":"repeat","background-position":"center center","background-size":"auto","background-attachment":"scroll","background-type":"","background-media":"","overlay-type":"","overlay-color":"","overlay-opacity":"","overlay-gradient":""},"tablet":{"background-color":"var(--ast-global-color-5)","background-image":"","background-repeat":"repeat","background-position":"center center","background-size":"auto","background-attachment":"scroll","background-type":"","background-media":"","overlay-type":"","overlay-color":"","overlay-opacity":"","overlay-gradient":""},"mobile":{"background-color":"var(--ast-global-color-5)","background-image":"","background-repeat":"repeat","background-position":"center center","background-size":"auto","background-attachment":"scroll","background-type":"","background-media":"","overlay-type":"","overlay-color":"","overlay-opacity":"","overlay-gradient":""}},"footnotes":""},"categories":[12],"tags":[],"class_list":["post-107355","post","type-post","status-publish","format-standard","hentry","category-opinion"],"spectra_blocks_featured_image_url":null,"spectra_blocks_author_info":{"display_name":"Jorge Alfredo Baret","avatar_url":"https:\/\/secure.gravatar.com\/avatar\/31696f5ca83439b642450ec7d3f82f98451a5efacb414343d5478c982b337f26?s=96&d=mm&r=g","author_link":"https:\/\/100xd.com.ar\/es\/author\/jorge\/","description":"Ingeniero Qu\u00edmico UTN - Director Apoderado de Comunicaciones Auditadas SA. Editor Responsable 100xd.com.ar."},"_links":{"self":[{"href":"https:\/\/100xd.com.ar\/es\/wp-json\/wp\/v2\/posts\/107355","targetHints":{"allow":["GET"]}}],"collection":[{"href":"https:\/\/100xd.com.ar\/es\/wp-json\/wp\/v2\/posts"}],"about":[{"href":"https:\/\/100xd.com.ar\/es\/wp-json\/wp\/v2\/types\/post"}],"author":[{"embeddable":true,"href":"https:\/\/100xd.com.ar\/es\/wp-json\/wp\/v2\/users\/9"}],"replies":[{"embeddable":true,"href":"https:\/\/100xd.com.ar\/es\/wp-json\/wp\/v2\/comments?post=107355"}],"version-history":[{"count":1,"href":"https:\/\/100xd.com.ar\/es\/wp-json\/wp\/v2\/posts\/107355\/revisions"}],"predecessor-version":[{"id":107357,"href":"https:\/\/100xd.com.ar\/es\/wp-json\/wp\/v2\/posts\/107355\/revisions\/107357"}],"wp:attachment":[{"href":"https:\/\/100xd.com.ar\/es\/wp-json\/wp\/v2\/media?parent=107355"}],"wp:term":[{"taxonomy":"category","embeddable":true,"href":"https:\/\/100xd.com.ar\/es\/wp-json\/wp\/v2\/categories?post=107355"},{"taxonomy":"post_tag","embeddable":true,"href":"https:\/\/100xd.com.ar\/es\/wp-json\/wp\/v2\/tags?post=107355"}],"curies":[{"name":"wp","href":"https:\/\/api.w.org\/{rel}","templated":true}]}}