{"id":106885,"date":"2024-08-28T12:15:02","date_gmt":"2024-08-28T15:15:02","guid":{"rendered":"https:\/\/100xd.com.ar\/?p=106885"},"modified":"2024-08-28T12:15:02","modified_gmt":"2024-08-28T15:15:02","slug":"el-veto-a-la-ley-de-movilidad-jubilatoria","status":"publish","type":"post","link":"https:\/\/100xd.com.ar\/es\/el-veto-a-la-ley-de-movilidad-jubilatoria\/","title":{"rendered":"El veto a la ley de movilidad jubilatoria"},"content":{"rendered":"<p class=\"wp-block-paragraph\">Con una muy amplia mayor\u00eda, el&nbsp;<strong>Senado<\/strong>&nbsp;aprob\u00f3 para su sanci\u00f3n el proyecto de ley que introduce cambios en los niveles y procedimientos de ajustes de los haberes jubilatorios y que contaba ya con media sanci\u00f3n de la C\u00e1mara baja.<\/p>\n\n\n\n<p class=\"wp-block-paragraph\">Las cuestiones relevantes de la norma aprobada son las siguientes:<\/p>\n\n\n\n<ul class=\"wp-block-list\"><li>Se incrementan con base en el mes de abril de 2024 los haberes previsionales para recuperar la diferencia entre el ajuste otorgado en el primer trimestre y la variaci\u00f3n del \u00edndice de precios al consumidor, equivalente a 8,1 puntos. Se recupera as\u00ed la p\u00e9rdida de poder adquisitivo del primer trimestre.<\/li><li>Se introduce una cl\u00e1usula gatillo anual, por aplicarse cada marzo, por la cual si el \u00edndice de salarios (<strong>Ripte<\/strong>) subiese m\u00e1s que el \u00edndice de precios al consumidor (<strong>IPC<\/strong>), los haberes se aumentar\u00e1n adicionalmente en la mitad de esa diferencia porcentual. Esta cl\u00e1usula no es sim\u00e9trica. Si el Ripte es menor que el IPC, no habr\u00e1 deducci\u00f3n.<\/li><li>Se dispone que el haber m\u00ednimo no podr\u00e1 ser inferior a&nbsp;<mark>1,09 canastas b\u00e1sicas por adulto<\/mark>, algo que actualmente equivaldr\u00eda a 317.704 pesos. Esto implica un aumento, ya que en julio el haber m\u00ednimo fue de 215.580,82 pesos, que sumados al bono de 70.000 pesos llegan a 285.580,82 pesos.<\/li><\/ul>\n\n\n\n<p class=\"wp-block-paragraph\"><mark>El costo fiscal calculado representa el 0,45% del PBI para 2024, pero podr\u00eda alcanzar el 2% del PBI<\/mark>&nbsp;seg\u00fan resulten las cl\u00e1usulas de ajuste que se establecieron. La ley aprobada por el Congreso no incluy\u00f3 ninguna disposici\u00f3n para compensar o cubrir ese impacto fiscal.<\/p>\n\n\n\n<blockquote class=\"wp-block-quote is-layout-flow wp-block-quote-is-layout-flow\"><p>El impacto fiscal de los cambios introducidos en la nueva ley de movilidad es sensible y pone en riesgo el proceso de reducci\u00f3n de la inflaci\u00f3n<\/p><\/blockquote>\n\n\n\n<p class=\"wp-block-paragraph\">Sin duda, para la aprobaci\u00f3n de esta ley traccionaron la oposici\u00f3n kirchnerista y una izquierda dispuesta a poner trabas en la rueda con un deseo&nbsp;<em>in pectore<\/em>&nbsp;de ver fracasar al Gobierno. Pero el voto positivo tuvo tambi\u00e9n la adhesi\u00f3n de legisladores de espacios que hab\u00edan evitado hasta ahora entorpecer las reformas encaradas por el presidente&nbsp;<strong>Javier Milei<\/strong>.<\/p>\n\n\n\n<p class=\"wp-block-paragraph\">El prop\u00f3sito y las consecuencias de los cambios introducidos por esta ley constituyen uno de esos casos en los que resulta dif\u00edcil explicar y comprender que hay perjuicios econ\u00f3micos y sociales indirectos, adem\u00e1s de los beneficios directos, que son m\u00e1s claramente perceptibles y emocionalmente sensibles.&nbsp;<mark>\u00bfQui\u00e9n no apoyar\u00eda un aumento a los jubilados que les permita recuperar e incrementar su poder adquisitivo? Pero el legislador debe sopesar en su decisi\u00f3n el hecho de que esa misma asignaci\u00f3n de fondos debe detraerse de otros destinos tambi\u00e9n sensibles.<\/mark><\/p>\n\n\n\n<p class=\"wp-block-paragraph\">Hay un sinn\u00famero de necesidades en la sociedad que esperan una mayor ayuda estatal. La mirada a cada una de ellas produce consternaci\u00f3n y la imposibilidad de resolverlas genera un sentimiento de rebeld\u00eda. Pero el Gobierno no solo no tiene plata, sino que hered\u00f3 un d\u00e9ficit que ha sido imprescindible corregir con urgencia y sin delicadeza para no caer en la cat\u00e1strofe econ\u00f3mica y social de la hiperinflaci\u00f3n y el default. Debe bajarse el gasto p\u00fablico improductivo, as\u00ed como eliminar subsidios y combatir la corrupci\u00f3n. Esto exige tiempo. Mientras tanto, todo nuevo gasto requerir\u00e1 aumentar impuestos o emitir dinero. Esta \u00faltima alternativa ha sido la usualmente elegida en el pasado argentino, provocando inflaci\u00f3n y generando crisis recurrentes, estancamiento y pobreza. La opci\u00f3n electoral ciudadana apunt\u00f3 a salir definitivamente de este c\u00edrculo vicioso.<\/p>\n\n\n\n<p class=\"wp-block-paragraph\">El impacto fiscal de los cambios introducidos en la nueva ley de movilidad jubilatoria es sensible y pone seriamente en riesgo el proceso de reducci\u00f3n de la inflaci\u00f3n. Esto deber\u00eda haber sido comprendido y priorizado por aquellos legisladores que prefieren el \u00e9xito antes que el fracaso del programa de estabilizaci\u00f3n en marcha. Ya sabemos c\u00f3mo act\u00faan muchos de quienes solo piensan en aumentarse las dietas y en buscar el aplauso f\u00e1cil de quienes, lamentablemente, padecen hoy privaciones sin que est\u00e9 claro para ellos que cejar en el esfuerzo invalidar\u00e1 mucho de lo que ya conseguimos. El incremento que tuvo el riesgo pa\u00eds cuando se conoci\u00f3 la aprobaci\u00f3n en el Senado es m\u00e1s que demostrativo de la evaluaci\u00f3n realizada por analistas internacionales.<\/p>\n\n\n\n<p class=\"wp-block-paragraph\">Los legisladores kirchneristas que votaron esta ley deber\u00edan recordar que, siendo presidenta de la Naci\u00f3n,&nbsp;<strong>Cristina Kirchner<\/strong>&nbsp;<mark>vet\u00f3 en 2010 una ley que impon\u00eda el 82% m\u00f3vil para los haberes jubilatorios<\/mark>, al interpretar que se trataba de una \u201cley de quiebra\u201d y que no pod\u00eda permitir \u201cque se desfinancie el Estado\u201d. La irresponsabilidad de este sector pol\u00edtico, por lo visto, se multiplica cuando le toca desempe\u00f1ar el rol de oposici\u00f3n, aunque buena parte del actual desfinanciamiento del sistema previsional guarda relaci\u00f3n con las medidas de excepci\u00f3n de los gobiernos kirchneristas que permitieron que un gran n\u00famero de personas accedieran a la jubilaci\u00f3n sin haber hecho los aportes necesarios.<\/p>\n\n\n\n<p class=\"wp-block-paragraph\"><mark>El veto presidencial es comprensible, aunque su anuncio debi\u00f3 haber omitido adjetivos innecesariamente agresivos y concentrarse en la explicaci\u00f3n de las razones de aplicarlo.<\/mark><\/p>\n\n\n\n<p class=\"wp-block-paragraph\">Fuente: <a href=\"https:\/\/www.lanacion.com.ar\/\">La Naci\u00f3n<\/a><\/p>","protected":false},"excerpt":{"rendered":"<p>Con una muy amplia mayor\u00eda, el&nbsp;Senado&nbsp;aprob\u00f3 para su sanci\u00f3n el proyecto de ley que introduce cambios en los niveles y procedimientos de ajustes de los haberes jubilatorios y que contaba ya con media sanci\u00f3n de la C\u00e1mara baja. Las cuestiones relevantes de la norma aprobada son las siguientes: Se incrementan con base en el mes [&hellip;]<\/p>\n","protected":false},"author":9,"featured_media":0,"comment_status":"open","ping_status":"open","sticky":false,"template":"","format":"standard","meta":{"site-sidebar-layout":"default","site-content-layout":"","ast-site-content-layout":"default","site-content-style":"default","site-sidebar-style":"default","ast-global-header-display":"","ast-banner-title-visibility":"","ast-main-header-display":"","ast-hfb-above-header-display":"","ast-hfb-below-header-display":"","ast-hfb-mobile-header-display":"","site-post-title":"","ast-breadcrumbs-content":"","ast-featured-img":"","footer-sml-layout":"","ast-disable-related-posts":"","theme-transparent-header-meta":"","adv-header-id-meta":"","stick-header-meta":"","header-above-stick-meta":"","header-main-stick-meta":"","header-below-stick-meta":"","astra-migrate-meta-layouts":"default","ast-page-background-enabled":"default","ast-page-background-meta":{"desktop":{"background-color":"","background-image":"","background-repeat":"repeat","background-position":"center center","background-size":"auto","background-attachment":"scroll","background-type":"","background-media":"","overlay-type":"","overlay-color":"","overlay-opacity":"","overlay-gradient":""},"tablet":{"background-color":"","background-image":"","background-repeat":"repeat","background-position":"center center","background-size":"auto","background-attachment":"scroll","background-type":"","background-media":"","overlay-type":"","overlay-color":"","overlay-opacity":"","overlay-gradient":""},"mobile":{"background-color":"","background-image":"","background-repeat":"repeat","background-position":"center center","background-size":"auto","background-attachment":"scroll","background-type":"","background-media":"","overlay-type":"","overlay-color":"","overlay-opacity":"","overlay-gradient":""}},"ast-content-background-meta":{"desktop":{"background-color":"var(--ast-global-color-5)","background-image":"","background-repeat":"repeat","background-position":"center center","background-size":"auto","background-attachment":"scroll","background-type":"","background-media":"","overlay-type":"","overlay-color":"","overlay-opacity":"","overlay-gradient":""},"tablet":{"background-color":"var(--ast-global-color-5)","background-image":"","background-repeat":"repeat","background-position":"center center","background-size":"auto","background-attachment":"scroll","background-type":"","background-media":"","overlay-type":"","overlay-color":"","overlay-opacity":"","overlay-gradient":""},"mobile":{"background-color":"var(--ast-global-color-5)","background-image":"","background-repeat":"repeat","background-position":"center center","background-size":"auto","background-attachment":"scroll","background-type":"","background-media":"","overlay-type":"","overlay-color":"","overlay-opacity":"","overlay-gradient":""}},"footnotes":""},"categories":[149],"tags":[],"class_list":["post-106885","post","type-post","status-publish","format-standard","hentry","category-entrevistas"],"spectra_blocks_featured_image_url":null,"spectra_blocks_author_info":{"display_name":"Jorge Alfredo Baret","avatar_url":"https:\/\/secure.gravatar.com\/avatar\/31696f5ca83439b642450ec7d3f82f98451a5efacb414343d5478c982b337f26?s=96&d=mm&r=g","author_link":"https:\/\/100xd.com.ar\/es\/author\/jorge\/","description":"Ingeniero Qu\u00edmico UTN - Director Apoderado de Comunicaciones Auditadas SA. Editor Responsable 100xd.com.ar."},"_links":{"self":[{"href":"https:\/\/100xd.com.ar\/es\/wp-json\/wp\/v2\/posts\/106885","targetHints":{"allow":["GET"]}}],"collection":[{"href":"https:\/\/100xd.com.ar\/es\/wp-json\/wp\/v2\/posts"}],"about":[{"href":"https:\/\/100xd.com.ar\/es\/wp-json\/wp\/v2\/types\/post"}],"author":[{"embeddable":true,"href":"https:\/\/100xd.com.ar\/es\/wp-json\/wp\/v2\/users\/9"}],"replies":[{"embeddable":true,"href":"https:\/\/100xd.com.ar\/es\/wp-json\/wp\/v2\/comments?post=106885"}],"version-history":[{"count":1,"href":"https:\/\/100xd.com.ar\/es\/wp-json\/wp\/v2\/posts\/106885\/revisions"}],"predecessor-version":[{"id":106887,"href":"https:\/\/100xd.com.ar\/es\/wp-json\/wp\/v2\/posts\/106885\/revisions\/106887"}],"wp:attachment":[{"href":"https:\/\/100xd.com.ar\/es\/wp-json\/wp\/v2\/media?parent=106885"}],"wp:term":[{"taxonomy":"category","embeddable":true,"href":"https:\/\/100xd.com.ar\/es\/wp-json\/wp\/v2\/categories?post=106885"},{"taxonomy":"post_tag","embeddable":true,"href":"https:\/\/100xd.com.ar\/es\/wp-json\/wp\/v2\/tags?post=106885"}],"curies":[{"name":"wp","href":"https:\/\/api.w.org\/{rel}","templated":true}]}}