{"id":106605,"date":"2024-08-23T11:41:22","date_gmt":"2024-08-23T14:41:22","guid":{"rendered":"https:\/\/100xd.com.ar\/?p=106605"},"modified":"2024-08-23T11:41:22","modified_gmt":"2024-08-23T14:41:22","slug":"la-ciudad-en-los-coletazos-de-la-pelea-macri-milei","status":"publish","type":"post","link":"https:\/\/100xd.com.ar\/es\/la-ciudad-en-los-coletazos-de-la-pelea-macri-milei\/","title":{"rendered":"La Ciudad en los coletazos de la pelea Macri-Milei"},"content":{"rendered":"<p class=\"wp-block-paragraph\">\u201cAgradezco la convocatoria para tratar de encontrar una soluci\u00f3n a este conflicto que tenemos con Naci\u00f3n, pero no hubo acuerdo\u201d, afirm\u00f3&nbsp;<strong>Jorge Macri<\/strong>&nbsp;y agreg\u00f3: \u201cNosotros seguimos reclamando que el Gobierno Nacional cumpla con la cautelar. Cumplir con los fallos, con las \u00f3rdenes de la Corte, es central y hace al esp\u00edritu de la Rep\u00fablica, de la independencia de poderes. As\u00ed que en ese sentido me preocupa. Obviamente, hay una voluntad del Gobierno Nacional al hacer estos giros, pero que no cumple con el fondo de la cuesti\u00f3n que es cumplir los fallos de la Corte\u201d.<\/p>\n\n\n\n<p class=\"wp-block-paragraph\">Luego de la audiencia convocada por la&nbsp;<strong>Corte Suprema de Justicia&nbsp;<\/strong>para regular los pagos adeudados del<strong>&nbsp;Gobierno Nacional<\/strong>&nbsp;a la Ciudad, correspondientes a la Coparticipaci\u00f3n Federal, el Jefe de Gobierno porte\u00f1o declar\u00f3 a los medios la falta de acuerdo. \u201cLa Corte nos dio diez d\u00edas a las partes para que el Gobierno Nacional argumente por qu\u00e9 no est\u00e1 cumpliendo con el punto dos de la cautelar que define c\u00f3mo se debe pagar, no solo el monto, sino el c\u00f3mo\u201d, detall\u00f3 el dirigente y a\u00f1adi\u00f3: No podemos estar a tiro de decreto del giro de fondos que no pueden ser discrecionales porque hacen a la estabilidad de un mecanismo federal y republicano\u201d.<\/p>\n\n\n\n<figure data-spectra-id=\"spectra-a628aec4-9e20-45e6-9a93-c8c53795347d\" class=\"wp-block-image\"><img decoding=\"async\" src=\"https:\/\/fotos.perfil.com\/\/2024\/08\/22\/900\/0\/jorge-macri-1858832.jpg\" alt=\"Jorge Macri\" title=\"La Ciudad en los coletazos de la pelea Macri-Milei\" \/><\/figure>\n\n\n\n<p class=\"wp-block-paragraph\">La audiencia de una hora y media, sin presencia de los magistrados del m\u00e1ximo tribunal y presidida por el secretario de la CSJN,&nbsp;<strong>Alejandro Rodr\u00edguez<\/strong>, se realiz\u00f3 en la sala Carmen Argibay, en el cuarto piso del Palacio de Tribunales. Por la Ciudad participaron Jorge Macri; el Procurador General de la Ciudad,&nbsp;<strong>Mart\u00edn Ocampo<\/strong>; y el abogado&nbsp;<strong>Antonio Mar\u00eda Hern\u00e1ndez.<\/strong>&nbsp;Por el lado de Naci\u00f3n estuvieron el secretario de Hacienda,&nbsp;<strong>Carlos Guberman<\/strong>; el secretario Legal y Administrativo,&nbsp;<strong>Jos\u00e9 Mar\u00eda Garc\u00eda Hamilton;<\/strong>&nbsp;la subsecretaria de coordinaci\u00f3n fiscal provincial,&nbsp;<strong>Valeria S\u00e1nchez;&nbsp;<\/strong>y el subsecretario Legal,&nbsp;<strong>Alejandro Speroni.<\/strong>&nbsp;No asisti\u00f3 el ministro de Econom\u00eda,&nbsp;<strong>Luis Caputo.<\/strong><\/p>\n\n\n\n<p class=\"wp-block-paragraph\">\u201cEste es un tema que se viene discutiendo hace tiempo, que tiene sus complicaciones y complejidades. Es un tema de una magnitud relevante.&nbsp; No estamos discutiendo solamente dinero, sino por qu\u00e9 es importante la forma en lo que se paga. Porque hace al esp\u00edritu republicano y federal de nuestro pa\u00eds. Hasta donde tengo memoria, cada vez que la Corte tom\u00f3 postura, esa postura se respet\u00f3. Es la salvaguarda de la rep\u00fablica y de lo federal. Entonces, no me da lo mismo. No me puede dar lo mismo en representaci\u00f3n de los ciudadanos de esta Ciudad y no me da lo mismo como argentino el c\u00f3mo se paga\u201d, concluy\u00f3 el m\u00e1ximo titular del Poder Ejecutivo de la ciudad.<\/p>\n\n\n\n<figure data-spectra-id=\"spectra-7bb268fc-239a-466d-b997-3129d5bb9293\" class=\"wp-block-image\"><img decoding=\"async\" src=\"https:\/\/fotos.perfil.com\/\/2024\/08\/22\/900\/0\/luis-caputo-1858821.jpg\" alt=\"Luis Caputo\" title=\"La Ciudad en los coletazos de la pelea Macri-Milei\" \/><\/figure>\n\n\n\n<p class=\"wp-block-paragraph\">El 19 de julio de 2024, Jorge Macri anunci\u00f3 un acuerdo y a partir del 1 de agosto la gesti\u00f3n de&nbsp;<strong>Javier Milei<\/strong>&nbsp;cumplir\u00eda la medida cautelar de la Corte Suprema que establece que la Ciudad debe recibir el 2,95% por la<strong>&nbsp;Coparticipaci\u00f3n Federal&nbsp;<\/strong>y que el pago debe ser diario. Sin embargo, llegada la fecha, el Estado porte\u00f1o s\u00f3lo recibi\u00f3 el 1,4% en concepto de coparticipaci\u00f3n, menos de la mitad de lo que hab\u00edan acordado las partes. En cambio, Naci\u00f3n comenz\u00f3 a transferir semanalmente y en forma discrecional 20 mil millones de pesos. Ante este incumplimiento, la&nbsp;<strong>Procuraci\u00f3n<\/strong>&nbsp;porte\u00f1a hizo los pertinentes reclamos a la Corte Suprema que derivaron en la convocatoria de hoy.<\/p>\n\n\n\n<p class=\"wp-block-paragraph\">La Ciudad de Bs As dej\u00f3 de percibir desde el 9 de septiembre de 2020 m\u00e1s de 5,3 billones de pesos. Antes de la quita de Coparticipaci\u00f3n, esos fondos representaban el 25% del total de ingresos de la Ciudad. Seg\u00fan los representantes de CABA, esto representa m\u00e1s de 3 a\u00f1os del gasto anual de inversiones en obras p\u00fablicas y mantenimiento como el de los todos los hospitales, escuelas, luminaria, espacios verdes, red pluvial, sem\u00e1foros, asfalto. La anterior administraci\u00f3n nacional, encabezada por<strong>&nbsp;Alberto Fern\u00e1ndez,<\/strong>&nbsp;nunca cumpli\u00f3 con la medida cautelar dictada por la Corte Suprema del 22 de diciembre de 2022, que le reconoci\u00f3 a Buenos Aires un coeficiente de Coparticipaci\u00f3n del 2,95, en lugar del 1,4 que actualmente recibe.<\/p>\n\n\n\n<figure data-spectra-id=\"spectra-00a92a97-a3dc-44bb-a2f4-4f67efc44ab0\" class=\"wp-block-image\"><img decoding=\"async\" src=\"https:\/\/fotos.perfil.com\/\/2024\/08\/22\/900\/0\/mauricio-macri-1858822.jpg\" alt=\"Mauricio Macri\" title=\"La Ciudad en los coletazos de la pelea Macri-Milei\" \/><\/figure>\n\n\n\n<p class=\"wp-block-paragraph\">Muchos leen la ausencia de\u00a0<strong>Luis &#8220;Toto&#8221;\u00a0Caputo,<\/strong>\u00a0y la falta de acuerdo en las partidas, como una venganza hacia el PRO, por parte del gobierno libertario, por apoyar la baja del DNU que le otorg\u00f3 100 mil millones de pesos a la SIDE para gastos reservados, en la sesi\u00f3n de Diputados del d\u00eda de ayer. Ese desencuentro entre el l\u00edder del partido amarillo,<strong>\u00a0Mauricio Macri,<\/strong>\u00a0y el principal asesor presidencial,\u00a0<strong>Santiago Caputo,<\/strong>\u00a0pariente cercano del ministro de Econom\u00eda, vislumbra cierto condicionamiento en todos los frentes pol\u00edticos. Seg\u00fan los letrados, ahora Naci\u00f3n tendr\u00e1 10 d\u00edas para explicar por qu\u00e9 no cumple con el fallo, acerc\u00e1ndose a un potencial embargo.<\/p>\n\n\n\n<p class=\"wp-block-paragraph\">Fuentte: <a href=\"https:\/\/noticias.perfil.com\/\">Noticias<\/a><\/p>","protected":false},"excerpt":{"rendered":"<p>\u201cAgradezco la convocatoria para tratar de encontrar una soluci\u00f3n a este conflicto que tenemos con Naci\u00f3n, pero no hubo acuerdo\u201d, afirm\u00f3&nbsp;Jorge Macri&nbsp;y agreg\u00f3: \u201cNosotros seguimos reclamando que el Gobierno Nacional cumpla con la cautelar. Cumplir con los fallos, con las \u00f3rdenes de la Corte, es central y hace al esp\u00edritu de la Rep\u00fablica, de la [&hellip;]<\/p>\n","protected":false},"author":9,"featured_media":0,"comment_status":"open","ping_status":"open","sticky":false,"template":"","format":"standard","meta":{"site-sidebar-layout":"default","site-content-layout":"","ast-site-content-layout":"default","site-content-style":"default","site-sidebar-style":"default","ast-global-header-display":"","ast-banner-title-visibility":"","ast-main-header-display":"","ast-hfb-above-header-display":"","ast-hfb-below-header-display":"","ast-hfb-mobile-header-display":"","site-post-title":"","ast-breadcrumbs-content":"","ast-featured-img":"","footer-sml-layout":"","ast-disable-related-posts":"","theme-transparent-header-meta":"","adv-header-id-meta":"","stick-header-meta":"","header-above-stick-meta":"","header-main-stick-meta":"","header-below-stick-meta":"","astra-migrate-meta-layouts":"default","ast-page-background-enabled":"default","ast-page-background-meta":{"desktop":{"background-color":"","background-image":"","background-repeat":"repeat","background-position":"center center","background-size":"auto","background-attachment":"scroll","background-type":"","background-media":"","overlay-type":"","overlay-color":"","overlay-opacity":"","overlay-gradient":""},"tablet":{"background-color":"","background-image":"","background-repeat":"repeat","background-position":"center center","background-size":"auto","background-attachment":"scroll","background-type":"","background-media":"","overlay-type":"","overlay-color":"","overlay-opacity":"","overlay-gradient":""},"mobile":{"background-color":"","background-image":"","background-repeat":"repeat","background-position":"center center","background-size":"auto","background-attachment":"scroll","background-type":"","background-media":"","overlay-type":"","overlay-color":"","overlay-opacity":"","overlay-gradient":""}},"ast-content-background-meta":{"desktop":{"background-color":"var(--ast-global-color-5)","background-image":"","background-repeat":"repeat","background-position":"center center","background-size":"auto","background-attachment":"scroll","background-type":"","background-media":"","overlay-type":"","overlay-color":"","overlay-opacity":"","overlay-gradient":""},"tablet":{"background-color":"var(--ast-global-color-5)","background-image":"","background-repeat":"repeat","background-position":"center center","background-size":"auto","background-attachment":"scroll","background-type":"","background-media":"","overlay-type":"","overlay-color":"","overlay-opacity":"","overlay-gradient":""},"mobile":{"background-color":"var(--ast-global-color-5)","background-image":"","background-repeat":"repeat","background-position":"center center","background-size":"auto","background-attachment":"scroll","background-type":"","background-media":"","overlay-type":"","overlay-color":"","overlay-opacity":"","overlay-gradient":""}},"footnotes":""},"categories":[2],"tags":[],"class_list":["post-106605","post","type-post","status-publish","format-standard","hentry","category-politica"],"spectra_blocks_featured_image_url":null,"spectra_blocks_author_info":{"display_name":"Jorge Alfredo Baret","avatar_url":"https:\/\/secure.gravatar.com\/avatar\/31696f5ca83439b642450ec7d3f82f98451a5efacb414343d5478c982b337f26?s=96&d=mm&r=g","author_link":"https:\/\/100xd.com.ar\/es\/author\/jorge\/","description":"Ingeniero Qu\u00edmico UTN - Director Apoderado de Comunicaciones Auditadas SA. Editor Responsable 100xd.com.ar."},"_links":{"self":[{"href":"https:\/\/100xd.com.ar\/es\/wp-json\/wp\/v2\/posts\/106605","targetHints":{"allow":["GET"]}}],"collection":[{"href":"https:\/\/100xd.com.ar\/es\/wp-json\/wp\/v2\/posts"}],"about":[{"href":"https:\/\/100xd.com.ar\/es\/wp-json\/wp\/v2\/types\/post"}],"author":[{"embeddable":true,"href":"https:\/\/100xd.com.ar\/es\/wp-json\/wp\/v2\/users\/9"}],"replies":[{"embeddable":true,"href":"https:\/\/100xd.com.ar\/es\/wp-json\/wp\/v2\/comments?post=106605"}],"version-history":[{"count":1,"href":"https:\/\/100xd.com.ar\/es\/wp-json\/wp\/v2\/posts\/106605\/revisions"}],"predecessor-version":[{"id":106607,"href":"https:\/\/100xd.com.ar\/es\/wp-json\/wp\/v2\/posts\/106605\/revisions\/106607"}],"wp:attachment":[{"href":"https:\/\/100xd.com.ar\/es\/wp-json\/wp\/v2\/media?parent=106605"}],"wp:term":[{"taxonomy":"category","embeddable":true,"href":"https:\/\/100xd.com.ar\/es\/wp-json\/wp\/v2\/categories?post=106605"},{"taxonomy":"post_tag","embeddable":true,"href":"https:\/\/100xd.com.ar\/es\/wp-json\/wp\/v2\/tags?post=106605"}],"curies":[{"name":"wp","href":"https:\/\/api.w.org\/{rel}","templated":true}]}}