{"id":106497,"date":"2024-08-21T11:24:33","date_gmt":"2024-08-21T14:24:33","guid":{"rendered":"https:\/\/100xd.com.ar\/?p=106497"},"modified":"2024-08-21T11:44:11","modified_gmt":"2024-08-21T14:44:11","slug":"provincia-de-san-juan-4","status":"publish","type":"post","link":"https:\/\/100xd.com.ar\/es\/provincia-de-san-juan-4\/","title":{"rendered":"Provincia de San Ju\u00e1n: Habilitaron una nueva delegaci\u00f3n del Registro Civil en Los Berros"},"content":{"rendered":"<p class=\"wp-block-paragraph\">La ministra de Gobierno, Laura Palma, junto al intendente de Sarmiento, Alfredo Mario Castro L\u00f3pez, inauguraron la renovada delegaci\u00f3n del Registro Civil en Los Berros.<\/p>\n\n\n\n<p class=\"wp-block-paragraph\">Esta oficina, que llevaba un tiempo sin funcionar, ha sido puesta en condiciones tras las insistentes solicitudes de los vecinos, gracias a la iniciativa de la ministra Palma y la colaboraci\u00f3n del intendente Castro.<\/p>\n\n\n\n<p class=\"wp-block-paragraph\"><em>\u201cLa reapertura de esta delegaci\u00f3n era una demanda importante de la comunidad, ya que Los Berros est\u00e1 a una distancia considerable de Media Agua,\u201d<\/em>&nbsp;expres\u00f3 la ministra Palma.<\/p>\n\n\n\n<p class=\"wp-block-paragraph\"><em>\u201cAqu\u00ed se podr\u00e1n realizar todos los tr\u00e1mites del Registro, excepto el de matrimonio, aunque estamos trabajando para que esto sea posible en un futuro cercano.\u201d<\/em><\/p>\n\n\n\n<p class=\"wp-block-paragraph\">La ministra tambi\u00e9n destac\u00f3 que los residentes podr\u00e1n gestionar documentos como DNI, partidas de nacimiento y pasaportes, lo que representa un gran avance en la prestaci\u00f3n de servicios esenciales cerca de sus hogares.<\/p>\n\n\n\n<p class=\"wp-block-paragraph\"><em>\u201cLa delegaci\u00f3n exist\u00eda, pero estaba inactiva desde hace tiempo. El reacondicionamiento del edificio fue un esfuerzo conjunto entre el municipio y el Ministerio de Gobierno,\u201d<\/em>&nbsp;agreg\u00f3.<\/p>\n\n\n\n<p class=\"wp-block-paragraph\">Palma subray\u00f3 la importancia del nuevo sistema implementado en la sede y la capacitaci\u00f3n del personal encargado de llevar adelante las funciones del Registro del Estado Civil y Capacidad de las Personas, en conjunto con el municipio de Sarmiento.<\/p>\n\n\n\n<p class=\"wp-block-paragraph\">El acto cont\u00f3 con la presencia del secretario de Gobierno, Justicia y DDHH, Juan Jos\u00e9 Dubos, y la directora del Registro del Estado Civil y Capacidad de las Personas, Ver\u00f3nica Benedetto, entre otras autoridades.<\/p>\n\n\n\n<p class=\"wp-block-paragraph\">Fuente:<a href=\"https:\/\/sisanjuan.gob.ar\/\"> Si San Ju\u00e1n<\/a><\/p>","protected":false},"excerpt":{"rendered":"<p>La ministra de Gobierno, Laura Palma, junto al intendente de Sarmiento, Alfredo Mario Castro L\u00f3pez, inauguraron la renovada delegaci\u00f3n del Registro Civil en Los Berros. Esta oficina, que llevaba un tiempo sin funcionar, ha sido puesta en condiciones tras las insistentes solicitudes de los vecinos, gracias a la iniciativa de la ministra Palma y la [&hellip;]<\/p>\n","protected":false},"author":9,"featured_media":0,"comment_status":"open","ping_status":"open","sticky":false,"template":"","format":"standard","meta":{"site-sidebar-layout":"default","site-content-layout":"","ast-site-content-layout":"default","site-content-style":"default","site-sidebar-style":"default","ast-global-header-display":"","ast-banner-title-visibility":"","ast-main-header-display":"","ast-hfb-above-header-display":"","ast-hfb-below-header-display":"","ast-hfb-mobile-header-display":"","site-post-title":"","ast-breadcrumbs-content":"","ast-featured-img":"","footer-sml-layout":"","ast-disable-related-posts":"","theme-transparent-header-meta":"","adv-header-id-meta":"","stick-header-meta":"","header-above-stick-meta":"","header-main-stick-meta":"","header-below-stick-meta":"","astra-migrate-meta-layouts":"default","ast-page-background-enabled":"default","ast-page-background-meta":{"desktop":{"background-color":"","background-image":"","background-repeat":"repeat","background-position":"center center","background-size":"auto","background-attachment":"scroll","background-type":"","background-media":"","overlay-type":"","overlay-color":"","overlay-opacity":"","overlay-gradient":""},"tablet":{"background-color":"","background-image":"","background-repeat":"repeat","background-position":"center center","background-size":"auto","background-attachment":"scroll","background-type":"","background-media":"","overlay-type":"","overlay-color":"","overlay-opacity":"","overlay-gradient":""},"mobile":{"background-color":"","background-image":"","background-repeat":"repeat","background-position":"center center","background-size":"auto","background-attachment":"scroll","background-type":"","background-media":"","overlay-type":"","overlay-color":"","overlay-opacity":"","overlay-gradient":""}},"ast-content-background-meta":{"desktop":{"background-color":"var(--ast-global-color-5)","background-image":"","background-repeat":"repeat","background-position":"center center","background-size":"auto","background-attachment":"scroll","background-type":"","background-media":"","overlay-type":"","overlay-color":"","overlay-opacity":"","overlay-gradient":""},"tablet":{"background-color":"var(--ast-global-color-5)","background-image":"","background-repeat":"repeat","background-position":"center center","background-size":"auto","background-attachment":"scroll","background-type":"","background-media":"","overlay-type":"","overlay-color":"","overlay-opacity":"","overlay-gradient":""},"mobile":{"background-color":"var(--ast-global-color-5)","background-image":"","background-repeat":"repeat","background-position":"center center","background-size":"auto","background-attachment":"scroll","background-type":"","background-media":"","overlay-type":"","overlay-color":"","overlay-opacity":"","overlay-gradient":""}},"footnotes":""},"categories":[8,4],"tags":[],"class_list":["post-106497","post","type-post","status-publish","format-standard","hentry","category-el-mundo","category-sociedad"],"spectra_blocks_featured_image_url":null,"spectra_blocks_author_info":{"display_name":"Jorge Alfredo Baret","avatar_url":"https:\/\/secure.gravatar.com\/avatar\/31696f5ca83439b642450ec7d3f82f98451a5efacb414343d5478c982b337f26?s=96&d=mm&r=g","author_link":"https:\/\/100xd.com.ar\/es\/author\/jorge\/","description":"Ingeniero Qu\u00edmico UTN - Director Apoderado de Comunicaciones Auditadas SA. Editor Responsable 100xd.com.ar."},"_links":{"self":[{"href":"https:\/\/100xd.com.ar\/es\/wp-json\/wp\/v2\/posts\/106497","targetHints":{"allow":["GET"]}}],"collection":[{"href":"https:\/\/100xd.com.ar\/es\/wp-json\/wp\/v2\/posts"}],"about":[{"href":"https:\/\/100xd.com.ar\/es\/wp-json\/wp\/v2\/types\/post"}],"author":[{"embeddable":true,"href":"https:\/\/100xd.com.ar\/es\/wp-json\/wp\/v2\/users\/9"}],"replies":[{"embeddable":true,"href":"https:\/\/100xd.com.ar\/es\/wp-json\/wp\/v2\/comments?post=106497"}],"version-history":[{"count":2,"href":"https:\/\/100xd.com.ar\/es\/wp-json\/wp\/v2\/posts\/106497\/revisions"}],"predecessor-version":[{"id":106509,"href":"https:\/\/100xd.com.ar\/es\/wp-json\/wp\/v2\/posts\/106497\/revisions\/106509"}],"wp:attachment":[{"href":"https:\/\/100xd.com.ar\/es\/wp-json\/wp\/v2\/media?parent=106497"}],"wp:term":[{"taxonomy":"category","embeddable":true,"href":"https:\/\/100xd.com.ar\/es\/wp-json\/wp\/v2\/categories?post=106497"},{"taxonomy":"post_tag","embeddable":true,"href":"https:\/\/100xd.com.ar\/es\/wp-json\/wp\/v2\/tags?post=106497"}],"curies":[{"name":"wp","href":"https:\/\/api.w.org\/{rel}","templated":true}]}}