{"id":106464,"date":"2024-08-21T10:22:52","date_gmt":"2024-08-21T13:22:52","guid":{"rendered":"https:\/\/100xd.com.ar\/?p=106464"},"modified":"2024-08-21T10:22:52","modified_gmt":"2024-08-21T13:22:52","slug":"la-interna-oficialista-catapulto-a-lousteau-al-frente-de-la-bicameral-de-inteligencia","status":"publish","type":"post","link":"https:\/\/100xd.com.ar\/es\/la-interna-oficialista-catapulto-a-lousteau-al-frente-de-la-bicameral-de-inteligencia\/","title":{"rendered":"La interna oficialista catapult\u00f3 a Lousteau al frente de la bicameral de Inteligencia"},"content":{"rendered":"<p class=\"wp-block-paragraph\">La interna oficialista abri\u00f3 un espacio para que un acuerdo entre Mart\u00edn Lousteau y el kirchnerismo impusiera las autoridades de la Comisi\u00f3n Bicameral de Inteligencia. Tras su designaci\u00f3n como presidente, el senador radical&nbsp;<strong>Mart\u00edn Lousteau&nbsp;<\/strong>celebr\u00f3 que no sea<strong>&nbsp;\u201cun instrumento m\u00e1s del oficialismo\u201d<\/strong>, ya que hay \u201cindicios\u201d de una utilizaci\u00f3n de los servicios de inteligencia para perseguir a periodistas y opositores.https:\/\/rudo.video\/vod\/cz6ULVT7XHQ?volume=0<\/p>\n\n\n\n<p class=\"wp-block-paragraph\"><strong>\u201cEste \u00f3rgano se utiliz\u00f3 para perseguir periodistas, opositores, para hacer campa\u00f1a, me parece importante controlar eso\u201d<\/strong>, expres\u00f3 el senador en relaci\u00f3n a los servicios de inteligencia.<\/p>\n\n\n\n<h2 class=\"wp-block-heading\"><strong>Villarruel cuestion\u00f3 la candidatura del juez Ariel Lijo<\/strong><\/h2>\n\n\n\n<p class=\"wp-block-paragraph\">La vicepresidenta&nbsp;<strong>Victoria Villarruel<\/strong><a target=\"_blank\" href=\"https:\/\/www.perfil.com\/noticias\/politica\/villarruel-cuestiono-a-milei-por-haber-impulsado-a-ariel-lijono-cuenta-con-los-pergaminos-para-ser-juez-de-la-corte.phtml\" rel=\"noreferrer noopener\">&nbsp;se manifest\u00f3 en contra de la candidatura del juez federal&nbsp;<strong>Ariel Lijo<\/strong><\/a>&nbsp;a la Corte Suprema de Justicia ya que considera que &#8220;es un juez controversial y no contar\u00eda con los pergaminos necesarios&#8221;,&nbsp;<strong>a pesar de haber sido nominado por Javier Milei.<\/strong>&nbsp;En relaci\u00f3n a una posible interna con Milei, neg\u00f3 estar &#8220;peleada&#8221; con el presidente. Dijo que &#8220;<strong>es un Gobierno que vive su maduraci\u00f3n mientras gobierna<\/strong>&#8221; y remarc\u00f3: &#8220;<strong>Mi apoyo y lealtad a Milei son totales<\/strong>&#8220;.Esto no les gusta a los autoritariosEl ejercicio del periodismo profesional y cr\u00edtico es un pilar fundamental de la democracia. Por eso molesta a quienes creen ser los due\u00f1os de la verdad.Hoy m\u00e1s que nunca<a href=\"https:\/\/mi.perfil.com\/\">Suscribite<\/a><\/p>\n\n\n\n<p class=\"wp-block-paragraph\"><a target=\"_blank\" href=\"https:\/\/www.perfil.com\/noticias\/politica\/lemoine-cargo-contra-villarruel-desmarcarse-milei-pidio-humildad.phtml\" rel=\"noreferrer noopener\"><strong>Lilia Lemoine carg\u00f3 contra Victoria Villarruel por &#8220;desmarcarse&#8221; de Milei y le pidi\u00f3 &#8220;m\u00e1s humildad&#8221; | Perfil<\/strong><\/a><\/p>\n\n\n\n<p class=\"wp-block-paragraph\">El juez federal Ariel Lijo defender\u00e1 su candidatura a la Corte Suprema de Justicia ante la Comisi\u00f3n de Acuerdos del Senado de la Naci\u00f3n hoy desde las 10.<\/p>\n\n\n\n<h2 class=\"wp-block-heading\"><strong>Villarruel convoc\u00f3 a una sesi\u00f3n especial sobre el aumento de los sueldos en el Senado<\/strong><\/h2>\n\n\n\n<p class=\"wp-block-paragraph\">Victoria Villarruel convoc\u00f3 a una sesi\u00f3n especial el jueves a las 10 para que los senadores&nbsp;<strong>debatan sobre el aumento de sus sueldos<\/strong>, con el objetivo de terminar con \u201clas sobreactuaciones que parasitan a la pol\u00edtica argentina en todos los \u00f3rdenes\u201d.<\/p>\n\n\n\n<p class=\"wp-block-paragraph\">Al ser consultado por la responsabilidad de la vicepresidenta, Manuel Adorni dijo que&nbsp;<strong>&#8220;tendr\u00e1 sus razones&#8221;<\/strong>&nbsp;sobre por qu\u00e9 no fue posible frenar el pol\u00e9mico incremento de sueldos.<\/p>\n\n\n\n<p class=\"wp-block-paragraph\">El Senado hab\u00eda acordado un<strong>&nbsp;aumento para los trabajadores legislativos de 6,5%<\/strong>, por lo que los integrantes de la c\u00e1mara pasar\u00e1n a cobrar 9 millones de pesos mensuales.<\/p>\n\n\n\n<p class=\"wp-block-paragraph\"><a target=\"_blank\" href=\"https:\/\/www.perfil.com\/noticias\/politica\/villarruel-cuestiono-a-milei-por-haber-impulsado-a-ariel-lijono-cuenta-con-los-pergaminos-para-ser-juez-de-la-corte.phtml\" rel=\"noreferrer noopener\"><strong>Villarruel cuestion\u00f3 a Milei por haber impulsado a Ariel Lijo: &#8220;No cuenta con los pergaminos para ser juez de la Corte&#8221; | Perfil<\/strong><\/a><\/p>\n\n\n\n<h2 class=\"wp-block-heading\"><strong>Francisco Paoltroni apunt\u00f3 contra Santiago Caputo<\/strong><\/h2>\n\n\n\n<p class=\"wp-block-paragraph\">El senador libertario&nbsp;<a target=\"_blank\" href=\"https:\/\/www.perfil.com\/noticias\/politica\/cobardes-miserables-francisco-paoltroni-cruzo-otra-vez-a-santiago-caputo-por-la-postulacion-del-juez-lijo.phtml\" rel=\"noreferrer noopener\"><strong>Francisco Paoltroni<\/strong><\/a>&nbsp;cruz\u00f3 a<strong>&nbsp;Santiago Caputo<\/strong>&nbsp;luego de que una de las cuentas de twitter adjudicadas al asesor presidencial lo amenazara p\u00fablicamente con \u201c<strong>terminar con su carrera pol\u00edtica\u201d<\/strong>&nbsp;por oponerse al pliego de Ariel Lijo para la Corte.<\/p>\n\n\n\n<p class=\"wp-block-paragraph\">En una entrevista con&nbsp;<strong>Ernesto Tenembaum<\/strong>, el senador asegur\u00f3 que \u201c<strong>los cobardes se esconden detr\u00e1s de cuentas falsas<\/strong>\u201d y que \u201c<strong>los payasos de Caputo<\/strong>\u201d tuitean como si estuvieran alineados al kirchnerismo.<\/p>\n\n\n\n<p class=\"wp-block-paragraph\"><a target=\"_blank\" href=\"https:\/\/www.perfil.com\/noticias\/politica\/cobardes-miserables-francisco-paoltroni-cruzo-otra-vez-a-santiago-caputo-por-la-postulacion-del-juez-lijo.phtml\" rel=\"noreferrer noopener\"><strong>&#8220;Cobardes, miserables&#8221;: Francisco Paoltroni cruz\u00f3 otra vez a Santiago Caputo por la postulaci\u00f3n del juez Ariel Lijo<\/strong><\/a><\/p>\n\n\n\n<p class=\"wp-block-paragraph\"><strong>\u201cLas cr\u00edticas a Caputo son de gente que no entiende nada\u201d<\/strong>, declar\u00f3 el presidente, Javier Milei.<\/p>\n\n\n\n<h2 class=\"wp-block-heading\"><strong>Lourdes Arrieta apunt\u00f3 contra Mart\u00edn Menem por la visita a genocidas<\/strong><\/h2>\n\n\n\n<p class=\"wp-block-paragraph\">La diputada por La Libertad Avanza,&nbsp;<strong>Lourdes Arrieta<\/strong>, que form\u00f3 parte del grupo que&nbsp;<strong>visit\u00f3 a los represores en Ezeiza<\/strong>, mencion\u00f3 que&nbsp;<strong>Mart\u00edn Menem<\/strong>, junto con&nbsp;<strong>Beltr\u00e1n Benedit<\/strong>, deber\u00edan&nbsp;<strong>dar explicaciones por lo ocurrido<\/strong>,<strong>&nbsp;<\/strong>ya que fueron quienes supuestamente organizaron y brindaron las herramientas para que esta visita se llevara a cabo.&nbsp;<strong>\u201cBenedit y Menem deber\u00edan dar explicaciones al respecto\u201d<\/strong>, dijo la diputada.<\/p>\n\n\n\n<h2 class=\"wp-block-heading\"><strong>Se eliminan las retenciones a cuenta de IVA y ganancias en las ventas de comercios<\/strong><\/h2>\n\n\n\n<p class=\"wp-block-paragraph\">El ministro de econom\u00eda,&nbsp;<strong>Luis \u201cToto\u201d Caputo<\/strong>, anunci\u00f3 que esta semana pondr\u00e1 en marcha la&nbsp;<a target=\"_blank\" href=\"https:\/\/www.perfil.com\/noticias\/economia\/el-gobierno-elimina-las-retenciones-a-cuenta-de-ganancias-e-iva-en-comercios.phtml\" rel=\"noreferrer noopener\"><strong>eliminaci\u00f3n de las retenciones del Impuesto a las Ganancias e IVA<\/strong><\/a>&nbsp;para los comercios en ventas con tarjetas y otros medios de pago. La norma ser\u00e1 publicada en el Bolet\u00edn Oficial esta semana.<\/p>\n\n\n\n<p class=\"wp-block-paragraph\">Adem\u00e1s, el Gobierno llam\u00f3 a las provincias a que se&nbsp;<strong>adhieran a este r\u00e9gimen<\/strong>&nbsp;y eliminen las retenciones de Ingresos Brutos y otros tributos locales.<\/p>\n\n\n\n<p class=\"wp-block-paragraph\"><a target=\"_blank\" href=\"https:\/\/www.perfil.com\/noticias\/economia\/el-gobierno-elimina-las-retenciones-a-cuenta-de-ganancias-e-iva-en-comercios.phtml\" rel=\"noreferrer noopener\"><strong>El Gobierno elimina las retenciones a cuenta de Ganancias e IVA para los comercios | Perfil<\/strong><\/a><\/p>\n\n\n\n<h2 class=\"wp-block-heading\"><strong>Toto Caputo y Juliana Di Tullio se cruzaron por el oro<\/strong><\/h2>\n\n\n\n<p class=\"wp-block-paragraph\">El ministro de Econom\u00eda se burl\u00f3 de un pedido de informaci\u00f3n que hizo la legisladora&nbsp;<strong>Juliana di Tullio<\/strong>, junto a&nbsp;<strong>Oscar Parrilli<\/strong>, sobre<strong>&nbsp;los lingotes del Banco Central<\/strong>. El ministro calific\u00f3 de \u201cburros\u201d a los representantes del Senado y lo vincul\u00f3 con el aumento del 6,5% en sus dietas.<\/p>\n\n\n\n<p class=\"wp-block-paragraph\">Di Tullio devolvi\u00f3 la chicana. \u201cEl burro es el que no sabe la diferencia entre un pedido de informaci\u00f3n p\u00fablica, que es el que va al BCRA, y una nota, que es la que se dirige al funcionario del \u00e1rea econ\u00f3mica. O sea, al burro\u201d.<\/p>\n\n\n\n<h2 class=\"wp-block-heading\"><strong>Fabiola Ya\u00f1ez entreg\u00f3 a la Justicia los chats con Ayel\u00e9n Mazzina<\/strong><\/h2>\n\n\n\n<p class=\"wp-block-paragraph\">Fabiola Ya\u00f1ez present\u00f3 ante la Justicia los chats con la exministra de las Mujeres Ayel\u00e9n Mazzina, a quien asegur\u00f3 haberle pedido ayuda. En las conversaciones, la ex primera dama le reclam\u00f3 a la exministra que no la ayud\u00f3 cuando le coment\u00f3 sobre los maltratos.<\/p>\n\n\n\n<h2 class=\"wp-block-heading\"><strong>El \u201cHuevo\u201d Acu\u00f1a fue presentado en River<\/strong><\/h2>\n\n\n\n<p class=\"wp-block-paragraph\">En redes sociales, las cuentas de River Plate, anunciaron con la figura de un huevo gigante blanco con una banda roja, el desembarco de \u201cHuevo\u201d Acu\u00f1a como nuevo jugador. Acu\u00f1a lleg\u00f3 ayer por la ma\u00f1ana a Buenos Aires, se hizo la revisi\u00f3n t\u00e9cnica, y por la tarde firm\u00f3 su contrato hasta 2027 con el equipo \u201cmillonario\u201d, que esta noche tiene un gran desaf\u00edo por la Copa Libertadores.<\/p>\n\n\n\n<h2 class=\"wp-block-heading\"><strong>Represi\u00f3n a hinchas argentinos en Brasil<\/strong><\/h2>\n\n\n\n<p class=\"wp-block-paragraph\">La polic\u00eda de Brasil\u00a0<strong>reprimi\u00f3 a los hinchas visitantes de San Lorenzo<\/strong>\u00a0durante el partido ante\u00a0<strong>Atl\u00e9tico Mineiro<\/strong>\u00a0por octavos de final de Copa Libertadores. Diez minutos antes del final del partido, los efectivos\u00a0<strong>detonaron bombas de gas lacrim\u00f3geno y se enfrentaron con la hinchada<\/strong>. El encuentro termin\u00f3<strong>\u00a01 a 0 a favor de Atl\u00e9tico Mineiro<\/strong>, por lo que fue el fin de la carrera por copas internacionales del equipo azulgrana.<\/p>\n\n\n\n<p class=\"wp-block-paragraph\">Fuente: <a href=\"https:\/\/www.perfil.com\/\">Perfil.com<\/a><\/p>","protected":false},"excerpt":{"rendered":"<p>La interna oficialista abri\u00f3 un espacio para que un acuerdo entre Mart\u00edn Lousteau y el kirchnerismo impusiera las autoridades de la Comisi\u00f3n Bicameral de Inteligencia. Tras su designaci\u00f3n como presidente, el senador radical&nbsp;Mart\u00edn Lousteau&nbsp;celebr\u00f3 que no sea&nbsp;\u201cun instrumento m\u00e1s del oficialismo\u201d, ya que hay \u201cindicios\u201d de una utilizaci\u00f3n de los servicios de inteligencia para perseguir [&hellip;]<\/p>\n","protected":false},"author":9,"featured_media":0,"comment_status":"open","ping_status":"open","sticky":false,"template":"","format":"standard","meta":{"site-sidebar-layout":"default","site-content-layout":"","ast-site-content-layout":"default","site-content-style":"default","site-sidebar-style":"default","ast-global-header-display":"","ast-banner-title-visibility":"","ast-main-header-display":"","ast-hfb-above-header-display":"","ast-hfb-below-header-display":"","ast-hfb-mobile-header-display":"","site-post-title":"","ast-breadcrumbs-content":"","ast-featured-img":"","footer-sml-layout":"","ast-disable-related-posts":"","theme-transparent-header-meta":"","adv-header-id-meta":"","stick-header-meta":"","header-above-stick-meta":"","header-main-stick-meta":"","header-below-stick-meta":"","astra-migrate-meta-layouts":"default","ast-page-background-enabled":"default","ast-page-background-meta":{"desktop":{"background-color":"","background-image":"","background-repeat":"repeat","background-position":"center center","background-size":"auto","background-attachment":"scroll","background-type":"","background-media":"","overlay-type":"","overlay-color":"","overlay-opacity":"","overlay-gradient":""},"tablet":{"background-color":"","background-image":"","background-repeat":"repeat","background-position":"center center","background-size":"auto","background-attachment":"scroll","background-type":"","background-media":"","overlay-type":"","overlay-color":"","overlay-opacity":"","overlay-gradient":""},"mobile":{"background-color":"","background-image":"","background-repeat":"repeat","background-position":"center center","background-size":"auto","background-attachment":"scroll","background-type":"","background-media":"","overlay-type":"","overlay-color":"","overlay-opacity":"","overlay-gradient":""}},"ast-content-background-meta":{"desktop":{"background-color":"var(--ast-global-color-5)","background-image":"","background-repeat":"repeat","background-position":"center center","background-size":"auto","background-attachment":"scroll","background-type":"","background-media":"","overlay-type":"","overlay-color":"","overlay-opacity":"","overlay-gradient":""},"tablet":{"background-color":"var(--ast-global-color-5)","background-image":"","background-repeat":"repeat","background-position":"center center","background-size":"auto","background-attachment":"scroll","background-type":"","background-media":"","overlay-type":"","overlay-color":"","overlay-opacity":"","overlay-gradient":""},"mobile":{"background-color":"var(--ast-global-color-5)","background-image":"","background-repeat":"repeat","background-position":"center center","background-size":"auto","background-attachment":"scroll","background-type":"","background-media":"","overlay-type":"","overlay-color":"","overlay-opacity":"","overlay-gradient":""}},"footnotes":""},"categories":[25],"tags":[],"class_list":["post-106464","post","type-post","status-publish","format-standard","hentry","category-destacado"],"spectra_blocks_featured_image_url":null,"spectra_blocks_author_info":{"display_name":"Jorge Alfredo Baret","avatar_url":"https:\/\/secure.gravatar.com\/avatar\/31696f5ca83439b642450ec7d3f82f98451a5efacb414343d5478c982b337f26?s=96&d=mm&r=g","author_link":"https:\/\/100xd.com.ar\/es\/author\/jorge\/","description":"Ingeniero Qu\u00edmico UTN - Director Apoderado de Comunicaciones Auditadas SA. Editor Responsable 100xd.com.ar."},"_links":{"self":[{"href":"https:\/\/100xd.com.ar\/es\/wp-json\/wp\/v2\/posts\/106464","targetHints":{"allow":["GET"]}}],"collection":[{"href":"https:\/\/100xd.com.ar\/es\/wp-json\/wp\/v2\/posts"}],"about":[{"href":"https:\/\/100xd.com.ar\/es\/wp-json\/wp\/v2\/types\/post"}],"author":[{"embeddable":true,"href":"https:\/\/100xd.com.ar\/es\/wp-json\/wp\/v2\/users\/9"}],"replies":[{"embeddable":true,"href":"https:\/\/100xd.com.ar\/es\/wp-json\/wp\/v2\/comments?post=106464"}],"version-history":[{"count":1,"href":"https:\/\/100xd.com.ar\/es\/wp-json\/wp\/v2\/posts\/106464\/revisions"}],"predecessor-version":[{"id":106466,"href":"https:\/\/100xd.com.ar\/es\/wp-json\/wp\/v2\/posts\/106464\/revisions\/106466"}],"wp:attachment":[{"href":"https:\/\/100xd.com.ar\/es\/wp-json\/wp\/v2\/media?parent=106464"}],"wp:term":[{"taxonomy":"category","embeddable":true,"href":"https:\/\/100xd.com.ar\/es\/wp-json\/wp\/v2\/categories?post=106464"},{"taxonomy":"post_tag","embeddable":true,"href":"https:\/\/100xd.com.ar\/es\/wp-json\/wp\/v2\/tags?post=106464"}],"curies":[{"name":"wp","href":"https:\/\/api.w.org\/{rel}","templated":true}]}}