{"id":104232,"date":"2024-07-11T10:42:46","date_gmt":"2024-07-11T13:42:46","guid":{"rendered":"https:\/\/100xd.com.ar\/?p=104232"},"modified":"2024-07-11T10:42:46","modified_gmt":"2024-07-11T13:42:46","slug":"la-cgt-se-reunio-para-definir-su-estrategia-descarto-el-paro-y-busca-un-dialogo-con-el-gobierno","status":"publish","type":"post","link":"https:\/\/100xd.com.ar\/es\/la-cgt-se-reunio-para-definir-su-estrategia-descarto-el-paro-y-busca-un-dialogo-con-el-gobierno\/","title":{"rendered":"La CGT se reuni\u00f3 para definir su estrategia: descart\u00f3 el paro y busca un di\u00e1logo con el Gobierno"},"content":{"rendered":"<p class=\"wp-block-paragraph\">Los dirigentes de&nbsp;<strong>la &#8220;mesa chica&#8221; de la Confederaci\u00f3n General del Trabajo (CGT)<\/strong>&nbsp;se reunieron este mi\u00e9rcoles para analizar los pasos a seguir tras la aprobaci\u00f3n de la Ley Bases y&nbsp;<a target=\"_blank\" href=\"https:\/\/www.perfil.com\/noticias\/politica\/firma-pacto-de-mayo-tucuman.phtml\" rel=\"noreferrer noopener\">la firma del Pacto de Mayo<\/a>, que hab\u00edan sido rechazados por la central obrera. Sin embargo,&nbsp;<strong>por el momento no llegaron a ning\u00fan tipo de definici\u00f3n<\/strong>.<\/p>\n\n\n\n<p class=\"wp-block-paragraph\">Los referentes sindicales se dieron cita desde las 15 en la sede de UPCN, en el microcentro porte\u00f1o.&nbsp;Pese a la extensa reuni\u00f3n que mantuvieron este mi\u00e9rcoles, con la participaci\u00f3n de los tres secretarios generales,&nbsp;<strong>H\u00e9ctor Daer, Carlos Acu\u00f1a y Pablo Moyano<\/strong>, los dirigentes no llegaron a resolver ninguna medida.<\/p>\n\n\n\n<p class=\"wp-block-paragraph\"><a target=\"_blank\" href=\"https:\/\/www.perfil.com\/noticias\/politica\/reunion-de-la-cgt-para-evaluar-los-pasos-a-seguir-tras-la-promulgacion-de-la-ley-de-bases-y-el-paquete-fiscal.phtml\" rel=\"noreferrer noopener\">Reuni\u00f3n de la CGT para evaluar los pasos a seguir tras la promulgaci\u00f3n de la ley de Bases y el paquete fiscal<\/a>ESTO NO LES GUSTA A LOS AUTORITARIOSEL EJERCICIO DEL PERIODISMO PROFESIONAL Y CR\u00cdTICO ES UN PILAR FUNDAMENTAL DE LA DEMOCRACIA. POR ESO MOLESTA A QUIENES CREEN SER LOS DUE\u00d1OS DE LA VERDAD.HOY M\u00c1S QUE NUNCA<a href=\"https:\/\/mi.perfil.com\/\">SUSCRIBITE<\/a><\/p>\n\n\n\n<p class=\"wp-block-paragraph\">No obstante,<strong>&nbsp;se&nbsp;descart\u00f3 la posibilidad de realizar un paro y se dispuso convocar a una reuni\u00f3n de Consejo Directivo&nbsp;<\/strong>para el 25 de este mes, adem\u00e1s de efectuar&nbsp;<strong>un pedido de audiencia con&nbsp;<a target=\"_blank\" href=\"https:\/\/www.perfil.com\/noticias\/politica\/quien-es-julio-cordero-el-nuevo-secretario-de-trabajo-de-javier-milei.phtml\" rel=\"noreferrer noopener\">el secretario de Trabajo, Julio Cordero<\/a><\/strong>. En ese sentido, fuentes gremiales se\u00f1alaron a<em>&nbsp;Noticias Argentinas<\/em>&nbsp;que la central obrera buscar establecer alg\u00fan tipo de v\u00ednculo con la administraci\u00f3n de Javier Milei porque, actualmente, &#8220;no hay relaci\u00f3n&#8221; con el Gobierno.<\/p>\n\n\n\n<p class=\"wp-block-paragraph\">&#8220;Esto es como el ajedrez y adem\u00e1s hay que medir los tiempos. Hoy se habl\u00f3 de todo, las marchas son cuestiones t\u00e1cticas,<strong>&nbsp;lo que hay que tener es una estrategia clara ante todo lo que estamos viviendo<\/strong>&nbsp;y para eso hay mirar todo el tablero&#8221;, sostuvo Daer, con lo que dio a entender que a\u00fan no se definieron los pasos a seguir tras el mal trago que les signific\u00f3 la aprobaci\u00f3n de la Ley de Bases, la cual buscaron bloquear en el Congreso con negociaciones con distintos bloques, sin \u00e9xito.<\/p>\n\n\n\n<figure data-spectra-id=\"spectra-4f6f737e-b7ae-4b92-93c4-a8a38156d30a\" class=\"wp-block-image\"><img decoding=\"async\" src=\"https:\/\/fotos.perfil.com\/\/2024\/05\/01\/900\/0\/marcha-cgt-1-de-mayo-1794460.jpg\" alt=\"Marcha CGT 1 de mayo\" title=\"La CGT se reuni\u00f3 para definir su estrategia: descart\u00f3 el paro y busca un di\u00e1logo con el Gobierno\" \/><figcaption>H\u00e9ctor Daer, secretario general de la CGT, indic\u00f3 que &#8220;no se evalu\u00f3 una medida de fuerza&#8221;.<\/figcaption><\/figure>\n\n\n\n<p class=\"wp-block-paragraph\">Consultado sobre un posible&nbsp;<strong>tercer paro general&nbsp;<\/strong>en la gesti\u00f3n de Javier Milei, sostuvo que &#8220;no se evalu\u00f3 una medida de fuerza, eso hay que evaluarlo en los \u00f3rganos propios de la CGT, como el Consejo Directivo&#8221;, que confirm\u00f3 que<strong>&nbsp;ser\u00e1 convocado para &#8220;el jueves 25 de julio&#8221;<\/strong>, aunque lo cierto es que esta clase de definiciones se &#8220;cocinan&#8221; previamente en las reuniones de &#8220;mesa chica&#8221;.<\/p>\n\n\n\n<h2 class=\"wp-block-heading\">H\u00e9ctor Daer: &#8220;No tenemos relaci\u00f3n con el Gobierno&#8221;<\/h2>\n\n\n\n<p class=\"wp-block-paragraph\">Respecto al<strong>&nbsp;v\u00ednculo de la CGT con la gesti\u00f3n Milei<\/strong>, Daer expres\u00f3:&nbsp;<strong>&#8220;No tenemos relaci\u00f3n con el Gobierno<\/strong>, en los pr\u00f3ximos d\u00edas vamos a pedir formalmente una reuni\u00f3n con el secretario de Trabajo&#8221;. No obstante, la central hab\u00eda sido invitada a participar de la reciente&nbsp;<a target=\"_blank\" href=\"https:\/\/www.perfil.com\/noticias\/politica\/javier-milei-firmar-pacto-de-mayo-no-puedo-prometer-que-no-haya-problemas-pero-vamos-a-vivir-en-un-pais-sin-inflacion.phtml\" rel=\"noreferrer noopener\">firma del Pacto de Mayo<\/a>&nbsp;y los sindicalistas rechazaron la propuesta.<\/p>\n\n\n\n<p class=\"wp-block-paragraph\"><a target=\"_blank\" href=\"https:\/\/www.perfil.com\/noticias\/politica\/pablo-moyano-y-luis-barrionuevo-buscan-cerrar-filas-para-reclamar-por-ganancias-y-dejar-atras-la-interna-de-la-cgt.phtml\" rel=\"noreferrer noopener\">Pablo Moyano y Luis Barrionuevo buscan cerrar filas para reclamar por ganancias y dejar atr\u00e1s la interna de la CGT<\/a><\/p>\n\n\n\n<p class=\"wp-block-paragraph\">&#8220;Nos lleg\u00f3 una tarjeta de invitaci\u00f3n, pero para acordar algo hay que hablar antes sobre de qu\u00e9 se trata. No es un tema de escribir puntos, ya est\u00e1 todo en la Constituci\u00f3n.&nbsp;<strong>El&nbsp;<a target=\"_blank\" href=\"https:\/\/www.perfil.com\/noticias\/actualidad\/villarruel-se-ausento-en-el-pacto-de-mayo-porque-estaba-enferma-pero-se-recupero-para-el-desfile-militar-las-reacciones-de-las-redes.phtml\" rel=\"noreferrer noopener\">Pacto de Mayo<\/a>&nbsp;no fue un objetivo convocante para la CGT<\/strong>&#8220;, argument\u00f3 Daer en declaraciones a la prensa al retirarse de la reuni\u00f3n en UPCN.<\/p>\n\n\n\n<p class=\"wp-block-paragraph\">Y agreg\u00f3: &#8220;Es m\u00e1s,&nbsp;<strong>los gobernadores fueron apresurados por ver qu\u00e9 beneficios pod\u00edan obtener<\/strong>&nbsp;en medio del estrangulamiento a las provincias&#8221;.<\/p>\n\n\n\n<p class=\"wp-block-paragraph\">Por \u00faltimo, el referente sindical ratific\u00f3 que, tras el restablecimiento del\u00a0<a rel=\"noreferrer noopener\" target=\"_blank\" href=\"https:\/\/www.perfil.com\/noticias\/economia\/la-vuelta-de-la-cuarta-categoria-de-ganancias-quienes-estan-alcanzados-a-partir-de-ahora.phtml\">Impuesto a las Ganancias<\/a>\u00a0que trajo aparejado la aprobaci\u00f3n de la Ley Bases,\u00a0<strong>el equipo jur\u00eddico de la CGT recomend\u00f3 hacer presentaciones individuales de sindicatos<\/strong>\u00a0que se vean afectados. Al respecto, explic\u00f3 que &#8220;no hay legitimidad para hacer una presentaci\u00f3n colectiva porque no afecta a todos los trabajadores&#8221;.<\/p>\n\n\n\n<p class=\"wp-block-paragraph\">Fuente: <a href=\"https:\/\/www.perfil.com\/\">Perfil.com<\/a><\/p>","protected":false},"excerpt":{"rendered":"<p>Los dirigentes de&nbsp;la &#8220;mesa chica&#8221; de la Confederaci\u00f3n General del Trabajo (CGT)&nbsp;se reunieron este mi\u00e9rcoles para analizar los pasos a seguir tras la aprobaci\u00f3n de la Ley Bases y&nbsp;la firma del Pacto de Mayo, que hab\u00edan sido rechazados por la central obrera. Sin embargo,&nbsp;por el momento no llegaron a ning\u00fan tipo de definici\u00f3n. Los referentes [&hellip;]<\/p>\n","protected":false},"author":9,"featured_media":0,"comment_status":"open","ping_status":"open","sticky":false,"template":"","format":"standard","meta":{"site-sidebar-layout":"default","site-content-layout":"","ast-site-content-layout":"default","site-content-style":"default","site-sidebar-style":"default","ast-global-header-display":"","ast-banner-title-visibility":"","ast-main-header-display":"","ast-hfb-above-header-display":"","ast-hfb-below-header-display":"","ast-hfb-mobile-header-display":"","site-post-title":"","ast-breadcrumbs-content":"","ast-featured-img":"","footer-sml-layout":"","ast-disable-related-posts":"","theme-transparent-header-meta":"","adv-header-id-meta":"","stick-header-meta":"","header-above-stick-meta":"","header-main-stick-meta":"","header-below-stick-meta":"","astra-migrate-meta-layouts":"default","ast-page-background-enabled":"default","ast-page-background-meta":{"desktop":{"background-color":"","background-image":"","background-repeat":"repeat","background-position":"center center","background-size":"auto","background-attachment":"scroll","background-type":"","background-media":"","overlay-type":"","overlay-color":"","overlay-opacity":"","overlay-gradient":""},"tablet":{"background-color":"","background-image":"","background-repeat":"repeat","background-position":"center center","background-size":"auto","background-attachment":"scroll","background-type":"","background-media":"","overlay-type":"","overlay-color":"","overlay-opacity":"","overlay-gradient":""},"mobile":{"background-color":"","background-image":"","background-repeat":"repeat","background-position":"center center","background-size":"auto","background-attachment":"scroll","background-type":"","background-media":"","overlay-type":"","overlay-color":"","overlay-opacity":"","overlay-gradient":""}},"ast-content-background-meta":{"desktop":{"background-color":"var(--ast-global-color-5)","background-image":"","background-repeat":"repeat","background-position":"center center","background-size":"auto","background-attachment":"scroll","background-type":"","background-media":"","overlay-type":"","overlay-color":"","overlay-opacity":"","overlay-gradient":""},"tablet":{"background-color":"var(--ast-global-color-5)","background-image":"","background-repeat":"repeat","background-position":"center center","background-size":"auto","background-attachment":"scroll","background-type":"","background-media":"","overlay-type":"","overlay-color":"","overlay-opacity":"","overlay-gradient":""},"mobile":{"background-color":"var(--ast-global-color-5)","background-image":"","background-repeat":"repeat","background-position":"center center","background-size":"auto","background-attachment":"scroll","background-type":"","background-media":"","overlay-type":"","overlay-color":"","overlay-opacity":"","overlay-gradient":""}},"footnotes":""},"categories":[25],"tags":[],"class_list":["post-104232","post","type-post","status-publish","format-standard","hentry","category-destacado"],"spectra_blocks_featured_image_url":null,"spectra_blocks_author_info":{"display_name":"Jorge Alfredo Baret","avatar_url":"https:\/\/secure.gravatar.com\/avatar\/31696f5ca83439b642450ec7d3f82f98451a5efacb414343d5478c982b337f26?s=96&d=mm&r=g","author_link":"https:\/\/100xd.com.ar\/es\/author\/jorge\/","description":"Ingeniero Qu\u00edmico UTN - Director Apoderado de Comunicaciones Auditadas SA. Editor Responsable 100xd.com.ar."},"_links":{"self":[{"href":"https:\/\/100xd.com.ar\/es\/wp-json\/wp\/v2\/posts\/104232","targetHints":{"allow":["GET"]}}],"collection":[{"href":"https:\/\/100xd.com.ar\/es\/wp-json\/wp\/v2\/posts"}],"about":[{"href":"https:\/\/100xd.com.ar\/es\/wp-json\/wp\/v2\/types\/post"}],"author":[{"embeddable":true,"href":"https:\/\/100xd.com.ar\/es\/wp-json\/wp\/v2\/users\/9"}],"replies":[{"embeddable":true,"href":"https:\/\/100xd.com.ar\/es\/wp-json\/wp\/v2\/comments?post=104232"}],"version-history":[{"count":1,"href":"https:\/\/100xd.com.ar\/es\/wp-json\/wp\/v2\/posts\/104232\/revisions"}],"predecessor-version":[{"id":104234,"href":"https:\/\/100xd.com.ar\/es\/wp-json\/wp\/v2\/posts\/104232\/revisions\/104234"}],"wp:attachment":[{"href":"https:\/\/100xd.com.ar\/es\/wp-json\/wp\/v2\/media?parent=104232"}],"wp:term":[{"taxonomy":"category","embeddable":true,"href":"https:\/\/100xd.com.ar\/es\/wp-json\/wp\/v2\/categories?post=104232"},{"taxonomy":"post_tag","embeddable":true,"href":"https:\/\/100xd.com.ar\/es\/wp-json\/wp\/v2\/tags?post=104232"}],"curies":[{"name":"wp","href":"https:\/\/api.w.org\/{rel}","templated":true}]}}