{"id":104205,"date":"2024-07-10T12:06:57","date_gmt":"2024-07-10T15:06:57","guid":{"rendered":"https:\/\/100xd.com.ar\/?p=104205"},"modified":"2024-07-10T12:06:57","modified_gmt":"2024-07-10T15:06:57","slug":"un-gremio-anuncio-medidas-en-aerolineas-argentinas-para-el-viernes-que-afectaran-el-inicio-de-las-vacaciones-de-invierno","status":"publish","type":"post","link":"https:\/\/100xd.com.ar\/es\/un-gremio-anuncio-medidas-en-aerolineas-argentinas-para-el-viernes-que-afectaran-el-inicio-de-las-vacaciones-de-invierno\/","title":{"rendered":"Un gremio anunci\u00f3 medidas en Aerol\u00edneas Argentinas para el viernes que afectar\u00e1n el inicio de las vacaciones de invierno"},"content":{"rendered":"<p class=\"wp-block-paragraph\">La<strong>&nbsp;Asociaci\u00f3n de Pilotos de L\u00edneas A\u00e9reas (APLA)&nbsp;<\/strong>anunci\u00f3 esta madrugada medidas de \u201cacci\u00f3n directa\u201d para el pr\u00f3ximo viernes y advirti\u00f3 sobre la posible&nbsp;<strong>\u201ccancelaci\u00f3n de vuelos\u201d&nbsp;<\/strong>en Aerol\u00edneas Argentinas (AA) ante el comienzo de las vacaciones de invierno, luego de que las empresas del sector decidieron no llevar a cabo reuniones paritarias por recomposici\u00f3n salarial.<a href=\"https:\/\/www.infobae.com\/politica\/2024\/07\/10\/la-foto-de-milei-y-villarruel-subidos-a-un-tanque-militar-llego-a-la-tapa-de-the-wall-street-journal\/\" target=\"_blank\" rel=\"noreferrer noopener\">Te puede interesar:<strong>La foto de Milei y Villarruel subidos a un tanque militar lleg\u00f3 a la tapa de The Wall Street Journal<\/strong><\/a><\/p>\n\n\n\n<p class=\"wp-block-paragraph\">No obstante, desde Aerol\u00edneas Argentinas se\u00f1alaron que \u201cla negociaci\u00f3n sigue abierta\u201d y que apuestan \u201ca encontrar soluciones mediante el di\u00e1logo\u201d.https:\/\/6434932e8c6f05cb7c26c531ef51ef9c.safeframe.googlesyndication.com\/safeframe\/1-0-40\/html\/container.html<\/p>\n\n\n\n<p class=\"wp-block-paragraph\">En la empresa anticiparon que \u201cya hay una nueva reuni\u00f3n convocada\u201d y esperan \u201cque el conflicto se destrabe\u201d. Remarcan que su m\u00e1xima prioridad \u201ces no perjudicar a los pasajeros en el inicio de las vacaciones de invierno\u201d.<a href=\"https:\/\/www.infobae.com\/economia\/2024\/07\/10\/cuanto-cuesta-ir-a-ver-a-la-seleccion-argentina-a-la-final-de-la-copa-america\/\" target=\"_blank\" rel=\"noreferrer noopener\">Te puede interesar:<strong>Cu\u00e1nto cuesta ir a ver a la Selecci\u00f3n Argentina a la final de la Copa Am\u00e9rica<\/strong><\/a><\/p>\n\n\n\n<p class=\"wp-block-paragraph\">Desde el sindicato, la postura es de confrontaci\u00f3n, despu\u00e9s de que las autoridades de AA decidieron suspender su participaci\u00f3n en la \u00faltima reuni\u00f3n para abordar la cuesti\u00f3n salarial. Advirtieron que la compa\u00f1\u00eda \u201cno resuelve ni propone nada\u201d en estas negociaciones, en la v\u00edspera del receso invernal escolar.<\/p>\n\n\n\n<p class=\"wp-block-paragraph\">Desde APLA deslizaron que&nbsp;<strong>\u201cest\u00e1n confirmadas las Asambleas el viernes a la ma\u00f1ana en Aeroparque y a la noche en Ezeiza, que<\/strong>&nbsp;<strong>posiblemente terminen con cancelaci\u00f3n de vuelos\u201d<\/strong>, asegur\u00f3 el vocero y secretario de prensa de APLA,&nbsp;<strong>Juan Pablo Mazzieri<\/strong>.<a href=\"https:\/\/www.infobae.com\/sociedad\/2024\/07\/10\/frio-extremo-en-argentina-de-venado-tuerto-a-tandil-las-15-ciudades-que-amanecieron-con-temperaturas-bajo-cero\/\" target=\"_blank\" rel=\"noreferrer noopener\">Te puede interesar:<strong>Fr\u00edo extremo en Argentina: de Venado Tuerto a Tandil, las 15 ciudades que amanecieron con temperaturas bajo cero<\/strong><\/a><img loading=\"lazy\" decoding=\"async\" alt=\"El sindicato APLA se manifiesta en el Congreso\" height=\"2577\" width=\"1920\" class=\"\" src=\"https:\/\/www.infobae.com\/new-resizer\/DyRLV0x6ihSf_xmwpA_aiMy8TAs=\/420x560\/filters:format(webp):quality(85)\/cloudfront-us-east-1.images.arcpublishing.com\/infobae\/PUZVEMW23NFZLA3LIYS76IWDNE.jpg%20420w\" srcset=\"https:\/\/www.infobae.com\/new-resizer\/DyRLV0x6ihSf_xmwpA_aiMy8TAs=\/420x560\/filters:format(webp):quality(85)\/cloudfront-us-east-1.images.arcpublishing.com\/infobae\/PUZVEMW23NFZLA3LIYS76IWDNE.jpg 420w,https:\/\/www.infobae.com\/new-resizer\/QwFM7Vu2GwmvkzZr5mcAJhC5rIk=\/768x1024\/filters:format(webp):quality(85)\/cloudfront-us-east-1.images.arcpublishing.com\/infobae\/PUZVEMW23NFZLA3LIYS76IWDNE.jpg 768w,https:\/\/www.infobae.com\/new-resizer\/8zC1MPb5Wm_3hdeMOV7Ku7vfW5g=\/992x1323\/filters:format(webp):quality(85)\/cloudfront-us-east-1.images.arcpublishing.com\/infobae\/PUZVEMW23NFZLA3LIYS76IWDNE.jpg 992w,https:\/\/www.infobae.com\/new-resizer\/mGUqiujcJ7lUVzkgQQMRzY5a864=\/1200x1600\/filters:format(webp):quality(85)\/cloudfront-us-east-1.images.arcpublishing.com\/infobae\/PUZVEMW23NFZLA3LIYS76IWDNE.jpg 1200w\" title=\"Un gremio anunci\u00f3 medidas en Aerol\u00edneas Argentinas para el viernes que afectar\u00e1n el inicio de las vacaciones de invierno\">El sindicato APLA se manifiesta en el Congreso<\/p>\n\n\n\n<p class=\"wp-block-paragraph\">El gremio denunci\u00f3 que la empresa cancel\u00f3 la reuni\u00f3n en el marco de las negociaciones paritarias que ten\u00edan pautadas ayer con el objetivo de tratar la recomposici\u00f3n salarial.<\/p>\n\n\n\n<p class=\"wp-block-paragraph\">\u201cLamentablemente y de manera irresponsable eluden la problem\u00e1tica salarial que enfrentamos, generando&nbsp;<strong>un conflicto que tendr\u00e1 impacto en el inicio de las vacaciones de invierno<\/strong>\u201d,se\u00f1alaron desde el gremio aeron\u00e1utico que conduce&nbsp;<strong>Pablo Bir\u00f3.<\/strong><\/p>\n\n\n\n<p class=\"wp-block-paragraph\">De esta manera, el sindicato reclama que&nbsp;<strong>se reanuden las negociaciones salariales<\/strong>, al tiempo que crece el descontento por la reinstalaci\u00f3n del impuesto a las Ganancias a la cuarta categor\u00eda, ya que el tributo alcanza a gran parte del sector.<\/p>\n\n\n\n<p class=\"wp-block-paragraph\">Desde la empresa ya anticiparon que se ha pactado una nueva reuni\u00f3n.<\/p>\n\n\n\n<p class=\"wp-block-paragraph\">Aerol\u00edneas Argentinas era una de las apuntadas por el presidente Javier Milei para regresar a manos privadas, pero la iniciativa fue retirada de la Ley Bases, al igual que&nbsp;<strong>Radio y Televisi\u00f3n Argentina (RTA)&nbsp;<\/strong>y&nbsp;<strong>Correo Argentino<\/strong>, luego de su aprobaci\u00f3n en la C\u00e1mara Alta.<\/p>\n\n\n\n<h2 class=\"wp-block-heading\">La oferta de vuelos de Aerol\u00edneas del invierno<\/h2>\n\n\n\n<p class=\"wp-block-paragraph\">La compa\u00f1\u00eda estatal operar\u00e1 un&nbsp;<a rel=\"noreferrer noopener\" href=\"https:\/\/www.infobae.com\/economia\/networking\/2024\/07\/03\/aerolineas-argentinas-tendra-mas-de-330-vuelos-diarios-durante-la-temporada-alta-de-invierno\/\" target=\"_blank\"><em>promedio de 330 vuelos diarios&nbsp;<\/em><\/a>durante la temporada alta de invierno que ya comenz\u00f3, con una oferta total superior a 1.430.000 asientos en toda su red de destinos durante el mes de julio.<\/p>\n\n\n\n<p class=\"wp-block-paragraph\"><strong>\u201cEsta programaci\u00f3n representa un aumento del 5% comparado a julio de 2023\u2033<\/strong>, explicaron desde la l\u00ednea a\u00e9rea de bandera.<\/p>\n\n\n\n<p class=\"wp-block-paragraph\">En la red dom\u00e9stica, la oferta supera los 1.115.000 asientos, que estar\u00e1n focalizados en destinos invernales como&nbsp;<strong>Bariloche<\/strong>. La ciudad rionegrina contar\u00e1 con un promedio de 15 vuelos diarios desde Buenos Aires, C\u00f3rdoba, Mendoza, Mar del Plata y Rosario.<\/p>\n\n\n\n<p class=\"wp-block-paragraph\">Por su parte,&nbsp;<strong>Ushuaia&nbsp;<\/strong>tendr\u00e1 en promedio 7 vuelos diarios desde Buenos Aires, C\u00f3rdoba y El Calafate; mientras que&nbsp;<strong>San Mart\u00edn de los Andes&nbsp;<\/strong>habr\u00e1 4 vuelos diarios directos desde Buenos Aires, C\u00f3rdoba y Rosario.&nbsp;<strong>Esquel<\/strong>, en tanto, contar\u00e1 con un vuelo diario desde Aeroparque.<img loading=\"lazy\" decoding=\"async\" alt=\"De avanzar el conflicto, se esperan cancelaciones y reprogramaciones de vuelos en AA. (leoguevara80)\" height=\"1080\" width=\"1920\" class=\"\" src=\"https:\/\/www.infobae.com\/new-resizer\/JU-nP-TRRU-gReBb5cPTgcsFdj8=\/420x236\/filters:format(webp):quality(85)\/cloudfront-us-east-1.images.arcpublishing.com\/infobae\/E7UUZGZCFRGXBMBPMVT2OMXQXM.jpg%20420w\" srcset=\"https:\/\/www.infobae.com\/new-resizer\/JU-nP-TRRU-gReBb5cPTgcsFdj8=\/420x236\/filters:format(webp):quality(85)\/cloudfront-us-east-1.images.arcpublishing.com\/infobae\/E7UUZGZCFRGXBMBPMVT2OMXQXM.jpg 420w,https:\/\/www.infobae.com\/new-resizer\/ylw3q1KI3TPlsvTOsZ08zmRUBW4=\/768x432\/filters:format(webp):quality(85)\/cloudfront-us-east-1.images.arcpublishing.com\/infobae\/E7UUZGZCFRGXBMBPMVT2OMXQXM.jpg 768w,https:\/\/www.infobae.com\/new-resizer\/LzalXRSDVlLrOBLxXnxX5WUYUF0=\/992x558\/filters:format(webp):quality(85)\/cloudfront-us-east-1.images.arcpublishing.com\/infobae\/E7UUZGZCFRGXBMBPMVT2OMXQXM.jpg 992w,https:\/\/www.infobae.com\/new-resizer\/-eSsmdpOsxIb47ca1ICra9404RU=\/1200x675\/filters:format(webp):quality(85)\/cloudfront-us-east-1.images.arcpublishing.com\/infobae\/E7UUZGZCFRGXBMBPMVT2OMXQXM.jpg 1200w,https:\/\/www.infobae.com\/new-resizer\/efr5Y9WNzXQoSWDQOil-6s6ucpg=\/1440x810\/filters:format(webp):quality(85)\/cloudfront-us-east-1.images.arcpublishing.com\/infobae\/E7UUZGZCFRGXBMBPMVT2OMXQXM.jpg 1440w\" title=\"Un gremio anunci\u00f3 medidas en Aerol\u00edneas Argentinas para el viernes que afectar\u00e1n el inicio de las vacaciones de invierno\">De avanzar el conflicto, se esperan cancelaciones y reprogramaciones de vuelos en AA. (leoguevara80)<\/p>\n\n\n\n<p class=\"wp-block-paragraph\">Tambi\u00e9n se buscar\u00e1 capturar el&nbsp;<strong>turismo receptivo desde Brasil<\/strong>. Bariloche contar\u00e1 con un vuelo diario desde San Pablo y Ushuaia contar\u00e1 con dos vuelos semanales desde esa ciudad. Tambi\u00e9n, habr\u00e1 un vuelo semanal San Pablo \u2013 Salta y dos semanales entre Mendoza y San Pablo. Una frecuencia similar conectar\u00e1 San Pablo con San Martin de Los Andes y otros destinos tur\u00edsticos invernales. Adem\u00e1s, habr\u00e1 vuelos especiales que unir\u00e1n Montevideo con Bariloche.<\/p>\n\n\n\n<p class=\"wp-block-paragraph\">La red regional contar\u00e1 con una oferta de m\u00e1s de 230.000 asientos, que es aproximadamente un aumento de 4% m\u00e1s que 2023. Estar\u00e1 disponibles desde San Pablo unos 34 vuelos semanales, Montevideo con 34 vuelos semanales, Rio de Janeiro con 28 vuelos semanales, Santiago de Chile con 21 vuelos semanales y Asunci\u00f3n con 12 vuelos semanales. Tambi\u00e9n habr\u00e1 2 vuelos semanales C\u00f3rdoba \u2013 R\u00edo de Janeiro y 2 semanales Mendoza \u2013 Santiago de Chile.<\/p>\n\n\n\n<p class=\"wp-block-paragraph\"><em>*Con informaci\u00f3n de la agencia NA.<\/em><\/p>\n\n\n\n<p class=\"wp-block-paragraph\">Fuente: <a href=\"https:\/\/www.infobae.com\/\">Infobae.com<\/a><\/p>","protected":false},"excerpt":{"rendered":"<p>La&nbsp;Asociaci\u00f3n de Pilotos de L\u00edneas A\u00e9reas (APLA)&nbsp;anunci\u00f3 esta madrugada medidas de \u201cacci\u00f3n directa\u201d para el pr\u00f3ximo viernes y advirti\u00f3 sobre la posible&nbsp;\u201ccancelaci\u00f3n de vuelos\u201d&nbsp;en Aerol\u00edneas Argentinas (AA) ante el comienzo de las vacaciones de invierno, luego de que las empresas del sector decidieron no llevar a cabo reuniones paritarias por recomposici\u00f3n salarial.Te puede interesar:La foto [&hellip;]<\/p>\n","protected":false},"author":9,"featured_media":0,"comment_status":"open","ping_status":"open","sticky":false,"template":"","format":"standard","meta":{"site-sidebar-layout":"default","site-content-layout":"","ast-site-content-layout":"default","site-content-style":"default","site-sidebar-style":"default","ast-global-header-display":"","ast-banner-title-visibility":"","ast-main-header-display":"","ast-hfb-above-header-display":"","ast-hfb-below-header-display":"","ast-hfb-mobile-header-display":"","site-post-title":"","ast-breadcrumbs-content":"","ast-featured-img":"","footer-sml-layout":"","ast-disable-related-posts":"","theme-transparent-header-meta":"","adv-header-id-meta":"","stick-header-meta":"","header-above-stick-meta":"","header-main-stick-meta":"","header-below-stick-meta":"","astra-migrate-meta-layouts":"default","ast-page-background-enabled":"default","ast-page-background-meta":{"desktop":{"background-color":"","background-image":"","background-repeat":"repeat","background-position":"center center","background-size":"auto","background-attachment":"scroll","background-type":"","background-media":"","overlay-type":"","overlay-color":"","overlay-opacity":"","overlay-gradient":""},"tablet":{"background-color":"","background-image":"","background-repeat":"repeat","background-position":"center center","background-size":"auto","background-attachment":"scroll","background-type":"","background-media":"","overlay-type":"","overlay-color":"","overlay-opacity":"","overlay-gradient":""},"mobile":{"background-color":"","background-image":"","background-repeat":"repeat","background-position":"center center","background-size":"auto","background-attachment":"scroll","background-type":"","background-media":"","overlay-type":"","overlay-color":"","overlay-opacity":"","overlay-gradient":""}},"ast-content-background-meta":{"desktop":{"background-color":"var(--ast-global-color-5)","background-image":"","background-repeat":"repeat","background-position":"center center","background-size":"auto","background-attachment":"scroll","background-type":"","background-media":"","overlay-type":"","overlay-color":"","overlay-opacity":"","overlay-gradient":""},"tablet":{"background-color":"var(--ast-global-color-5)","background-image":"","background-repeat":"repeat","background-position":"center center","background-size":"auto","background-attachment":"scroll","background-type":"","background-media":"","overlay-type":"","overlay-color":"","overlay-opacity":"","overlay-gradient":""},"mobile":{"background-color":"var(--ast-global-color-5)","background-image":"","background-repeat":"repeat","background-position":"center center","background-size":"auto","background-attachment":"scroll","background-type":"","background-media":"","overlay-type":"","overlay-color":"","overlay-opacity":"","overlay-gradient":""}},"footnotes":""},"categories":[2],"tags":[],"class_list":["post-104205","post","type-post","status-publish","format-standard","hentry","category-politica"],"spectra_blocks_featured_image_url":null,"spectra_blocks_author_info":{"display_name":"Jorge Alfredo Baret","avatar_url":"https:\/\/secure.gravatar.com\/avatar\/31696f5ca83439b642450ec7d3f82f98451a5efacb414343d5478c982b337f26?s=96&d=mm&r=g","author_link":"https:\/\/100xd.com.ar\/es\/author\/jorge\/","description":"Ingeniero Qu\u00edmico UTN - Director Apoderado de Comunicaciones Auditadas SA. Editor Responsable 100xd.com.ar."},"_links":{"self":[{"href":"https:\/\/100xd.com.ar\/es\/wp-json\/wp\/v2\/posts\/104205","targetHints":{"allow":["GET"]}}],"collection":[{"href":"https:\/\/100xd.com.ar\/es\/wp-json\/wp\/v2\/posts"}],"about":[{"href":"https:\/\/100xd.com.ar\/es\/wp-json\/wp\/v2\/types\/post"}],"author":[{"embeddable":true,"href":"https:\/\/100xd.com.ar\/es\/wp-json\/wp\/v2\/users\/9"}],"replies":[{"embeddable":true,"href":"https:\/\/100xd.com.ar\/es\/wp-json\/wp\/v2\/comments?post=104205"}],"version-history":[{"count":1,"href":"https:\/\/100xd.com.ar\/es\/wp-json\/wp\/v2\/posts\/104205\/revisions"}],"predecessor-version":[{"id":104207,"href":"https:\/\/100xd.com.ar\/es\/wp-json\/wp\/v2\/posts\/104205\/revisions\/104207"}],"wp:attachment":[{"href":"https:\/\/100xd.com.ar\/es\/wp-json\/wp\/v2\/media?parent=104205"}],"wp:term":[{"taxonomy":"category","embeddable":true,"href":"https:\/\/100xd.com.ar\/es\/wp-json\/wp\/v2\/categories?post=104205"},{"taxonomy":"post_tag","embeddable":true,"href":"https:\/\/100xd.com.ar\/es\/wp-json\/wp\/v2\/tags?post=104205"}],"curies":[{"name":"wp","href":"https:\/\/api.w.org\/{rel}","templated":true}]}}