{"id":103477,"date":"2024-06-26T11:06:43","date_gmt":"2024-06-26T14:06:43","guid":{"rendered":"https:\/\/100xd.com.ar\/?p=103477"},"modified":"2024-06-26T11:06:43","modified_gmt":"2024-06-26T14:06:43","slug":"guillermo-francos-apoyo-a-luis-caputo-y-fue-tajante-habia-anarquia-en-la-obra-publica","status":"publish","type":"post","link":"https:\/\/100xd.com.ar\/es\/guillermo-francos-apoyo-a-luis-caputo-y-fue-tajante-habia-anarquia-en-la-obra-publica\/","title":{"rendered":"Guillermo Francos apoy\u00f3 a Luis Caputo y fue tajante: &#8220;Hab\u00eda anarqu\u00eda en la obra p\u00fablica&#8221;"},"content":{"rendered":"<p class=\"wp-block-paragraph\">El Gobierno se mantiene firme respecto&nbsp;al ajuste en los gastos del Estado y mantiene la motosierra encendida. En este sentido,&nbsp;<a href=\"https:\/\/www.mdzol.com\/dinero\/2024\/6\/18\/el-gobierno-le-exigira-algunas-provincias-que-le-devuelva-los-fondos-otorgados-para-la-obra-publica-435936.html\" target=\"_blank\" rel=\"noreferrer noopener\">avanzan con el nuevo modelo de&nbsp;<strong>obra p\u00fablica<\/strong><\/a>&nbsp;y liquidan el plan creado durante el kirchnerismo. Ayer lo manifest\u00f3 el ministro de Econom\u00eda,&nbsp;<a href=\"https:\/\/www.mdzol.com\/temas\/luis-caputo-16688.html\" target=\"_blank\" rel=\"noreferrer noopener\"><strong>Luis Caputo<\/strong><\/a>, ante empresarios&nbsp;de la construcci\u00f3n; y hoy, lo reafirm\u00f3 el jefe de Gabinete,&nbsp;<a href=\"https:\/\/www.instagram.com\/guillermo.francos\/?hl=es\" target=\"_blank\" rel=\"noreferrer noopener\"><strong>Guillermo Francos<\/strong><\/a>.https:\/\/555ebe24614c4f2a715b05b69f73031c.safeframe.googlesyndication.com\/safeframe\/1-0-40\/html\/container.html<\/p>\n\n\n\n<p class=\"wp-block-paragraph\">&#8220;Hab\u00eda anarqu\u00eda en Argentina con las&nbsp;<strong>obras p\u00fablicas<\/strong>, no se controlaban. La gente no tiene conciencia de lo que pasa de c\u00f3mo se administraban las&nbsp;<strong>obras p\u00fablicas&nbsp;<\/strong>en Argentina durante mucho tiempo y eso no pod\u00eda continuar. La mayor\u00eda de las obras p\u00fablicas estaban paradas desde el Gobierno anterior porque no se pagaba, no le echen la culpa a este Gobierno&#8221;, expres\u00f3 en declaraciones con Radio Mitre.<\/p>\n\n\n\n<figure data-spectra-id=\"spectra-38843b30-4a27-4171-b3d6-6a0126297aa3\" class=\"wp-block-image\"><img decoding=\"async\" src=\"https:\/\/www.mdzol.com\/u\/fotografias\/m\/2024\/1\/14\/f768x539-1536207_1595361_5050.jpg\" alt=\"F768x539 1536207 1595361 5050\" title=\"Guillermo Francos apoy\u00f3 a Luis Caputo y fue tajante: &quot;Hab\u00eda anarqu\u00eda en la obra p\u00fablica&quot;\" \/><figcaption>El Gobierno le exigir\u00e1 a algunas provincias que le devuelva los fondos otorgados para la obra p\u00fablica.<\/figcaption><\/figure>\n\n\n\n<p class=\"wp-block-paragraph\">Y continu\u00f3&nbsp;<strong>Francos<\/strong>: &#8220;El Presidente fue muy claro con el famoso &#8221;no hay plata&#8221;. No hay para pagar la cantidad de&nbsp;<strong>obras p\u00fablicas<\/strong>. La Naci\u00f3n, el poder pol\u00edtico de ese momento, ten\u00eda m\u00e1s v\u00ednculo con algunos municipios o provincias que con otras, pero por ejemplo Schiaretti hac\u00eda obras y ten\u00eda una buena administraci\u00f3n, por eso sigui\u00f3 ganando en C\u00f3rdoba&#8221;.<\/p>\n\n\n\n<p class=\"wp-block-paragraph\">&#8220;La situaci\u00f3n era compleja en Argentina, no es nueva, pero se est\u00e1 empezando a corregir&#8221;, cerr\u00f3.<\/p>\n\n\n\n<h2 class=\"wp-block-heading\">Caputo ante empresarios<\/h2>\n\n\n\n<p class=\"wp-block-paragraph\"><strong>Caputo&nbsp;<\/strong>fue el encargado de cerrar la&nbsp;Convenci\u00f3n Anual de Camarco, el evento de la&nbsp;C\u00e1mara Argentina de la Construcci\u00f3n.&nbsp;Ante un auditorio lleno de empresarios de uno de los sectores m\u00e1s golpeados por la recesi\u00f3n econ\u00f3mica y por el&nbsp;ajuste fiscal&nbsp;del Gobierno que tiene uno de sus pilares en el fin de la<strong>&nbsp;obra p\u00fablica<\/strong>, el funcionario intent\u00f3 explicar el sentido de la pol\u00edtica econ\u00f3mica e hizo hincapi\u00e9 en la responsabilidad de la oposici\u00f3n kirchnerista en la crisis financiera de estos d\u00edas.<strong>TE PODR\u00cdA INTERESAR<\/strong><\/p>\n\n\n\n<ul class=\"wp-block-list\"><li><a href=\"https:\/\/www.mdzol.com\/dinero\/2024\/6\/25\/inflacion-cero-la-exageracion-de-javier-milei-que-pasara-con-el-precio-de-alimentos-437464.html\">\u00bfInflaci\u00f3n cero? La exageraci\u00f3n de Javier Milei y qu\u00e9 pasar\u00e1 con el precio de alimentos<\/a><\/li><li><a href=\"https:\/\/www.mdzol.com\/dinero\/2024\/6\/25\/javier-milei-recibe-otro-cachetazo-economico-por-la-fuerte-caida-de-la-actividad-industrial-437720.html\">Javier Milei recibe otro &#8220;cachetazo&#8221; econ\u00f3mico por la fuerte ca\u00edda de la actividad industrial<\/a><\/li><\/ul>\n\n\n\n<p class=\"wp-block-paragraph\">El titular del Palacio de Hacienda argument\u00f3 que el freno vino porque la prioridad era llegar al equilibrio, para ganar esa confianza que hoy les hace valer con los cinco meses de super\u00e1vit.&nbsp;<\/p>\n\n\n\n<p class=\"wp-block-paragraph\">&#8220;Tomamos medidas muy dolorosas, todas absolutamente necesarias, pero hab\u00eda que eliminar el d\u00e9fiicit fiscal&#8221;, se\u00f1al\u00f3. Y aclar\u00f3 que hab\u00eda que hacerlo r\u00e1pido para generar confianza.<\/p>\n\n\n\n<p class=\"wp-block-paragraph\">En este orden,\u00a0<strong>Caputo\u00a0<\/strong>detall\u00f3: \u201cRecibimos 2700 obras, el 77% eran obras por convenio y obras menores. Cord\u00f3n cuneta, techo de una pileta, ba\u00f1os en un cementerio. Casi el 80% de la obra era eso. Eso no es\u00a0<strong>obra<\/strong>, es pol\u00edtica. \u00bfEso se tiene que hacer? \u00a0si, pero que lo haga la intendencia, el gobernador. Nos costaba m\u00e1s la fiscalizaci\u00f3n de la\u00a0<strong>obra\u00a0<\/strong>que la obra misma. Naci\u00f3n tiene que hacer obras de infraestructura importante que sirvan al desarrollo, no un cord\u00f3n cuneta. Aproximadamente 1950 obras eran de ese tipo.\u00a0 Hoy la mitad ya se la llevaron las jurisdicciones\u201d.<\/p>\n\n\n\n<p class=\"wp-block-paragraph\">Fuente: <a href=\"https:\/\/www.mdzol.com\/\">Mendoza online<\/a><\/p>","protected":false},"excerpt":{"rendered":"<p>El Gobierno se mantiene firme respecto&nbsp;al ajuste en los gastos del Estado y mantiene la motosierra encendida. En este sentido,&nbsp;avanzan con el nuevo modelo de&nbsp;obra p\u00fablica&nbsp;y liquidan el plan creado durante el kirchnerismo. Ayer lo manifest\u00f3 el ministro de Econom\u00eda,&nbsp;Luis Caputo, ante empresarios&nbsp;de la construcci\u00f3n; y hoy, lo reafirm\u00f3 el jefe de Gabinete,&nbsp;Guillermo Francos.https:\/\/555ebe24614c4f2a715b05b69f73031c.safeframe.googlesyndication.com\/safeframe\/1-0-40\/html\/container.html &#8220;Hab\u00eda [&hellip;]<\/p>\n","protected":false},"author":9,"featured_media":0,"comment_status":"open","ping_status":"open","sticky":false,"template":"","format":"standard","meta":{"site-sidebar-layout":"default","site-content-layout":"","ast-site-content-layout":"default","site-content-style":"default","site-sidebar-style":"default","ast-global-header-display":"","ast-banner-title-visibility":"","ast-main-header-display":"","ast-hfb-above-header-display":"","ast-hfb-below-header-display":"","ast-hfb-mobile-header-display":"","site-post-title":"","ast-breadcrumbs-content":"","ast-featured-img":"","footer-sml-layout":"","ast-disable-related-posts":"","theme-transparent-header-meta":"","adv-header-id-meta":"","stick-header-meta":"","header-above-stick-meta":"","header-main-stick-meta":"","header-below-stick-meta":"","astra-migrate-meta-layouts":"default","ast-page-background-enabled":"default","ast-page-background-meta":{"desktop":{"background-color":"","background-image":"","background-repeat":"repeat","background-position":"center center","background-size":"auto","background-attachment":"scroll","background-type":"","background-media":"","overlay-type":"","overlay-color":"","overlay-opacity":"","overlay-gradient":""},"tablet":{"background-color":"","background-image":"","background-repeat":"repeat","background-position":"center center","background-size":"auto","background-attachment":"scroll","background-type":"","background-media":"","overlay-type":"","overlay-color":"","overlay-opacity":"","overlay-gradient":""},"mobile":{"background-color":"","background-image":"","background-repeat":"repeat","background-position":"center center","background-size":"auto","background-attachment":"scroll","background-type":"","background-media":"","overlay-type":"","overlay-color":"","overlay-opacity":"","overlay-gradient":""}},"ast-content-background-meta":{"desktop":{"background-color":"var(--ast-global-color-5)","background-image":"","background-repeat":"repeat","background-position":"center center","background-size":"auto","background-attachment":"scroll","background-type":"","background-media":"","overlay-type":"","overlay-color":"","overlay-opacity":"","overlay-gradient":""},"tablet":{"background-color":"var(--ast-global-color-5)","background-image":"","background-repeat":"repeat","background-position":"center center","background-size":"auto","background-attachment":"scroll","background-type":"","background-media":"","overlay-type":"","overlay-color":"","overlay-opacity":"","overlay-gradient":""},"mobile":{"background-color":"var(--ast-global-color-5)","background-image":"","background-repeat":"repeat","background-position":"center center","background-size":"auto","background-attachment":"scroll","background-type":"","background-media":"","overlay-type":"","overlay-color":"","overlay-opacity":"","overlay-gradient":""}},"footnotes":""},"categories":[25],"tags":[],"class_list":["post-103477","post","type-post","status-publish","format-standard","hentry","category-destacado"],"spectra_blocks_featured_image_url":null,"spectra_blocks_author_info":{"display_name":"Jorge Alfredo Baret","avatar_url":"https:\/\/secure.gravatar.com\/avatar\/31696f5ca83439b642450ec7d3f82f98451a5efacb414343d5478c982b337f26?s=96&d=mm&r=g","author_link":"https:\/\/100xd.com.ar\/es\/author\/jorge\/","description":"Ingeniero Qu\u00edmico UTN - Director Apoderado de Comunicaciones Auditadas SA. Editor Responsable 100xd.com.ar."},"_links":{"self":[{"href":"https:\/\/100xd.com.ar\/es\/wp-json\/wp\/v2\/posts\/103477","targetHints":{"allow":["GET"]}}],"collection":[{"href":"https:\/\/100xd.com.ar\/es\/wp-json\/wp\/v2\/posts"}],"about":[{"href":"https:\/\/100xd.com.ar\/es\/wp-json\/wp\/v2\/types\/post"}],"author":[{"embeddable":true,"href":"https:\/\/100xd.com.ar\/es\/wp-json\/wp\/v2\/users\/9"}],"replies":[{"embeddable":true,"href":"https:\/\/100xd.com.ar\/es\/wp-json\/wp\/v2\/comments?post=103477"}],"version-history":[{"count":1,"href":"https:\/\/100xd.com.ar\/es\/wp-json\/wp\/v2\/posts\/103477\/revisions"}],"predecessor-version":[{"id":103479,"href":"https:\/\/100xd.com.ar\/es\/wp-json\/wp\/v2\/posts\/103477\/revisions\/103479"}],"wp:attachment":[{"href":"https:\/\/100xd.com.ar\/es\/wp-json\/wp\/v2\/media?parent=103477"}],"wp:term":[{"taxonomy":"category","embeddable":true,"href":"https:\/\/100xd.com.ar\/es\/wp-json\/wp\/v2\/categories?post=103477"},{"taxonomy":"post_tag","embeddable":true,"href":"https:\/\/100xd.com.ar\/es\/wp-json\/wp\/v2\/tags?post=103477"}],"curies":[{"name":"wp","href":"https:\/\/api.w.org\/{rel}","templated":true}]}}