{"id":101445,"date":"2024-05-17T10:53:50","date_gmt":"2024-05-17T13:53:50","guid":{"rendered":"https:\/\/100xd.com.ar\/?p=101445"},"modified":"2024-05-17T10:53:50","modified_gmt":"2024-05-17T13:53:50","slug":"javier-milei-llego-a-espana-presentara-su-libro-se-reunira-con-empresarios-y-participara-de-un-acto-de-vox","status":"publish","type":"post","link":"https:\/\/100xd.com.ar\/es\/javier-milei-llego-a-espana-presentara-su-libro-se-reunira-con-empresarios-y-participara-de-un-acto-de-vox\/","title":{"rendered":"Javier Milei lleg\u00f3 a Espa\u00f1a: presentar\u00e1 su libro, se reunir\u00e1 con empresarios y participar\u00e1 de un acto de Vox"},"content":{"rendered":"<p class=\"wp-block-paragraph\">El presidente&nbsp;<a rel=\"noreferrer noopener\" href=\"https:\/\/www.infobae.com\/tag\/javier-milei\/\" target=\"_blank\">Javier Milei<\/a>&nbsp;arrib\u00f3 esta ma\u00f1ana a Madrid en un viaje no oficial en el que, entre otras cosas, presentar\u00e1 su \u00faltimo libro y participar\u00e1 de una cumbre pol\u00edtica organizada por Vox, el partido pol\u00edtico de derecha que lidera Santiago Abascal.<a href=\"https:\/\/www.infobae.com\/politica\/2024\/05\/17\/javier-milei-delego-en-luis-caputo-el-control-de-la-obra-publica\/\" target=\"_blank\" rel=\"noreferrer noopener\">Te puede interesar:<strong>Javier Milei deleg\u00f3 en Luis Caputo el control de la obra p\u00fablica<\/strong><\/a><\/p>\n\n\n\n<p class=\"wp-block-paragraph\">El avi\u00f3n presidencial aterriz\u00f3 minutos antes de las 6, hora argentina, en&nbsp;<strong>la base a\u00e9rea de Torrej\u00f3n de Ardoz, el antiguo aeropuerto militar ubicado a poco m\u00e1s de 20 kil\u00f3metros de la capital espa\u00f1ola.&nbsp;<\/strong>El mandatario est\u00e1 acompa\u00f1ado por su hermana y secretaria general de la Presidencia, Karina Milei.https:\/\/e176a4c410dc841fd27f20ba6133234c.safeframe.googlesyndication.com\/safeframe\/1-0-40\/html\/container.html<\/p>\n\n\n\n<p class=\"wp-block-paragraph\">De acuerdo a la agenda difundida por Presidencia, Milei presentar\u00e1&nbsp;<strong>a las 14.30 (hora argentina) de hoy su libro \u201cEl camino del libertario\u201d,<\/strong>&nbsp;en el Auditorio del diario&nbsp;<em>La Raz\u00f3n<\/em>, en Madrid. Luego se ver\u00e1 a solas con Abascal.<a href=\"https:\/\/www.infobae.com\/politica\/2024\/05\/17\/daniel-scioli-si-esto-sigue-asi-a-milei-le-van-a-tener-que-dar-el-premio-nobel-de-economia\/\" target=\"_blank\" rel=\"noreferrer noopener\">Te puede interesar:<strong>Daniel Scioli: \u201cSi esto sigue as\u00ed, a Milei le van a tener que dar el Premio Nobel de econom\u00eda\u201d<\/strong><\/a><\/p>\n\n\n\n<p class=\"wp-block-paragraph\">Su agenda continuar\u00e1 el s\u00e1bado, a las 9.30 (las 14.30 en Espa\u00f1a), cuando mantendr\u00e1<strong>&nbsp;un encuentro con empresarios espa\u00f1oles con intereses en nuestro pa\u00eds,&nbsp;<\/strong>en compa\u00f1\u00eda de su hermana Karina y del embajador argentino Roberto Bosch. \u201cEs muy relevante la reuni\u00f3n que va a tener el Presidente con los empresarios espa\u00f1oles. Es uno de los or\u00edgenes principales que tiene la Argentina en t\u00e9rminos de inversiones\u201d, sostuvo ayer el vocero presidencial, Manuel Adorni, quien adem\u00e1s adelant\u00f3 que el mes que viene, cuando el Presidente viaje nuevamente a Europa para recibir el premio del Instituto Juan de Mariana el 21 de junio,&nbsp;<strong>podr\u00eda mantener una reuni\u00f3n bilateral con su colega espa\u00f1ol, el socialista Pedro S\u00e1nchez.<\/strong><\/p>\n\n\n\n<p class=\"wp-block-paragraph\">El domingo Milei \u201cva a participar del encuentro \u201cEuropa Viva 24\u2033, donde brindar\u00e1 un discurso a partir de las 8:30. El lunes arribar\u00e1 a la Argentina en torno a las 6:10\u2033, sostuvo el vocero.<a href=\"https:\/\/www.infobae.com\/politica\/2024\/05\/17\/el-gobierno-presentara-un-proyecto-de-ley-para-regularizar-la-tenencia-de-armas-de-fuego\/\" target=\"_blank\" rel=\"noreferrer noopener\">Te puede interesar:<strong>El Gobierno presentar\u00e1 un proyecto de ley para regularizar la tenencia de armas de fuego<\/strong><\/a><\/p>\n\n\n\n<p class=\"wp-block-paragraph\">El viaje del mandatario argentino se produce unos d\u00edas despu\u00e9s de un duro cruce de opiniones con el gobierno espa\u00f1ol que encabeza Pedro S\u00e1nchez, que luego fue atenu\u00e1ndose de ambos lados. El ministro de Transporte de ese pa\u00eds, Oscar Puente, desliz\u00f3 que Milei habr\u00eda \u201cingerido sustancias\u201d, en su exposici\u00f3n durante una mesa redonda sobre redes sociales e imagen p\u00fablica de pol\u00edticos.<img loading=\"lazy\" decoding=\"async\" alt=\"El presidente de Argentina, Javier Milei, y el l\u00edder del partido ultraderechista Vox, en un encuentro anterior. Foto: Santiago Abascal\/X\" height=\"1365\" width=\"2048\" class=\"\" src=\"https:\/\/www.infobae.com\/new-resizer\/JRdB_OeoZ2XpRdmcIn1kraJfvMI=\/420x280\/filters:format(webp):quality(85)\/cloudfront-us-east-1.images.arcpublishing.com\/infobae\/D4UYIMZLCFAD5HYPCO5RZDDHGM.jpg%20420w\" srcset=\"https:\/\/www.infobae.com\/new-resizer\/JRdB_OeoZ2XpRdmcIn1kraJfvMI=\/420x280\/filters:format(webp):quality(85)\/cloudfront-us-east-1.images.arcpublishing.com\/infobae\/D4UYIMZLCFAD5HYPCO5RZDDHGM.jpg 420w,https:\/\/www.infobae.com\/new-resizer\/qQYh7iW9pGfWcaAXybkJJuDchJM=\/768x512\/filters:format(webp):quality(85)\/cloudfront-us-east-1.images.arcpublishing.com\/infobae\/D4UYIMZLCFAD5HYPCO5RZDDHGM.jpg 768w,https:\/\/www.infobae.com\/new-resizer\/LybXn950N01w_5-j31x39k6guUw=\/992x661\/filters:format(webp):quality(85)\/cloudfront-us-east-1.images.arcpublishing.com\/infobae\/D4UYIMZLCFAD5HYPCO5RZDDHGM.jpg 992w,https:\/\/www.infobae.com\/new-resizer\/MjQDxGwmK9hg7cRr-vWvYRwNkX4=\/1200x800\/filters:format(webp):quality(85)\/cloudfront-us-east-1.images.arcpublishing.com\/infobae\/D4UYIMZLCFAD5HYPCO5RZDDHGM.jpg 1200w,https:\/\/www.infobae.com\/new-resizer\/E3KMgZegRZxpZ-PVM46XwSUfI_M=\/1440x960\/filters:format(webp):quality(85)\/cloudfront-us-east-1.images.arcpublishing.com\/infobae\/D4UYIMZLCFAD5HYPCO5RZDDHGM.jpg 1440w\" title=\"Javier Milei lleg\u00f3 a Espa\u00f1a: presentar\u00e1 su libro, se reunir\u00e1 con empresarios y participar\u00e1 de un acto de Vox\">El presidente de Argentina, Javier Milei, y el l\u00edder del partido ultraderechista Vox, en un encuentro anterior. Foto: Santiago Abascal\/X<\/p>\n\n\n\n<p class=\"wp-block-paragraph\">Esa declaraci\u00f3n provoc\u00f3 la reacci\u00f3n del Ejecutivo argentino que, tras repudiar las calumnias del funcionario, apunt\u00f3 directamente contra el<strong>&nbsp;Presidente del Gobierno de Espa\u00f1a, Pedro S\u00e1nchez.&nbsp;<\/strong>\u201cEl gobierno de&nbsp;<strong>Pedro S\u00e1nchez tiene problemas m\u00e1s importantes de los que ocuparse<\/strong>, como las acusaciones de corrupci\u00f3n que caen sobre su esposa, asunto que lo llev\u00f3 incluso a evaluar su renuncia. Por el bien del Reino de Espa\u00f1a, esperamos que la justicia act\u00fae con celeridad para esclarecer&nbsp;<strong>semejante esc\u00e1ndalo de corrupci\u00f3n&nbsp;<\/strong>que afecta directamente la estabilidad de su Naci\u00f3n y, por consiguiente, las relaciones con nuestro pa\u00eds\u201d, se\u00f1al\u00f3 el comunicado de la Oficina del Presidente, en la red social X (ex Twitter).<\/p>\n\n\n\n<p class=\"wp-block-paragraph\">Puente se disculp\u00f3 por su exabrupto d\u00edas m\u00e1s tarde y el conflicto qued\u00f3 zanjado, aunque en este viaje no habr\u00e1 contactos oficiales entre ambos gobiernos.<\/p>\n\n\n\n<h2 class=\"wp-block-heading\">Los otros invitados a la cumbre de Vox<\/h2>\n\n\n\n<p class=\"wp-block-paragraph\">La diputada de la Asamblea Nacional de Francia y candidata a la presidencia de ese pa\u00eds,&nbsp;<strong>Marine Le Pen<\/strong>, y el presidente del partido Chega y diputado portugu\u00e9s,&nbsp;<strong>Andr\u00e9 Ventura<\/strong>, ser\u00e1n otros de los participantes del mit\u00edn en el que estar\u00e1n Abascal y Milei. Mediante un comunicado Vox tambi\u00e9n comunic\u00f3 que intervendr\u00e1n en la convenci\u00f3n el ministro de Asuntos de la Di\u00e1spora de Israel y combate contra el Antisemitismo,&nbsp;<strong>Amichai Chikl<\/strong>&nbsp;y el diputado chileno y l\u00edder del Partido Republicano,&nbsp;<strong>Jos\u00e9 Antonio Kast<\/strong>. Adem\u00e1s, intervendr\u00e1n por teleconferencia el primer ministro de Hungr\u00eda,&nbsp;<strong>Viktor Orb\u00e1n<\/strong>&nbsp;y la primera ministra de Italia,&nbsp;<strong>Georgia Meloni.<\/strong><\/p>\n\n\n\n<p class=\"wp-block-paragraph\"><strong>Milei ya particip\u00f3<\/strong>&nbsp;de otras ediciones del<strong>&nbsp;festival Viva de Vox<\/strong>, que se realizan desde 2018 cuando el espacio pol\u00edtico espa\u00f1ol a\u00fan no contaba con representaci\u00f3n institucional, junt\u00f3 a 10 mil personas y empez\u00f3 a transformarse en una fuerza pol\u00edtica en crecimiento.<\/p>\n\n\n\n<p class=\"wp-block-paragraph\">Cuando Abascal pas\u00f3 por Buenos Aires en diciembre, tras reunirse con Milei, su partido destac\u00f3 a trav\u00e9s de un comunicado, \u201cla&nbsp;<strong>esperanza&nbsp;<\/strong>que supone Argentina para la regi\u00f3n como&nbsp;<strong>baluarte&nbsp;<\/strong>en la defensa de los valores democr\u00e1ticos que defienden Vox y La Libertad Avanza\u201d.<\/p>\n\n\n\n<p class=\"wp-block-paragraph\">En el mismo texto se resalt\u00f3 que ambos&nbsp;<a href=\"https:\/\/www.infobae.com\/politica\/2023\/12\/09\/javier-milei-inicio-las-reuniones-bilaterales-con-autoridades-que-participaran-de-la-asuncion\/\">\u201cse han comprometido en mantener unas relaciones estrechas y permanentes<\/a>, para continuar dando la batalla contra la&nbsp;<strong>maquinaria nociva del Grupo de Puebla y el Foro de S\u00e3o Paulo<\/strong>\u201d.<\/p>\n\n\n\n<p class=\"wp-block-paragraph\">Vox y Milei, adem\u00e1s, desde hace m\u00e1s de tres a\u00f1os trabajan juntos en la Fundaci\u00f3n Disenso, el think thank que impulsa la agrupaci\u00f3n pol\u00edtica espa\u00f1ola.<\/p>\n\n\n\n<p class=\"wp-block-paragraph\">En su p\u00e1gina web la Fundaci\u00f3n Disenso se define como \u201cun laboratorio de ideas que tiene como objetivo dar la batalla cultural en defensa de principios como la libertad, la soberan\u00eda nacional, la vida, la familia o el Estado de Derecho\u201d.<\/p>\n\n\n\n<p class=\"wp-block-paragraph\">Fuente:<a href=\"https:\/\/www.infobae.com\/\"> Infobae.com<\/a><\/p>","protected":false},"excerpt":{"rendered":"<p>El presidente&nbsp;Javier Milei&nbsp;arrib\u00f3 esta ma\u00f1ana a Madrid en un viaje no oficial en el que, entre otras cosas, presentar\u00e1 su \u00faltimo libro y participar\u00e1 de una cumbre pol\u00edtica organizada por Vox, el partido pol\u00edtico de derecha que lidera Santiago Abascal.Te puede interesar:Javier Milei deleg\u00f3 en Luis Caputo el control de la obra p\u00fablica El avi\u00f3n [&hellip;]<\/p>\n","protected":false},"author":9,"featured_media":0,"comment_status":"open","ping_status":"open","sticky":false,"template":"","format":"standard","meta":{"site-sidebar-layout":"default","site-content-layout":"","ast-site-content-layout":"default","site-content-style":"default","site-sidebar-style":"default","ast-global-header-display":"","ast-banner-title-visibility":"","ast-main-header-display":"","ast-hfb-above-header-display":"","ast-hfb-below-header-display":"","ast-hfb-mobile-header-display":"","site-post-title":"","ast-breadcrumbs-content":"","ast-featured-img":"","footer-sml-layout":"","ast-disable-related-posts":"","theme-transparent-header-meta":"","adv-header-id-meta":"","stick-header-meta":"","header-above-stick-meta":"","header-main-stick-meta":"","header-below-stick-meta":"","astra-migrate-meta-layouts":"default","ast-page-background-enabled":"default","ast-page-background-meta":{"desktop":{"background-color":"","background-image":"","background-repeat":"repeat","background-position":"center center","background-size":"auto","background-attachment":"scroll","background-type":"","background-media":"","overlay-type":"","overlay-color":"","overlay-opacity":"","overlay-gradient":""},"tablet":{"background-color":"","background-image":"","background-repeat":"repeat","background-position":"center center","background-size":"auto","background-attachment":"scroll","background-type":"","background-media":"","overlay-type":"","overlay-color":"","overlay-opacity":"","overlay-gradient":""},"mobile":{"background-color":"","background-image":"","background-repeat":"repeat","background-position":"center center","background-size":"auto","background-attachment":"scroll","background-type":"","background-media":"","overlay-type":"","overlay-color":"","overlay-opacity":"","overlay-gradient":""}},"ast-content-background-meta":{"desktop":{"background-color":"var(--ast-global-color-5)","background-image":"","background-repeat":"repeat","background-position":"center center","background-size":"auto","background-attachment":"scroll","background-type":"","background-media":"","overlay-type":"","overlay-color":"","overlay-opacity":"","overlay-gradient":""},"tablet":{"background-color":"var(--ast-global-color-5)","background-image":"","background-repeat":"repeat","background-position":"center center","background-size":"auto","background-attachment":"scroll","background-type":"","background-media":"","overlay-type":"","overlay-color":"","overlay-opacity":"","overlay-gradient":""},"mobile":{"background-color":"var(--ast-global-color-5)","background-image":"","background-repeat":"repeat","background-position":"center center","background-size":"auto","background-attachment":"scroll","background-type":"","background-media":"","overlay-type":"","overlay-color":"","overlay-opacity":"","overlay-gradient":""}},"footnotes":""},"categories":[25],"tags":[],"class_list":["post-101445","post","type-post","status-publish","format-standard","hentry","category-destacado"],"spectra_blocks_featured_image_url":null,"spectra_blocks_author_info":{"display_name":"Jorge Alfredo Baret","avatar_url":"https:\/\/secure.gravatar.com\/avatar\/31696f5ca83439b642450ec7d3f82f98451a5efacb414343d5478c982b337f26?s=96&d=mm&r=g","author_link":"https:\/\/100xd.com.ar\/es\/author\/jorge\/","description":"Ingeniero Qu\u00edmico UTN - Director Apoderado de Comunicaciones Auditadas SA. Editor Responsable 100xd.com.ar."},"_links":{"self":[{"href":"https:\/\/100xd.com.ar\/es\/wp-json\/wp\/v2\/posts\/101445","targetHints":{"allow":["GET"]}}],"collection":[{"href":"https:\/\/100xd.com.ar\/es\/wp-json\/wp\/v2\/posts"}],"about":[{"href":"https:\/\/100xd.com.ar\/es\/wp-json\/wp\/v2\/types\/post"}],"author":[{"embeddable":true,"href":"https:\/\/100xd.com.ar\/es\/wp-json\/wp\/v2\/users\/9"}],"replies":[{"embeddable":true,"href":"https:\/\/100xd.com.ar\/es\/wp-json\/wp\/v2\/comments?post=101445"}],"version-history":[{"count":1,"href":"https:\/\/100xd.com.ar\/es\/wp-json\/wp\/v2\/posts\/101445\/revisions"}],"predecessor-version":[{"id":101447,"href":"https:\/\/100xd.com.ar\/es\/wp-json\/wp\/v2\/posts\/101445\/revisions\/101447"}],"wp:attachment":[{"href":"https:\/\/100xd.com.ar\/es\/wp-json\/wp\/v2\/media?parent=101445"}],"wp:term":[{"taxonomy":"category","embeddable":true,"href":"https:\/\/100xd.com.ar\/es\/wp-json\/wp\/v2\/categories?post=101445"},{"taxonomy":"post_tag","embeddable":true,"href":"https:\/\/100xd.com.ar\/es\/wp-json\/wp\/v2\/tags?post=101445"}],"curies":[{"name":"wp","href":"https:\/\/api.w.org\/{rel}","templated":true}]}}