{"id":101384,"date":"2024-05-16T10:43:02","date_gmt":"2024-05-16T13:43:02","guid":{"rendered":"https:\/\/100xd.com.ar\/?p=101384"},"modified":"2024-05-16T10:43:02","modified_gmt":"2024-05-16T13:43:02","slug":"ley-bases-se-viene-la-ultima-ronda-de-exposiciones-en-el-senado-y-el-dictamen-es-aun-una-incognita","status":"publish","type":"post","link":"https:\/\/100xd.com.ar\/es\/ley-bases-se-viene-la-ultima-ronda-de-exposiciones-en-el-senado-y-el-dictamen-es-aun-una-incognita\/","title":{"rendered":"Ley Bases: se viene la \u00faltima ronda de exposiciones en el Senado y el dictamen es a\u00fan una inc\u00f3gnita"},"content":{"rendered":"<p class=\"wp-block-paragraph\"><strong>El Senado de la Naci\u00f3n retomar\u00e1 este jueves a las 10.30 la sexta y \u00faltima ronda de exposiciones en el plenario de comisiones que trata la&nbsp;<a target=\"_blank\" href=\"https:\/\/www.perfil.com\/noticias\/politica\/ley-bases-paquete-fiscal-oficialismo-pierde-impetu-no-logra-firma-dictamen-mayoria.phtml\" rel=\"noreferrer noopener\">ley de Bases<\/a>&nbsp;y el paquete fiscal<\/strong>, bajo un mar de dudas sobre la concreci\u00f3n del dictamen de mayor\u00eda que le permita al oficialismo desembarcar en el recinto la pr\u00f3ximo semana.<\/p>\n\n\n\n<p class=\"wp-block-paragraph\">Entre los expositores destacados en el plenario de las comisiones de Legislaci\u00f3n General; Presupuesto y Hacienda, y de Asuntos Constitucionales, se espera el discurso de la titular de Abuelas de Plaza de Mayo,&nbsp;<strong>Estela de Carlotto<\/strong>; el l\u00edder de la CTA Aut\u00f3noma,&nbsp;<strong>Hugo \u201cCachorro\u201d Godoy<\/strong>; y el secretario General de la Uni\u00f3n Argentina de Trabajadores Rurales y Estibadores (UATRE),&nbsp;<strong>Jos\u00e9 Voytenco.<\/strong><\/p>\n\n\n\n<p class=\"wp-block-paragraph\">Como detall\u00f3 la agencia&nbsp;<em>Noticias Argentinas<\/em>, no fue Victoria Villarruel, sino el vicejefe de Gabinete,&nbsp;<strong>Jos\u00e9 Rolandi, quien activ\u00f3 esta semana el brazo pol\u00edtico de la Casa Rosada y tendi\u00f3 puentes&nbsp;<\/strong>con aquellos senadores de bloques aliados y federales que plasmaron sus disidencias respecto a algunos cap\u00edtulos de ambos megaproyectos.ESTO NO LES GUSTA A LOS AUTORITARIOSEL EJERCICIO DEL PERIODISMO PROFESIONAL Y CR\u00cdTICO ES UN PILAR FUNDAMENTAL DE LA DEMOCRACIA. POR ESO MOLESTA A QUIENES CREEN SER LOS DUE\u00d1OS DE LA VERDAD.HOY M\u00c1S QUE NUNCA<a href=\"https:\/\/mi.perfil.com\/\">SUSCRIBITE<\/a><\/p>\n\n\n\n<figure data-spectra-id=\"spectra-be9c30ca-235a-46b2-bfbd-e43333c73500\" class=\"wp-block-image\"><img decoding=\"async\" src=\"https:\/\/fotos.perfil.com\/\/2024\/05\/07\/900\/0\/ley-bases-en-el-senado-da-la-sensacion-de-que-va-a-haber-una-aprobacion-en-general-1798048.jpg\" alt=\"Ley Bases en el Senado: \u201cDa la sensaci\u00f3n de que va a haber una aprobaci\u00f3n en general\" title=\"Ley Bases: se viene la \u00faltima ronda de exposiciones en el Senado y el dictamen es a\u00fan una inc\u00f3gnita\" \/><\/figure>\n\n\n\n<p class=\"wp-block-paragraph\"><a target=\"_blank\" href=\"https:\/\/www.perfil.com\/noticias\/politica\/se-demora-la-sancion-de-la-ley-bases-que-pasa-si-regresa-a-diputados-con-cambios.phtml\" rel=\"noreferrer noopener\">Se demora la sanci\u00f3n de la Ley Bases: qu\u00e9 pasa si regresa a Diputados con cambios<\/a><\/p>\n\n\n\n<p class=\"wp-block-paragraph\">El objetivo principal de la acci\u00f3n de Rolandi es pasar en limpio las&nbsp;<strong>modificaciones propuestas por, principalmente, el radical Mart\u00edn Lousteau (CABA), Guadalupe Tagliaferri, del PRO (CABA), y otros bloques como Unidad Federal<\/strong>, que integran Edgardo Kueider (Entre R\u00edos) y Carlos Esp\u00ednola (Corrientes). Esa labor a\u00fan contin\u00faa, ya que incluso los senadores no han terminado de transmitir sus inquietudes.<\/p>\n\n\n\n<p class=\"wp-block-paragraph\">Los puntos de mayor controversia que cosecharon las iniciativas fueron el R\u00e9gimen de Incentivo para Grandes Inversiones (RIGI), el blanqueo de capitales, la moratoria previsional, algunos puntos de la reforma laboral y la privatizaci\u00f3n de Aerol\u00edneas Argentinas, inform\u00f3&nbsp;<em>La Naci\u00f3n<\/em>.&nbsp;<strong>A diferencia del bloque de Diputados, la UCR senatorial lim\u00f3 asperezas y elev\u00f3 un pedido conjunto con los cambios pretendidos.<\/strong><\/p>\n\n\n\n<p class=\"wp-block-paragraph\">Fuentes con terminales en el bloque sostuvieron que el destino de la restituci\u00f3n de la cuarta categor\u00eda del<strong>&nbsp;impuesto a las Ganancias quedar\u00eda en manos de los gobernadores<\/strong>. Adem\u00e1s, entre otros puntos, la UCR pidi\u00f3 a\u00f1adir cambios al monotributo social y, a su vez, rever el gasto de funcionamiento de las universidades, tema sensible y bandera del radicalismo.<\/p>\n\n\n\n<p class=\"wp-block-paragraph\"><a target=\"_blank\" href=\"https:\/\/www.perfil.com\/noticias\/politica\/gobierno-amenaza-dejar-afuera-politicos-pacto-de-mayo-si-no-aprueban-ley-bases.phtml\" rel=\"noreferrer noopener\">El Gobierno amenaza con dejar afuera a los pol\u00edticos del Pacto de Mayo si no aprueban la Ley Bases<\/a><\/p>\n\n\n\n<p class=\"wp-block-paragraph\">Por la noche de este mi\u00e9rcoles, el gobierno continuaba atendiendo la catarata de modificaciones elevadas por los senadores, a&nbsp;<strong>poco m\u00e1s de una semana del Pacto de Mayo&nbsp;<\/strong>convocado por el presidente&nbsp;<a target=\"_blank\" href=\"https:\/\/www.perfil.com\/noticias\/economia\/javier-milei-volvio-a-negar-el-atraso-cambiario-y-adelanto-que-se-esta-cada-vez-mas-cerca-de-levantar-el-cepo.phtml\" rel=\"noreferrer noopener\">Javier Milei<\/a>, en C\u00f3rdoba, que<strong>&nbsp;pierde fuerza para que se realice el s\u00e1bado 25<\/strong>&nbsp;y no se descarta una reprogramaci\u00f3n.<\/p>\n\n\n\n<p class=\"wp-block-paragraph\">\u201c<strong>Estamos haciendo todo lo posible<\/strong>, poni\u00e9ndole el cuerpo al debate, qued\u00e1ndonos hasta cualquier hora en el debate de las comisiones,&nbsp;<strong>pero lo veo dif\u00edcil<\/strong>\u201d, reconoci\u00f3 en di\u00e1logo con&nbsp;<em>La Naci\u00f3n&nbsp;<\/em>una fuente del oficialismo de la C\u00e1mara alta, una vez concluido el informe del jefe de Gabinete, Nicol\u00e1s Posse. Todo apunta a que reci\u00e9n el fin de semana el Ejecutivo podr\u00e1 atender a las propuestas de la oposici\u00f3n dialoguista y definir en qu\u00e9 puntos est\u00e1 dispuesto a negociar.<\/p>\n\n\n\n<h2 class=\"wp-block-heading\">Por primera vez, Posse expuso ante el Senado<\/h2>\n\n\n\n<p class=\"wp-block-paragraph\">En un largo encuentro que se extendi\u00f3 por ocho horas, el jefe de Gabinete,&nbsp;<strong>Nicol\u00e1s Posse, se present\u00f3 este mi\u00e9rcoles en el Senado para realizar su primera exposici\u00f3n p\u00fablica<\/strong>&nbsp;desde que est\u00e1 al frente del cargo, para responder las preguntas de los legisladores en medio del debate en comisiones de esa c\u00e1mara por la ley de Bases. Dado que la Constituci\u00f3n Nacional establece que el jefe de ministros debe rendir cuentas de manera mensual, se habilit\u00f3 una larga cantidad de preguntas para la jornada.<\/p>\n\n\n\n<p class=\"wp-block-paragraph\">A lo largo de la sesi\u00f3n, el funcionario expuso sobre una amplia variedad de tem\u00e1ticas. Uno de los datos que m\u00e1s destac\u00f3 fueron las proyecciones econ\u00f3micas del gobierno de Javier Milei. Es que seg\u00fan indic\u00f3 el jefe de Gabinete,&nbsp;<strong>el Ejecutivo prev\u00e9 que, para diciembre de 2024, la inflaci\u00f3n interanual ser\u00e1 del 139%<\/strong>, marcando as\u00ed una desaceleraci\u00f3n en los meses que restan del a\u00f1o. En tanto,&nbsp;<strong>el d\u00f3lar rondar\u00eda los $1016.<\/strong><\/p>\n\n\n\n<p class=\"wp-block-paragraph\">Tambi\u00e9n apunt\u00f3 contra el esquema de funcionamiento y&nbsp;<strong>administraci\u00f3n de los planes sociales por parte de las organizaciones<\/strong>, en el marco de los allanamientos realizados por la Justicia y la difusi\u00f3n de las conclusiones preliminares. Adem\u00e1s, se refiri\u00f3 a los presuntos &#8220;castigos y amenazas&#8221; que presentaba ese sistema, al cual&nbsp;<strong>compar\u00f3 con la &#8220;esclavitud moderna&#8221;.<\/strong><\/p>\n\n\n\n<p class=\"wp-block-paragraph\"><a target=\"_blank\" href=\"https:\/\/www.perfil.com\/noticias\/economia\/cansado-de-reclamos-eurnekian-disparo-contra-milei-que-se-ponga-las-bolas-y-dirija-el-pais.phtml\" rel=\"noreferrer noopener\">Cansado de reclamos, Eurnekian dispar\u00f3 contra Milei: &#8220;Que se ponga las bolas y dirija el pa\u00eds&#8221;<\/a><\/p>\n\n\n\n<p class=\"wp-block-paragraph\">Otra de las cuestiones que abord\u00f3, a ra\u00edz de las insistentes preguntas y planteos de los legisladores de la oposici\u00f3n, fue&nbsp;<strong>el freno de la obra p\u00fablica en todo el pa\u00eds<\/strong>. De manera tajante, Posse dijo que todo el sistema est\u00e1 en revisi\u00f3n debido a que se heredaron deudas millonarias que hicieron caer la mayor\u00eda de los contratos por carecer de financiamiento.&nbsp;<strong>\u201cNo vamos a financiar eso con emisi\u00f3n, estamos parando una hiperinflaci\u00f3n\u201d<\/strong>, asegur\u00f3.<\/p>\n\n\n\n<p class=\"wp-block-paragraph\">Sumado a esto,\u00a0<strong>defendi\u00f3 la ley de Bases, en especial el R\u00e9gimen de Incentivo a las Grandes Inversiones (RIGI)<\/strong>, afirmando que promover\u00eda la industria nacional y las econom\u00edas regionales. \u201cLas inversiones est\u00e1n esperando seguridad jur\u00eddica en las regiones\u201d, sostuvo. Asimismo, se refiri\u00f3 a las protestas por el Fondo Nacional de Incentivo Docente (FONID) y afirm\u00f3 que qued\u00f3 sin efecto porque se venci\u00f3 el plazo de vigencia establecido por la ley que lo cre\u00f3.<\/p>\n\n\n\n<p class=\"wp-block-paragraph\">Fuente:<a href=\"https:\/\/www.perfil.com\/\"> Perfil.com<\/a><\/p>","protected":false},"excerpt":{"rendered":"<p>El Senado de la Naci\u00f3n retomar\u00e1 este jueves a las 10.30 la sexta y \u00faltima ronda de exposiciones en el plenario de comisiones que trata la&nbsp;ley de Bases&nbsp;y el paquete fiscal, bajo un mar de dudas sobre la concreci\u00f3n del dictamen de mayor\u00eda que le permita al oficialismo desembarcar en el recinto la pr\u00f3ximo semana. [&hellip;]<\/p>\n","protected":false},"author":9,"featured_media":0,"comment_status":"open","ping_status":"open","sticky":false,"template":"","format":"standard","meta":{"site-sidebar-layout":"default","site-content-layout":"","ast-site-content-layout":"default","site-content-style":"default","site-sidebar-style":"default","ast-global-header-display":"","ast-banner-title-visibility":"","ast-main-header-display":"","ast-hfb-above-header-display":"","ast-hfb-below-header-display":"","ast-hfb-mobile-header-display":"","site-post-title":"","ast-breadcrumbs-content":"","ast-featured-img":"","footer-sml-layout":"","ast-disable-related-posts":"","theme-transparent-header-meta":"","adv-header-id-meta":"","stick-header-meta":"","header-above-stick-meta":"","header-main-stick-meta":"","header-below-stick-meta":"","astra-migrate-meta-layouts":"default","ast-page-background-enabled":"default","ast-page-background-meta":{"desktop":{"background-color":"","background-image":"","background-repeat":"repeat","background-position":"center center","background-size":"auto","background-attachment":"scroll","background-type":"","background-media":"","overlay-type":"","overlay-color":"","overlay-opacity":"","overlay-gradient":""},"tablet":{"background-color":"","background-image":"","background-repeat":"repeat","background-position":"center center","background-size":"auto","background-attachment":"scroll","background-type":"","background-media":"","overlay-type":"","overlay-color":"","overlay-opacity":"","overlay-gradient":""},"mobile":{"background-color":"","background-image":"","background-repeat":"repeat","background-position":"center center","background-size":"auto","background-attachment":"scroll","background-type":"","background-media":"","overlay-type":"","overlay-color":"","overlay-opacity":"","overlay-gradient":""}},"ast-content-background-meta":{"desktop":{"background-color":"var(--ast-global-color-5)","background-image":"","background-repeat":"repeat","background-position":"center center","background-size":"auto","background-attachment":"scroll","background-type":"","background-media":"","overlay-type":"","overlay-color":"","overlay-opacity":"","overlay-gradient":""},"tablet":{"background-color":"var(--ast-global-color-5)","background-image":"","background-repeat":"repeat","background-position":"center center","background-size":"auto","background-attachment":"scroll","background-type":"","background-media":"","overlay-type":"","overlay-color":"","overlay-opacity":"","overlay-gradient":""},"mobile":{"background-color":"var(--ast-global-color-5)","background-image":"","background-repeat":"repeat","background-position":"center center","background-size":"auto","background-attachment":"scroll","background-type":"","background-media":"","overlay-type":"","overlay-color":"","overlay-opacity":"","overlay-gradient":""}},"footnotes":""},"categories":[25],"tags":[],"class_list":["post-101384","post","type-post","status-publish","format-standard","hentry","category-destacado"],"spectra_blocks_featured_image_url":null,"spectra_blocks_author_info":{"display_name":"Jorge Alfredo Baret","avatar_url":"https:\/\/secure.gravatar.com\/avatar\/31696f5ca83439b642450ec7d3f82f98451a5efacb414343d5478c982b337f26?s=96&d=mm&r=g","author_link":"https:\/\/100xd.com.ar\/es\/author\/jorge\/","description":"Ingeniero Qu\u00edmico UTN - Director Apoderado de Comunicaciones Auditadas SA. Editor Responsable 100xd.com.ar."},"_links":{"self":[{"href":"https:\/\/100xd.com.ar\/es\/wp-json\/wp\/v2\/posts\/101384","targetHints":{"allow":["GET"]}}],"collection":[{"href":"https:\/\/100xd.com.ar\/es\/wp-json\/wp\/v2\/posts"}],"about":[{"href":"https:\/\/100xd.com.ar\/es\/wp-json\/wp\/v2\/types\/post"}],"author":[{"embeddable":true,"href":"https:\/\/100xd.com.ar\/es\/wp-json\/wp\/v2\/users\/9"}],"replies":[{"embeddable":true,"href":"https:\/\/100xd.com.ar\/es\/wp-json\/wp\/v2\/comments?post=101384"}],"version-history":[{"count":1,"href":"https:\/\/100xd.com.ar\/es\/wp-json\/wp\/v2\/posts\/101384\/revisions"}],"predecessor-version":[{"id":101386,"href":"https:\/\/100xd.com.ar\/es\/wp-json\/wp\/v2\/posts\/101384\/revisions\/101386"}],"wp:attachment":[{"href":"https:\/\/100xd.com.ar\/es\/wp-json\/wp\/v2\/media?parent=101384"}],"wp:term":[{"taxonomy":"category","embeddable":true,"href":"https:\/\/100xd.com.ar\/es\/wp-json\/wp\/v2\/categories?post=101384"},{"taxonomy":"post_tag","embeddable":true,"href":"https:\/\/100xd.com.ar\/es\/wp-json\/wp\/v2\/tags?post=101384"}],"curies":[{"name":"wp","href":"https:\/\/api.w.org\/{rel}","templated":true}]}}