{"id":101259,"date":"2024-05-13T12:09:36","date_gmt":"2024-05-13T15:09:36","guid":{"rendered":"https:\/\/100xd.com.ar\/?p=101259"},"modified":"2024-05-13T12:09:36","modified_gmt":"2024-05-13T15:09:36","slug":"la-fundacion-maria-elena-walsh-cambia-su-nombre","status":"publish","type":"post","link":"https:\/\/100xd.com.ar\/es\/la-fundacion-maria-elena-walsh-cambia-su-nombre\/","title":{"rendered":"La fundaci\u00f3n Mar\u00eda Elena Walsh cambia su nombre"},"content":{"rendered":"<p class=\"wp-block-paragraph\">\u201cFue decisi\u00f3n un\u00e1nime de los miembros de nuestra instituci\u00f3n solicitar a&nbsp;<strong><a href=\"https:\/\/www.clarin.com\/tema\/sara-facio.html\" target=\"_blank\" rel=\"noreferrer noopener\">Sara Facio<\/a><\/strong>&nbsp;su aceptaci\u00f3n para incorporar su nombre a nuestra&nbsp;<strong>Fundaci\u00f3n<\/strong>\u201d, anunci\u00f3 la presidenta de la fundaci\u00f3n&nbsp;<strong><a href=\"https:\/\/www.clarin.com\/tema\/maria-elena-walsh.html\" target=\"_blank\" rel=\"noreferrer noopener\">Mar\u00eda Elena Walsh<\/a><\/strong>, Graciela Garc\u00eda Romero, a trav\u00e9s de las redes sociales este jueves.https:\/\/www.instagram.com\/p\/C6uMyGxvU8V\/embed\/captioned\/?cr=1&amp;v=14&amp;wp=858&amp;rd=https%3A%2F%2Fwww.clarin.com&amp;rp=%2Fcultura%2Ffundacion-maria-elena-walsh-cambia-nombre_0_zkfPckbD4g.html#%7B%22ci%22%3A0%2C%22os%22%3A1317.5%2C%22ls%22%3A386.30000001192093%2C%22le%22%3A950.1999999880791%7D<\/p>\n\n\n\n<p class=\"wp-block-paragraph\">La primicia la tuvieron los y las asistentes a la presentaci\u00f3n del libro&nbsp;<strong><em><a href=\"https:\/\/www.clarin.com\/cultura\/feminismo-maria-elena-walsh_0_8mnyLOrzrX.html\" target=\"_blank\" rel=\"noreferrer noopener\">El feminismo<\/a><\/em><\/strong>&nbsp;en la Feria del Libro de Buenos Aires el mi\u00e9rcoles 1 de mayo. De esa actividad participaron las escritoras&nbsp;<strong>Claudia Pi\u00f1eiro y Dolores Reyes junto a Victoria Carreras<\/strong>, que comentaron la selecci\u00f3n y edici\u00f3n de los textos de Mar\u00eda Elena Walsh escritos entre 1957 y 1998. Esa curadur\u00eda fue de la propia Sara Facio.<img loading=\"lazy\" decoding=\"async\" alt=\"Sara Facio en la fundaci\u00f3n Mar\u00eda Elena Walsh. Foto: Federico Imas.\" src=\"https:\/\/www.clarin.com\/img\/2022\/04\/20\/fWqNamm6s_720x0__1.jpg\" width=\"720\" height=\"480\" title=\"La fundaci\u00f3n Mar\u00eda Elena Walsh cambia su nombre\">Sara Facio en la fundaci\u00f3n Mar\u00eda Elena Walsh. Foto: Federico Imas.<\/p>\n\n\n\n<p class=\"wp-block-paragraph\">La Fundaci\u00f3n Mar\u00eda Elena Walsh fue&nbsp;<strong>creada en 2018<\/strong>&nbsp;por iniciativa de&nbsp;<a href=\"https:\/\/www.clarin.com\/cultura\/sara-facio-vida-transcurre-ojos-_0_he8OpTbnS4.html\" target=\"_blank\" rel=\"noreferrer noopener\">Sara Facio<\/a>&nbsp;\u201cen gratitud por el&nbsp;<strong>legado recibido<\/strong>&nbsp;de su gran amiga y compa\u00f1era de toda una vida. El objetivo es preservar y difundir la obra literaria y musical de la inigualable artista argentina\u201d, record\u00f3 Graciela Garc\u00eda Romero meses atr\u00e1s.<\/p>\n\n\n\n<h2 class=\"wp-block-heading\">Compa\u00f1eras de vida<\/h2>\n\n\n\n<p class=\"wp-block-paragraph\">Facio fue\u00a0<strong>compa\u00f1era durante 30 a\u00f1os<\/strong>\u00a0de la escrititora y es albacea de su obra, tanto literaria como musical.<\/p>\n\n\n\n<p class=\"wp-block-paragraph\">Ahora, Facio acept\u00f3 sumar su nombre a esa entidad. \u201cPor la importancia de su obra, por su&nbsp;<strong>adelantada gesti\u00f3n para difundir la fotograf\u00eda argentina<\/strong>; por sus cualidades \u00e9ticas y por su incansable dedicaci\u00f3n a la cultura y al crecimiento de nuestro pa\u00eds, es que informamos orgullosamente que nuestra instituci\u00f3n se llamar\u00e1 a partir de este momento,&nbsp;<strong>Fundaci\u00f3n Mar\u00eda Elena Walsh-Sara Facio<\/strong>\u201d, agreg\u00f3 Garc\u00eda Romero.<\/p>\n\n\n\n<p class=\"wp-block-paragraph\">Finalmente, en el mismo comunicado, se inform\u00f3 que la\u00a0<strong>primera actividad\u00a0<\/strong>que desarrollar\u00e1 la Fundaci\u00f3n para la difusi\u00f3n de la obra de Sara, \u201cser\u00e1 la inauguraci\u00f3n de una\u00a0<strong>exposici\u00f3n en la Quinta Trabucco<\/strong>\u00a0que es un espacio dependiente de la Secretar\u00eda de Cultura del Municipio de Vicente L\u00f3pez\u201d.<\/p>\n\n\n\n<p class=\"wp-block-paragraph\">Fuente:<a href=\"https:\/\/www.clarin.com\/\"> Clar\u00edn.com<\/a><\/p>","protected":false},"excerpt":{"rendered":"<p>\u201cFue decisi\u00f3n un\u00e1nime de los miembros de nuestra instituci\u00f3n solicitar a&nbsp;Sara Facio&nbsp;su aceptaci\u00f3n para incorporar su nombre a nuestra&nbsp;Fundaci\u00f3n\u201d, anunci\u00f3 la presidenta de la fundaci\u00f3n&nbsp;Mar\u00eda Elena Walsh, Graciela Garc\u00eda Romero, a trav\u00e9s de las redes sociales este jueves.https:\/\/www.instagram.com\/p\/C6uMyGxvU8V\/embed\/captioned\/?cr=1&amp;v=14&amp;wp=858&amp;rd=https%3A%2F%2Fwww.clarin.com&amp;rp=%2Fcultura%2Ffundacion-maria-elena-walsh-cambia-nombre_0_zkfPckbD4g.html#%7B%22ci%22%3A0%2C%22os%22%3A1317.5%2C%22ls%22%3A386.30000001192093%2C%22le%22%3A950.1999999880791%7D La primicia la tuvieron los y las asistentes a la presentaci\u00f3n del libro&nbsp;El feminismo&nbsp;en la Feria del [&hellip;]<\/p>\n","protected":false},"author":9,"featured_media":0,"comment_status":"open","ping_status":"open","sticky":false,"template":"","format":"standard","meta":{"site-sidebar-layout":"default","site-content-layout":"","ast-site-content-layout":"default","site-content-style":"default","site-sidebar-style":"default","ast-global-header-display":"","ast-banner-title-visibility":"","ast-main-header-display":"","ast-hfb-above-header-display":"","ast-hfb-below-header-display":"","ast-hfb-mobile-header-display":"","site-post-title":"","ast-breadcrumbs-content":"","ast-featured-img":"","footer-sml-layout":"","ast-disable-related-posts":"","theme-transparent-header-meta":"","adv-header-id-meta":"","stick-header-meta":"","header-above-stick-meta":"","header-main-stick-meta":"","header-below-stick-meta":"","astra-migrate-meta-layouts":"default","ast-page-background-enabled":"default","ast-page-background-meta":{"desktop":{"background-color":"","background-image":"","background-repeat":"repeat","background-position":"center center","background-size":"auto","background-attachment":"scroll","background-type":"","background-media":"","overlay-type":"","overlay-color":"","overlay-opacity":"","overlay-gradient":""},"tablet":{"background-color":"","background-image":"","background-repeat":"repeat","background-position":"center center","background-size":"auto","background-attachment":"scroll","background-type":"","background-media":"","overlay-type":"","overlay-color":"","overlay-opacity":"","overlay-gradient":""},"mobile":{"background-color":"","background-image":"","background-repeat":"repeat","background-position":"center center","background-size":"auto","background-attachment":"scroll","background-type":"","background-media":"","overlay-type":"","overlay-color":"","overlay-opacity":"","overlay-gradient":""}},"ast-content-background-meta":{"desktop":{"background-color":"var(--ast-global-color-5)","background-image":"","background-repeat":"repeat","background-position":"center center","background-size":"auto","background-attachment":"scroll","background-type":"","background-media":"","overlay-type":"","overlay-color":"","overlay-opacity":"","overlay-gradient":""},"tablet":{"background-color":"var(--ast-global-color-5)","background-image":"","background-repeat":"repeat","background-position":"center center","background-size":"auto","background-attachment":"scroll","background-type":"","background-media":"","overlay-type":"","overlay-color":"","overlay-opacity":"","overlay-gradient":""},"mobile":{"background-color":"var(--ast-global-color-5)","background-image":"","background-repeat":"repeat","background-position":"center center","background-size":"auto","background-attachment":"scroll","background-type":"","background-media":"","overlay-type":"","overlay-color":"","overlay-opacity":"","overlay-gradient":""}},"footnotes":""},"categories":[641],"tags":[],"class_list":["post-101259","post","type-post","status-publish","format-standard","hentry","category-entretenimiento"],"spectra_blocks_featured_image_url":null,"spectra_blocks_author_info":{"display_name":"Jorge Alfredo Baret","avatar_url":"https:\/\/secure.gravatar.com\/avatar\/31696f5ca83439b642450ec7d3f82f98451a5efacb414343d5478c982b337f26?s=96&d=mm&r=g","author_link":"https:\/\/100xd.com.ar\/es\/author\/jorge\/","description":"Ingeniero Qu\u00edmico UTN - Director Apoderado de Comunicaciones Auditadas SA. Editor Responsable 100xd.com.ar."},"_links":{"self":[{"href":"https:\/\/100xd.com.ar\/es\/wp-json\/wp\/v2\/posts\/101259","targetHints":{"allow":["GET"]}}],"collection":[{"href":"https:\/\/100xd.com.ar\/es\/wp-json\/wp\/v2\/posts"}],"about":[{"href":"https:\/\/100xd.com.ar\/es\/wp-json\/wp\/v2\/types\/post"}],"author":[{"embeddable":true,"href":"https:\/\/100xd.com.ar\/es\/wp-json\/wp\/v2\/users\/9"}],"replies":[{"embeddable":true,"href":"https:\/\/100xd.com.ar\/es\/wp-json\/wp\/v2\/comments?post=101259"}],"version-history":[{"count":1,"href":"https:\/\/100xd.com.ar\/es\/wp-json\/wp\/v2\/posts\/101259\/revisions"}],"predecessor-version":[{"id":101261,"href":"https:\/\/100xd.com.ar\/es\/wp-json\/wp\/v2\/posts\/101259\/revisions\/101261"}],"wp:attachment":[{"href":"https:\/\/100xd.com.ar\/es\/wp-json\/wp\/v2\/media?parent=101259"}],"wp:term":[{"taxonomy":"category","embeddable":true,"href":"https:\/\/100xd.com.ar\/es\/wp-json\/wp\/v2\/categories?post=101259"},{"taxonomy":"post_tag","embeddable":true,"href":"https:\/\/100xd.com.ar\/es\/wp-json\/wp\/v2\/tags?post=101259"}],"curies":[{"name":"wp","href":"https:\/\/api.w.org\/{rel}","templated":true}]}}