{"id":100612,"date":"2024-05-01T12:52:29","date_gmt":"2024-05-01T15:52:29","guid":{"rendered":"https:\/\/100xd.com.ar\/?p=100612"},"modified":"2024-05-01T12:52:29","modified_gmt":"2024-05-01T15:52:29","slug":"dano-a-la-memoria-historica","status":"publish","type":"post","link":"https:\/\/100xd.com.ar\/es\/dano-a-la-memoria-historica\/","title":{"rendered":"Da\u00f1o a la memoria hist\u00f3rica"},"content":{"rendered":"<p class=\"wp-block-paragraph\">Aficionados de la fotograf\u00eda denunciaron que durante el fin de semana del 13 y 14 de abril pasado&nbsp;<mark>se inund\u00f3<\/mark>, una vez m\u00e1s, el emblem\u00e1tico edificio del&nbsp;<strong>Archivo General de la Naci\u00f3n (AGN)<\/strong>, dependiente del&nbsp;<strong>Ministerio del Interior<\/strong>&nbsp;de la Naci\u00f3n, en su sede de Leandro N. Alem 246. Cerca de 1500 cajas con negativos fotogr\u00e1ficos hist\u00f3ricos que all\u00ed se atesoran se da\u00f1aron; entre ellos, material del antiguo diario&nbsp;<strong>Cr\u00edtica<\/strong>, de&nbsp;<strong>YPF<\/strong>, de&nbsp;<strong>Agua y Energ\u00eda<\/strong>&nbsp;y del&nbsp;<mark>fondo Witcomb<\/mark>, uno de los archivos m\u00e1s antiguos del pa\u00eds con m\u00e1s de mil im\u00e1genes que hace tiempo debieron haberse mudado a un lugar seguro.<\/p>\n\n\n\n<p class=\"wp-block-paragraph\">De nada valen las aclaraciones oficiales respecto de que no habr\u00edan tenido que ver las lluvias y que fue por la \u201cvandalizaci\u00f3n de la red de agua corriente, espec\u00edficamente el robo del medidor instalado en la vereda\u201d, seg\u00fan confirm\u00f3 el ministerio. Desde la direcci\u00f3n, por su parte, tambi\u00e9n pretendieron deslindar responsabilidades afirmando que si las rondas de vigilancia se hubieran cumplido, se podr\u00eda haber evitado el desastre. El verdadero origen del problema, insistimos, radica en que hace rato que estos valiosos materiales debieron haber sido trasladados a otra dependencia que permitiera asegurar su conservaci\u00f3n.<\/p>\n\n\n\n<p class=\"wp-block-paragraph\"><strong>Abel Alexander<\/strong>, presidente de la Sociedad Iberoamericana de Historia de la Fotograf\u00eda considera que fue \u201cuna tragedia anunciada\u201d. Desde hace d\u00e9cadas, \u00e9l y muchos de sus pares, vienen denunciado la desidia del Estado en la preservaci\u00f3n del patrimonio y de la memoria hist\u00f3rica de los argentinos. Una parte del archivo Witcomb, compuesto por m\u00e1s de 350.000 negativos de los siglos XIX y XX y que se extiende por 625 metros lineales, se conserva en los subsuelos del hist\u00f3rico edificio del AGN, en los que ingresaron entre 30 y 40 cent\u00edmetros de agua, donde los viejos ca\u00f1os que recogen las aguas de la lluvia est\u00e1n rotos y los sumideros, repetidamente tapados. El antiguo estudio fotogr\u00e1fico Witcomb, que funcion\u00f3 hasta 1970, registr\u00f3 a las familias aristocr\u00e1ticas porte\u00f1as, a numerosos presidentes, as\u00ed como vistas, costumbres y paisajes.<\/p>\n\n\n\n<p class=\"wp-block-paragraph\">Mientras se busca evitar que se peguen fotos con fotos y que aparezcan hongos, contando para ello con profesionales de otras \u00e1reas y espacios ante los recortes de personal, el lento y artesanal trabajo de rescate a\u00fan no permite estimar verdaderamente el volumen del da\u00f1o.<\/p>\n\n\n\n<p class=\"wp-block-paragraph\">Este lamentable suceso asume mayor gravedad al recordar que la misma historia se repite luego de 40 a\u00f1os. En efecto, en 1984 un grupo de investigadores fotogr\u00e1ficos promovi\u00f3 la exposici\u00f3n \u201cLa colecci\u00f3n Witcomb en el Archivo General de la Naci\u00f3n\u201d, integrada por 80 fotograf\u00edas hist\u00f3ricas de la colecci\u00f3n, depositadas en el AGN. La muestra busc\u00f3, en realidad, denunciar la negligencia del Estado en el cuidado del patrimonio fotogr\u00e1fico del pa\u00eds, ya que miles de negativos hab\u00edan sido gravemente da\u00f1ados entonces a ra\u00edz de las filtraciones de agua en el s\u00f3tano donde estaban guardadas.<\/p>\n\n\n\n<p class=\"wp-block-paragraph\">Como se\u00f1al\u00f3&nbsp;<strong>Luis Priamo<\/strong>, renombrado investigador de la fotograf\u00eda antigua y uno de los organizadores de aquella muestra, la iniciativa fue una especie de autodenuncia del AGN que, por primera vez, acced\u00eda a mostrar los da\u00f1os provocados por d\u00e9cadas de abandono del mayor reservorio documental de la Naci\u00f3n. Al recorrer el subsuelo del AGN, se observaba que la filtraci\u00f3n de agua se produc\u00eda por la rotura de un ca\u00f1o de desag\u00fce pluvial que afectaba directamente el material.&nbsp;<mark>Nada ha cambiado 40 a\u00f1os despu\u00e9s. La colecci\u00f3n sigue en el s\u00f3tano y se sigue inundando.<\/mark><\/p>\n\n\n\n<p class=\"wp-block-paragraph\">Esperamos que el director del AGN,\u00a0<strong>Emilio Perina<\/strong>, brinde una detallada informaci\u00f3n de lo que se da\u00f1\u00f3 y active un plan de remediaci\u00f3n y conservaci\u00f3n para que nunca m\u00e1s este valioso patrimonio hist\u00f3rico sufra por la negligencia de los funcionarios y el desinter\u00e9s del Estado. Perina no puede aducir culpas ajenas o desconocimiento. Cuando ocup\u00f3 la misma funci\u00f3n durante el gobierno de\u00a0<strong>Mauricio Macri<\/strong>\u00a0inaugur\u00f3 la nueva sede del AGN en Parque Patricios. Ni antes ni ahora se ocup\u00f3 de rescatar este patrimonio fotogr\u00e1fico mud\u00e1ndolo fuera de los inundables s\u00f3tanos de la instituci\u00f3n.\u00a0<mark>La penosa historia de la colecci\u00f3n Witcomb en manos del Estado simboliza, como tantas otras, la decadencia de nuestro pa\u00eds.<\/mark><\/p>\n\n\n\n<p class=\"wp-block-paragraph\">Fuente:<a href=\"https:\/\/www.lanacion.com.ar\/\"> La Naci\u00f3n<\/a><\/p>","protected":false},"excerpt":{"rendered":"<p>Aficionados de la fotograf\u00eda denunciaron que durante el fin de semana del 13 y 14 de abril pasado&nbsp;se inund\u00f3, una vez m\u00e1s, el emblem\u00e1tico edificio del&nbsp;Archivo General de la Naci\u00f3n (AGN), dependiente del&nbsp;Ministerio del Interior&nbsp;de la Naci\u00f3n, en su sede de Leandro N. Alem 246. Cerca de 1500 cajas con negativos fotogr\u00e1ficos hist\u00f3ricos que all\u00ed [&hellip;]<\/p>\n","protected":false},"author":9,"featured_media":0,"comment_status":"open","ping_status":"open","sticky":false,"template":"","format":"standard","meta":{"site-sidebar-layout":"default","site-content-layout":"","ast-site-content-layout":"default","site-content-style":"default","site-sidebar-style":"default","ast-global-header-display":"","ast-banner-title-visibility":"","ast-main-header-display":"","ast-hfb-above-header-display":"","ast-hfb-below-header-display":"","ast-hfb-mobile-header-display":"","site-post-title":"","ast-breadcrumbs-content":"","ast-featured-img":"","footer-sml-layout":"","ast-disable-related-posts":"","theme-transparent-header-meta":"","adv-header-id-meta":"","stick-header-meta":"","header-above-stick-meta":"","header-main-stick-meta":"","header-below-stick-meta":"","astra-migrate-meta-layouts":"default","ast-page-background-enabled":"default","ast-page-background-meta":{"desktop":{"background-color":"","background-image":"","background-repeat":"repeat","background-position":"center center","background-size":"auto","background-attachment":"scroll","background-type":"","background-media":"","overlay-type":"","overlay-color":"","overlay-opacity":"","overlay-gradient":""},"tablet":{"background-color":"","background-image":"","background-repeat":"repeat","background-position":"center center","background-size":"auto","background-attachment":"scroll","background-type":"","background-media":"","overlay-type":"","overlay-color":"","overlay-opacity":"","overlay-gradient":""},"mobile":{"background-color":"","background-image":"","background-repeat":"repeat","background-position":"center center","background-size":"auto","background-attachment":"scroll","background-type":"","background-media":"","overlay-type":"","overlay-color":"","overlay-opacity":"","overlay-gradient":""}},"ast-content-background-meta":{"desktop":{"background-color":"var(--ast-global-color-5)","background-image":"","background-repeat":"repeat","background-position":"center center","background-size":"auto","background-attachment":"scroll","background-type":"","background-media":"","overlay-type":"","overlay-color":"","overlay-opacity":"","overlay-gradient":""},"tablet":{"background-color":"var(--ast-global-color-5)","background-image":"","background-repeat":"repeat","background-position":"center center","background-size":"auto","background-attachment":"scroll","background-type":"","background-media":"","overlay-type":"","overlay-color":"","overlay-opacity":"","overlay-gradient":""},"mobile":{"background-color":"var(--ast-global-color-5)","background-image":"","background-repeat":"repeat","background-position":"center center","background-size":"auto","background-attachment":"scroll","background-type":"","background-media":"","overlay-type":"","overlay-color":"","overlay-opacity":"","overlay-gradient":""}},"footnotes":""},"categories":[149],"tags":[],"class_list":["post-100612","post","type-post","status-publish","format-standard","hentry","category-entrevistas"],"spectra_blocks_featured_image_url":null,"spectra_blocks_author_info":{"display_name":"Jorge Alfredo Baret","avatar_url":"https:\/\/secure.gravatar.com\/avatar\/31696f5ca83439b642450ec7d3f82f98451a5efacb414343d5478c982b337f26?s=96&d=mm&r=g","author_link":"https:\/\/100xd.com.ar\/es\/author\/jorge\/","description":"Ingeniero Qu\u00edmico UTN - Director Apoderado de Comunicaciones Auditadas SA. Editor Responsable 100xd.com.ar."},"_links":{"self":[{"href":"https:\/\/100xd.com.ar\/es\/wp-json\/wp\/v2\/posts\/100612","targetHints":{"allow":["GET"]}}],"collection":[{"href":"https:\/\/100xd.com.ar\/es\/wp-json\/wp\/v2\/posts"}],"about":[{"href":"https:\/\/100xd.com.ar\/es\/wp-json\/wp\/v2\/types\/post"}],"author":[{"embeddable":true,"href":"https:\/\/100xd.com.ar\/es\/wp-json\/wp\/v2\/users\/9"}],"replies":[{"embeddable":true,"href":"https:\/\/100xd.com.ar\/es\/wp-json\/wp\/v2\/comments?post=100612"}],"version-history":[{"count":1,"href":"https:\/\/100xd.com.ar\/es\/wp-json\/wp\/v2\/posts\/100612\/revisions"}],"predecessor-version":[{"id":100614,"href":"https:\/\/100xd.com.ar\/es\/wp-json\/wp\/v2\/posts\/100612\/revisions\/100614"}],"wp:attachment":[{"href":"https:\/\/100xd.com.ar\/es\/wp-json\/wp\/v2\/media?parent=100612"}],"wp:term":[{"taxonomy":"category","embeddable":true,"href":"https:\/\/100xd.com.ar\/es\/wp-json\/wp\/v2\/categories?post=100612"},{"taxonomy":"post_tag","embeddable":true,"href":"https:\/\/100xd.com.ar\/es\/wp-json\/wp\/v2\/tags?post=100612"}],"curies":[{"name":"wp","href":"https:\/\/api.w.org\/{rel}","templated":true}]}}