{"id":100597,"date":"2024-05-01T12:29:23","date_gmt":"2024-05-01T15:29:23","guid":{"rendered":"https:\/\/100xd.com.ar\/?p=100597"},"modified":"2024-05-01T12:29:23","modified_gmt":"2024-05-01T15:29:23","slug":"reforma-laboral-como-quedo-la-normativa-en-la-ley-bases","status":"publish","type":"post","link":"https:\/\/100xd.com.ar\/es\/reforma-laboral-como-quedo-la-normativa-en-la-ley-bases\/","title":{"rendered":"Reforma laboral: c\u00f3mo qued\u00f3 la normativa en la Ley Bases"},"content":{"rendered":"<p class=\"wp-block-paragraph\">En el debate art\u00edculo por art\u00edculo de&nbsp;<a href=\"https:\/\/www.lanacion.com.ar\/politica\/se-aprobo-la-ley-bases-diputados-le-dio-media-sancion-al-proyecto-del-gobierno-nid30042024\/\">la Ley Bases<\/a>, el oficialismo logr\u00f3 avanzar con una<strong>&nbsp;reforma laboral&nbsp;<\/strong>que tiene tres ejes: habilitar la posibilidad de un fondo de cese laboral en reemplazo de las indemnizaciones; un blanqueo para promocionar el empleo registrado y la ampliaci\u00f3n a un a\u00f1o del per\u00edodo de prueba. Un sector de la UCR intent\u00f3 incluir una reglamentaci\u00f3n para limitar&nbsp;<a href=\"https:\/\/www.lanacion.com.ar\/politica\/el-gesto-de-milei-con-la-cgt-que-resulto-un-alivio-para-moyano-nid27042024\/\">las \u201ccuotas solidarias\u201d<\/a>&nbsp;a los sindicatos, pero no tuvo el apoyo de los bloques de La Libertad Avanza, Pro y Hacemos Coalici\u00f3n Federal.<\/p>\n\n\n\n<p class=\"wp-block-paragraph\">Los puntos m\u00e1s importanes del proyecto, que se debate desde hoy en la C\u00e1mara de Diputados, son los siguientes:<\/p>\n\n\n\n<ul class=\"wp-block-list\"><li><strong>Fondo de cese laboral.<\/strong>&nbsp;Este mecanismo sirve como alternativa a las indemnizaciones y deber\u00e1 ser constituido mediante convenio colectivo de trabajo; es decir, con un acuerdo entre las c\u00e1maras empresarias y el sindicato m\u00e1s representativo del sector. El monto del aporte mensual, que no podr\u00e1 superar el 8% del salario, corre \u00fanicamente por cuenta del empleador y constituir\u00e1 un fondo de cese laboral. El proceso administrativo, en tanto, deber\u00e1 ser reglamentado por la Secretar\u00eda de Trabajo. En su plataforma de gobierno,&nbsp;<strong>Javier Milei<\/strong>&nbsp;propuso una \u201cmodernizaci\u00f3n laboral\u201d. Toma como ejemplo en su presentaci\u00f3n el modelo que tiene implementado la Uni\u00f3n de Obreros de la Construcci\u00f3n Argentina (Uocra) con un esquema de seguros de desempleo con \u201cmayor profundidad financiera\u201d. Milei se refiere al \u201cFondo de Cese Laboral de la Uocra\u201d, una iniciativa que la gesti\u00f3n de&nbsp;<strong>Mauricio Macri&nbsp;<\/strong><a href=\"https:\/\/www.lanacion.com.ar\/politica\/impulsan-cambios-en-las-horas-de-trabajo-y-en-las-indemnizaciones-nid2208342\/\">tambi\u00e9n quiso impulsar<\/a>&nbsp;y que tambi\u00e9n fue impulsada por&nbsp;<strong>Roberto Lavagna<\/strong>&nbsp;durante la pandemia. El fondo de desempleo en la construcci\u00f3n funciona de la siguiente manera: el empleador deposita el 12% del salario mensualmente en el fondo durante el primer a\u00f1o de la relaci\u00f3n laboral y el 8% a partir del segundo a\u00f1o. El dinero se deposita&nbsp;<strong>en una cuenta bancaria<\/strong>, genera intereses para el trabajador y son inembargables. El dinero es de libre disponibilidad.<\/li><li><strong>Per\u00edodo de prueba.<\/strong>&nbsp;Si bien se mantiene la vigencia de seis meses para la generalidad, este per\u00edodo de prueba se puede ampliar, aunque se contempl\u00f3 un plazo mayor para las Pymes. Podr\u00e1 ser de hasta ocho meses en las compa\u00f1\u00edas de seis y hasta cien trabajadores; y de hasta un a\u00f1o en las empresas de hasta cinco empleados.<\/li><li><strong>Promoci\u00f3n del empleo registrado<\/strong>. Eximici\u00f3n de sanciones a empleadores que no ten\u00eda a trabajadores registrados. \u201cEs un premio a las patronales\u201d, lo cuestion\u00f3 Romina del Pl\u00e1 (Frente de Izquierda).<\/li><\/ul>\n\n\n\n<figure data-spectra-id=\"spectra-b8a3c8be-a993-463f-b96a-b9711dd7d1cb\" class=\"wp-block-image\"><img decoding=\"async\" src=\"https:\/\/resizer.glanacion.com\/resizer\/v2\/sergio-palazzo-diputado-de-up-y-jefe-gremial-de-FNYHPJ4JKBEYNPGQ6JMATDSIJI.JPG?auth=df76b2524d90c5c83a40a05284cf8686d5c3c7507a239bf8c56d0dd0667d472e&amp;width=420&amp;height=280&amp;quality=70&amp;smart=true\" alt=\"Sergio Palazzo, diputado de UP y jefe gremial de La Bancaria, cuestion\u00f3 el fondo de cese laboral\" title=\"Reforma laboral: c\u00f3mo qued\u00f3 la normativa en la Ley Bases\" \/><figcaption>Sergio Palazzo, diputado de UP y jefe gremial de La Bancaria, cuestion\u00f3 el fondo de cese laboralPilar Camacho &#8211; LA NACI\u00d3N<\/figcaption><\/figure>\n\n\n\n<ul class=\"wp-block-list\"><li><strong>Discriminaci\u00f3n.&nbsp;<\/strong>Se estipula un \u201cagravamiento indemnizatorio\u201d en los despidos que, tras una sentencia judicial, se pruebe que estos fueron motivados por un acto discriminatorio.<\/li><li><strong>Simplificaci\u00f3n registral.&nbsp;<\/strong>Establece un r\u00e9gimen simplificado de registraci\u00f3n laboral con un aporte \u00fanico para las empresas de hasta 20 empleados. Adem\u00e1s, se prev\u00e9 un sistema de condonaci\u00f3n de multas por trabajador no registrado.<\/li><li><strong>\u201cTrabajador independiente\u201d<\/strong>. Establece que se podr\u00e1 contratar hasta otros cinco trabajadores independientes para llevar adelante un emprendimiento productivo y podr\u00e1 acogerse a un r\u00e9gimen especial unificado, que estar\u00e1 basado en una relaci\u00f3n aut\u00f3noma, sin que exista v\u00ednculo de dependencia entre ellos ni con las personas contratatantes de los servicios u obras\u201d. Desde la CGT rechazan este punto porque consideran que promueve la informalidad laboral. Lo llaman los sindicalistas \u201cel \u00edtem cuadrillas\u201d.&nbsp;<strong>Vanesa Siley&nbsp;<\/strong>(Uni\u00f3n por la Patria) dijo que este art\u00edculo fue copiado de la legislaci\u00f3n brasile\u00f1o y se\u00f1al\u00f3 que \u201ces una clasificaci\u00f3n forzosa e incorrecta\u201d. Y a\u00f1adi\u00f3: \u201cEste art\u00edculo va a generar litigiosidad. Si hay un jefe y cinco empleados, se impone el principio de la realidad por m\u00e1s que lo llamen como quieran\u201d.<\/li><\/ul>\n\n\n\n<figure data-spectra-id=\"spectra-a54d5243-ccf2-498b-a6a2-09ca73825e7a\" class=\"wp-block-image\"><img decoding=\"async\" src=\"https:\/\/resizer.glanacion.com\/resizer\/v2\/martin-tetaz-ucr-propuso-avanzar-contra-la-RT3O43QM2FHCTLDWWJUD36AH5M.JPG?auth=7c51abd1705ed44719309a289169b2e62f527e9ce87e07226ada7466ecbd9925&amp;width=420&amp;height=293&amp;quality=70&amp;smart=true\" alt=\"Mart\u00edn Tetaz (UCR) propuso avanzar contra la recaudaci\u00f3n sindical, pero no tuvo apoyo de los libertarios ni de Pro y el bloque de Pichetto\" title=\"Reforma laboral: c\u00f3mo qued\u00f3 la normativa en la Ley Bases\" \/><figcaption>Mart\u00edn Tetaz (UCR) propuso avanzar contra la recaudaci\u00f3n sindical, pero no tuvo apoyo de los libertarios ni de Pro y el bloque de PichettoFabi\u00e1n Marelli &#8211; LA NACI\u00d3N<\/figcaption><\/figure>\n\n\n\n<p class=\"wp-block-paragraph\">Hubo dos momentos calientes en el debate. El primer fue por el intento de un sector del radicalismo de limitar el cobro de la \u201ccuota solidaria\u201d. Se trata de un atajo al que suelen recurrir los sindicatos para financiar de manera alternativa a sus organizaciones y las obras sociales. Es un descuento salarial compulsivo a todos los trabajadores de una actividad, sean afiliados o no, y que es pactada con los empresarios en los convenios colectivos. El diputado&nbsp;<strong>Mart\u00edn Tetaz<\/strong>&nbsp;(UCR), titular de la Comisi\u00f3n de Legislaci\u00f3n del Trabajo, plante\u00f3 establecer l\u00edmites y nuevas reglamentaciones, pero fueron rechazadas por los bloques de La Libertad Avanza, Pro y Hacemos Coalici\u00f3n Federal. Reclam\u00f3 la eliminaci\u00f3n de la obligatoriedad de los aportes solidarios a los sindicatos que forman parte de varios convenios colectivos de trabajo. Adem\u00e1s, solicit\u00f3 incorporar en el cap\u00edtulo de la reforma laboral de la Ley Bases, la penalizaci\u00f3n de los bloqueos sindicales a empresas. Tetaz anunci\u00f3 que se insistir\u00e1 con esas reformas en Comisi\u00f3n.<\/p>\n\n\n\n<figure data-spectra-id=\"spectra-6332b22c-9924-43e3-babc-439a98edb9d4\" class=\"wp-block-image\"><img decoding=\"async\" src=\"https:\/\/cdn.jwplayer.com\/v2\/media\/ErNn6iZ0\/poster.jpg?width=720\" alt=\"Como quedar\u00edan las jubilaciones en abril: se reajustar\u00e1n mensualmente por inflaci\u00f3n a partir de julio\" title=\"Reforma laboral: c\u00f3mo qued\u00f3 la normativa en la Ley Bases\" \/><\/figure>\n\n\n\n<p class=\"wp-block-paragraph\">Durante la discusi\u00f3n en comisi\u00f3n, el diputado&nbsp;<strong>Miguel \u00c1ngel Pichetto&nbsp;<\/strong>intercedi\u00f3 a pedido de la CGT para excluir este intento del cobro de la cuota. \u201cNo hay ning\u00fan art\u00edculo del cap\u00edtulo laboral que favorezca a los empleados\u201d, sostuvo Sergio Palazzo (Uni\u00f3n por la Patria) y jefe del sindicato de los bancarios.<\/p>\n\n\n\n<p class=\"wp-block-paragraph\">Pero la cima de tensi\u00f3n se alcanz\u00f3 con la discusi\u00f3n del fondo de cese laboral en reemplazo de las indeminizaciones, que fue votado de manera positiva por 136 legisladores. \u201cSe facilita la desvinculaci\u00f3n de los trabajadores\u201d, dijo Palazzo. Coincidi\u00f3 con \u00e9l, Myriam Bregman (Frente de Izquierda).<\/p>\n\n\n\n<h2 class=\"wp-block-heading\">QU\u00c9 SE VOT\u00d3 DENTRO DE LA LEY BASES Y EN EL PAQUETE FISCAL<\/h2>\n\n\n\n<p class=\"wp-block-paragraph\">VER TODO<\/p>\n\n\n\n<h3 class=\"wp-block-heading\">\u00bfQu\u00e9 incluye la nueva Ley Bases?<\/h3>\n\n\n\n<p class=\"wp-block-paragraph\">Entre los puntos m\u00e1s importantes, ya se aprobaron los cap\u00edtulos sobre privatizaciones (que incluye nueve empresas), facultades delegadas en cuatro emergencias (administrativa, econ\u00f3mica, financiera y energ\u00e9tica) por un a\u00f1o y reforma laboral. Tambi\u00e9n se incluye el r\u00e9gimen de Prestaci\u00f3n de Retiro Proporcional para aquellas personas que a sus 65 a\u00f1os no cumplan con el requisito de los 30 a\u00f1os de aporte.<\/p>\n\n\n\n<p class=\"wp-block-paragraph\">Fuente:<a href=\"https:\/\/www.lanacion.com.ar\/\"> La Naci\u00f3n<\/a><\/p>","protected":false},"excerpt":{"rendered":"<p>En el debate art\u00edculo por art\u00edculo de&nbsp;la Ley Bases, el oficialismo logr\u00f3 avanzar con una&nbsp;reforma laboral&nbsp;que tiene tres ejes: habilitar la posibilidad de un fondo de cese laboral en reemplazo de las indemnizaciones; un blanqueo para promocionar el empleo registrado y la ampliaci\u00f3n a un a\u00f1o del per\u00edodo de prueba. Un sector de la UCR [&hellip;]<\/p>\n","protected":false},"author":9,"featured_media":0,"comment_status":"open","ping_status":"open","sticky":false,"template":"","format":"standard","meta":{"site-sidebar-layout":"default","site-content-layout":"","ast-site-content-layout":"default","site-content-style":"default","site-sidebar-style":"default","ast-global-header-display":"","ast-banner-title-visibility":"","ast-main-header-display":"","ast-hfb-above-header-display":"","ast-hfb-below-header-display":"","ast-hfb-mobile-header-display":"","site-post-title":"","ast-breadcrumbs-content":"","ast-featured-img":"","footer-sml-layout":"","ast-disable-related-posts":"","theme-transparent-header-meta":"","adv-header-id-meta":"","stick-header-meta":"","header-above-stick-meta":"","header-main-stick-meta":"","header-below-stick-meta":"","astra-migrate-meta-layouts":"default","ast-page-background-enabled":"default","ast-page-background-meta":{"desktop":{"background-color":"","background-image":"","background-repeat":"repeat","background-position":"center center","background-size":"auto","background-attachment":"scroll","background-type":"","background-media":"","overlay-type":"","overlay-color":"","overlay-opacity":"","overlay-gradient":""},"tablet":{"background-color":"","background-image":"","background-repeat":"repeat","background-position":"center center","background-size":"auto","background-attachment":"scroll","background-type":"","background-media":"","overlay-type":"","overlay-color":"","overlay-opacity":"","overlay-gradient":""},"mobile":{"background-color":"","background-image":"","background-repeat":"repeat","background-position":"center center","background-size":"auto","background-attachment":"scroll","background-type":"","background-media":"","overlay-type":"","overlay-color":"","overlay-opacity":"","overlay-gradient":""}},"ast-content-background-meta":{"desktop":{"background-color":"var(--ast-global-color-5)","background-image":"","background-repeat":"repeat","background-position":"center center","background-size":"auto","background-attachment":"scroll","background-type":"","background-media":"","overlay-type":"","overlay-color":"","overlay-opacity":"","overlay-gradient":""},"tablet":{"background-color":"var(--ast-global-color-5)","background-image":"","background-repeat":"repeat","background-position":"center center","background-size":"auto","background-attachment":"scroll","background-type":"","background-media":"","overlay-type":"","overlay-color":"","overlay-opacity":"","overlay-gradient":""},"mobile":{"background-color":"var(--ast-global-color-5)","background-image":"","background-repeat":"repeat","background-position":"center center","background-size":"auto","background-attachment":"scroll","background-type":"","background-media":"","overlay-type":"","overlay-color":"","overlay-opacity":"","overlay-gradient":""}},"footnotes":""},"categories":[2],"tags":[],"class_list":["post-100597","post","type-post","status-publish","format-standard","hentry","category-politica"],"spectra_blocks_featured_image_url":null,"spectra_blocks_author_info":{"display_name":"Jorge Alfredo Baret","avatar_url":"https:\/\/secure.gravatar.com\/avatar\/31696f5ca83439b642450ec7d3f82f98451a5efacb414343d5478c982b337f26?s=96&d=mm&r=g","author_link":"https:\/\/100xd.com.ar\/es\/author\/jorge\/","description":"Ingeniero Qu\u00edmico UTN - Director Apoderado de Comunicaciones Auditadas SA. Editor Responsable 100xd.com.ar."},"_links":{"self":[{"href":"https:\/\/100xd.com.ar\/es\/wp-json\/wp\/v2\/posts\/100597","targetHints":{"allow":["GET"]}}],"collection":[{"href":"https:\/\/100xd.com.ar\/es\/wp-json\/wp\/v2\/posts"}],"about":[{"href":"https:\/\/100xd.com.ar\/es\/wp-json\/wp\/v2\/types\/post"}],"author":[{"embeddable":true,"href":"https:\/\/100xd.com.ar\/es\/wp-json\/wp\/v2\/users\/9"}],"replies":[{"embeddable":true,"href":"https:\/\/100xd.com.ar\/es\/wp-json\/wp\/v2\/comments?post=100597"}],"version-history":[{"count":1,"href":"https:\/\/100xd.com.ar\/es\/wp-json\/wp\/v2\/posts\/100597\/revisions"}],"predecessor-version":[{"id":100599,"href":"https:\/\/100xd.com.ar\/es\/wp-json\/wp\/v2\/posts\/100597\/revisions\/100599"}],"wp:attachment":[{"href":"https:\/\/100xd.com.ar\/es\/wp-json\/wp\/v2\/media?parent=100597"}],"wp:term":[{"taxonomy":"category","embeddable":true,"href":"https:\/\/100xd.com.ar\/es\/wp-json\/wp\/v2\/categories?post=100597"},{"taxonomy":"post_tag","embeddable":true,"href":"https:\/\/100xd.com.ar\/es\/wp-json\/wp\/v2\/tags?post=100597"}],"curies":[{"name":"wp","href":"https:\/\/api.w.org\/{rel}","templated":true}]}}