{"id":100150,"date":"2024-04-23T10:36:39","date_gmt":"2024-04-23T13:36:39","guid":{"rendered":"https:\/\/100xd.com.ar\/?p=100150"},"modified":"2024-04-23T10:36:39","modified_gmt":"2024-04-23T13:36:39","slug":"el-comunicado-de-la-cgt-tras-la-cadena-nacional-de-javier-milei","status":"publish","type":"post","link":"https:\/\/100xd.com.ar\/es\/el-comunicado-de-la-cgt-tras-la-cadena-nacional-de-javier-milei\/","title":{"rendered":"El comunicado de la CGT tras la cadena nacional de Javier Milei"},"content":{"rendered":"<p class=\"wp-block-paragraph\">a dirigencia de la\u00a0<strong>Confederaci\u00f3n General del Trabajo (CGT)<\/strong>\u00a0sali\u00f3 a\u00a0<strong>criticar lo\u00a0<\/strong><a href=\"https:\/\/www.lanacion.com.ar\/politica\/javier-milei-celebro-el-superavit-fiscal-del-primer-trimestre-apunto-a-la-herencia-recibida-y-afirmo-nid22042024\/\"><strong>anunciado por el presidente Javier Milei<\/strong>\u00a0<\/a>en cadena nacional en la noche de este lunes con un duro comunicado al que titul\u00f3:\u00a0<strong>\u201cLo que le falta contar el Gobierno nacional\u201d<\/strong>.\u00a0<strong>\u201cAnuncia la vuelta del super\u00e1vit fiscal y comercial con acumulaci\u00f3n de reservas. Habla de supuestos \u2018super\u00e1vits gemelos\u2019 cuando, analizando los datos completos, debi\u00e9ramos hablar de \u2018deudas gemelas\u2019\u201d<\/strong>, apunt\u00f3 la entidad sindical.<\/p>\n\n\n\n<p class=\"wp-block-paragraph\"><strong>Desde la entidad dieron su opini\u00f3n sobre los \u201cmecanismos ocultos\u201d, seg\u00fan marcaron, con los que el Gobierno habr\u00eda llegado al super\u00e1vit fiscal<\/strong>.&nbsp;<strong>\u201cLicu\u00e1ndole los ingresos a las y los jubilados: sus haberes cayeron un 40% en t\u00e9rminos reales en los \u00faltimos 12 meses, ubic\u00e1ndose entre los registros hist\u00f3ricamente m\u00e1s bajos, peores que los del a\u00f1o 2001\u2033<\/strong>, comenz\u00f3 su listado la organizaci\u00f3n sindical.<\/p>\n\n\n\n<p class=\"wp-block-paragraph\">Asimismo indic\u00f3 que&nbsp;<strong>el Estado logr\u00f3 ese resultado tras detener las transferencias a las provincias<\/strong>, \u201cun recorte del 62% ajustado por inflaci\u00f3n, afectando servicios esenciales como educaci\u00f3n y seguridad social\u201d. \u201dDesfinanciando tambi\u00e9n los pagos a jubilados provinciales y los sueldos a docentes, entre otras funciones esenciales\u201d, sum\u00f3 el texto compartido en redes sociales.<\/p>\n\n\n\n<p class=\"wp-block-paragraph\"><strong>Para los dirigentes, el Gobierno incurre en deudas con empresas de energ\u00eda y gas porque \u201cel Tesoro no cumple con los contratos y puede romper esa cadena de pagos\u201d<\/strong>. \u201cAcumula una deuda del orden de los US$2200 millones\u201d, estim\u00f3 la CGT y advirti\u00f3 que si la situaci\u00f3n no se regulariza, \u201clas empresas privadas podr\u00edan entrar en problemas financieros graves colocando en riesgo el normal abastecimiento de electricidad\u201d.<\/p>\n\n\n\n<p class=\"wp-block-paragraph\">\u201c<strong>Desfinanciamiento de la educaci\u00f3n p\u00fablica y deudas con las universidades<\/strong>: no se actualiza el presupuesto educativo y los fondos no alcanzan para el normal desarrollo de la actividad. Sin incrementos presupuestarios las universidades no podr\u00e1n funcionar a partir del segundo semestre de este a\u00f1o\u201d, fue otro de los argumentos que utilizaron los directivos para explicar, en su parecer, por qu\u00e9 el Gobierno transita un per\u00edodo de super\u00e1vit fiscal.<\/p>\n\n\n\n<figure data-spectra-id=\"spectra-b1e6df76-b240-42ae-8094-f3c04aa56a98\" class=\"wp-block-image\"><img decoding=\"async\" src=\"https:\/\/resizer.glanacion.com\/resizer\/v2\/cadena-nacional-del-presidente-javier-milei-junto-NMNBFK4L45FNVALAYE36AGZPSA.jpg?auth=dac7e82c4cb5ea62b2ccf00e32806e05a49387d889b8a08a7036cfd97337b255&amp;width=420&amp;height=280&amp;quality=70&amp;smart=true\" alt=\"Cadena nacional del presidente Javier Milei\u00a0junto a\u00a0Luis Caputo y el titular del Banco Central,\u00a0Santiago Bausili\" title=\"El comunicado de la CGT tras la cadena nacional de Javier Milei\" \/><figcaption>Cadena nacional del presidente Javier Milei&nbsp;junto a&nbsp;Luis Caputo y el titular del Banco Central,&nbsp;Santiago BausiliCaptura<\/figcaption><\/figure>\n\n\n\n<p class=\"wp-block-paragraph\">Tras ello los gremialistas argumentaron que la&nbsp;<strong>interrupci\u00f3n de la obra p\u00fablica&nbsp;<\/strong>tal como lo decidi\u00f3 el oficialismo libertario, \u201catrasando o discontinuando proyectos estrat\u00e9gicos, vitales para reducir el gasto en subsidios y en importaci\u00f3n de energ\u00eda\u201d, represent\u00f3&nbsp;<strong>un \u201cbrutal costo social que significa la p\u00e9rdida \u2014 estimada hasta el momento\u2014 de unos 100.000 puestos de trabajo\u201d<\/strong>.<\/p>\n\n\n\n<p class=\"wp-block-paragraph\">\u201c<strong>El supuesto super\u00e1vit comercial es consecuencia de la brutal recesi\u00f3n y el desplome de las importaciones<\/strong>, sumado a la diferencia por las&nbsp;<strong>importaciones&nbsp;<\/strong>no pagadas (que se transforman en deuda comercial). La recesi\u00f3n para el presente a\u00f1o se prev\u00e9 en el orden del 5% como piso, la mayor desde el 2009\u2033, agreg\u00f3 el texto publicado.<\/p>\n\n\n\n<figure data-spectra-id=\"spectra-895cf635-6d51-4b0e-95bb-195461c790f6\" class=\"wp-block-image\"><img decoding=\"async\" src=\"https:\/\/resizer.glanacion.com\/resizer\/v2\/el-comunicado-de-la-cgt-tras-la-cadena-nacional-ZHU6D4Z4ORHLVGHIFKI3CB3X2Y.jpg?auth=913550106df1bd566c98753b32cabc22fdbc737b2edab53350c1451212703979&amp;width=420&amp;height=280&amp;quality=70&amp;smart=true\" alt=\"El comunicado de la CGT tras la cadena nacional de Javier Milei\" title=\"El comunicado de la CGT tras la cadena nacional de Javier Milei\" \/><figcaption>El comunicado de la CGT tras la cadena nacional de Javier MileiHern\u00e1n Zenteno &#8211; LA NACION<\/figcaption><\/figure>\n\n\n\n<p class=\"wp-block-paragraph\">\u201cEl<strong>&nbsp;Banco Central<\/strong>&nbsp;restringi\u00f3 el acceso a divisas para el pago de importaciones durante el primer trimestre del a\u00f1o. Si a los no pagos de bienes le agregamos los abonos restringidos de servicios (unos US$2000 millones), el aumento de deuda comercial totaliza aproximadamente unos US$8800 MM. Es decir, entonces, que el BCRA compr\u00f3 efectivamente solo un 30% de lo que dice\u201d, acusaron los gremialistas.<\/p>\n\n\n\n<p class=\"wp-block-paragraph\">Para los dirigentes sindicales, el gasto primario de la Administraci\u00f3n P\u00fablica Nacional cay\u00f3 m\u00e1s de 35% interanual en t\u00e9rminos reales. \u201cEl 40% del&nbsp;<strong>recorte del gasto se explica por la ca\u00edda en jubilaciones y pensiones,&nbsp;<\/strong>un 15% por un menor gasto en subsidios energ\u00e9ticos y otro 15% por el freno de la obra p\u00fablica. Entre estos tres rubros, se explica el 70% de la ca\u00edda del gasto primario\u201d, agregaron en un escrito firmado por el Consejo Directivo Nacional.<\/p>\n\n\n\n<p class=\"wp-block-paragraph\"><strong>\u201cDesde la CGT seguimos reclamando la implementaci\u00f3n de un verdadero programa econ\u00f3mico que, desde un di\u00e1logo social abierto (al que no se convoca), incorpore perspectivas de crecimiento e inversi\u00f3n productiva (que hasta el momento no se formulan) para un genuino aumento del mercado laboral con fortalecimiento del ahorro y del valor de nuestras Pymes, y que, a su vez, regule la especulaci\u00f3n financiera\u201d<\/strong>, cerr\u00f3 la entidad.<\/p>\n\n\n\n<p class=\"wp-block-paragraph\">Fuente: <a href=\"https:\/\/www.lanacion.com.ar\/\">La Nac<\/a>i\u00f3n<\/p>","protected":false},"excerpt":{"rendered":"<p>a dirigencia de la\u00a0Confederaci\u00f3n General del Trabajo (CGT)\u00a0sali\u00f3 a\u00a0criticar lo\u00a0anunciado por el presidente Javier Milei\u00a0en cadena nacional en la noche de este lunes con un duro comunicado al que titul\u00f3:\u00a0\u201cLo que le falta contar el Gobierno nacional\u201d.\u00a0\u201cAnuncia la vuelta del super\u00e1vit fiscal y comercial con acumulaci\u00f3n de reservas. Habla de supuestos \u2018super\u00e1vits gemelos\u2019 cuando, analizando [&hellip;]<\/p>\n","protected":false},"author":9,"featured_media":0,"comment_status":"open","ping_status":"open","sticky":false,"template":"","format":"standard","meta":{"site-sidebar-layout":"default","site-content-layout":"","ast-site-content-layout":"default","site-content-style":"default","site-sidebar-style":"default","ast-global-header-display":"","ast-banner-title-visibility":"","ast-main-header-display":"","ast-hfb-above-header-display":"","ast-hfb-below-header-display":"","ast-hfb-mobile-header-display":"","site-post-title":"","ast-breadcrumbs-content":"","ast-featured-img":"","footer-sml-layout":"","ast-disable-related-posts":"","theme-transparent-header-meta":"","adv-header-id-meta":"","stick-header-meta":"","header-above-stick-meta":"","header-main-stick-meta":"","header-below-stick-meta":"","astra-migrate-meta-layouts":"default","ast-page-background-enabled":"default","ast-page-background-meta":{"desktop":{"background-color":"","background-image":"","background-repeat":"repeat","background-position":"center center","background-size":"auto","background-attachment":"scroll","background-type":"","background-media":"","overlay-type":"","overlay-color":"","overlay-opacity":"","overlay-gradient":""},"tablet":{"background-color":"","background-image":"","background-repeat":"repeat","background-position":"center center","background-size":"auto","background-attachment":"scroll","background-type":"","background-media":"","overlay-type":"","overlay-color":"","overlay-opacity":"","overlay-gradient":""},"mobile":{"background-color":"","background-image":"","background-repeat":"repeat","background-position":"center center","background-size":"auto","background-attachment":"scroll","background-type":"","background-media":"","overlay-type":"","overlay-color":"","overlay-opacity":"","overlay-gradient":""}},"ast-content-background-meta":{"desktop":{"background-color":"var(--ast-global-color-5)","background-image":"","background-repeat":"repeat","background-position":"center center","background-size":"auto","background-attachment":"scroll","background-type":"","background-media":"","overlay-type":"","overlay-color":"","overlay-opacity":"","overlay-gradient":""},"tablet":{"background-color":"var(--ast-global-color-5)","background-image":"","background-repeat":"repeat","background-position":"center center","background-size":"auto","background-attachment":"scroll","background-type":"","background-media":"","overlay-type":"","overlay-color":"","overlay-opacity":"","overlay-gradient":""},"mobile":{"background-color":"var(--ast-global-color-5)","background-image":"","background-repeat":"repeat","background-position":"center center","background-size":"auto","background-attachment":"scroll","background-type":"","background-media":"","overlay-type":"","overlay-color":"","overlay-opacity":"","overlay-gradient":""}},"footnotes":""},"categories":[25],"tags":[],"class_list":["post-100150","post","type-post","status-publish","format-standard","hentry","category-destacado"],"spectra_blocks_featured_image_url":null,"spectra_blocks_author_info":{"display_name":"Jorge Alfredo Baret","avatar_url":"https:\/\/secure.gravatar.com\/avatar\/31696f5ca83439b642450ec7d3f82f98451a5efacb414343d5478c982b337f26?s=96&d=mm&r=g","author_link":"https:\/\/100xd.com.ar\/es\/author\/jorge\/","description":"Ingeniero Qu\u00edmico UTN - Director Apoderado de Comunicaciones Auditadas SA. Editor Responsable 100xd.com.ar."},"_links":{"self":[{"href":"https:\/\/100xd.com.ar\/es\/wp-json\/wp\/v2\/posts\/100150","targetHints":{"allow":["GET"]}}],"collection":[{"href":"https:\/\/100xd.com.ar\/es\/wp-json\/wp\/v2\/posts"}],"about":[{"href":"https:\/\/100xd.com.ar\/es\/wp-json\/wp\/v2\/types\/post"}],"author":[{"embeddable":true,"href":"https:\/\/100xd.com.ar\/es\/wp-json\/wp\/v2\/users\/9"}],"replies":[{"embeddable":true,"href":"https:\/\/100xd.com.ar\/es\/wp-json\/wp\/v2\/comments?post=100150"}],"version-history":[{"count":1,"href":"https:\/\/100xd.com.ar\/es\/wp-json\/wp\/v2\/posts\/100150\/revisions"}],"predecessor-version":[{"id":100152,"href":"https:\/\/100xd.com.ar\/es\/wp-json\/wp\/v2\/posts\/100150\/revisions\/100152"}],"wp:attachment":[{"href":"https:\/\/100xd.com.ar\/es\/wp-json\/wp\/v2\/media?parent=100150"}],"wp:term":[{"taxonomy":"category","embeddable":true,"href":"https:\/\/100xd.com.ar\/es\/wp-json\/wp\/v2\/categories?post=100150"},{"taxonomy":"post_tag","embeddable":true,"href":"https:\/\/100xd.com.ar\/es\/wp-json\/wp\/v2\/tags?post=100150"}],"curies":[{"name":"wp","href":"https:\/\/api.w.org\/{rel}","templated":true}]}}