{"id":100147,"date":"2024-04-23T10:25:50","date_gmt":"2024-04-23T13:25:50","guid":{"rendered":"https:\/\/100xd.com.ar\/?p=100147"},"modified":"2024-04-23T10:25:50","modified_gmt":"2024-04-23T13:25:50","slug":"patricia-bullrich-ratifico-que-activara-el-protocolo-antipiquete-durante-la-marcha-federal-universtaria","status":"publish","type":"post","link":"https:\/\/100xd.com.ar\/es\/patricia-bullrich-ratifico-que-activara-el-protocolo-antipiquete-durante-la-marcha-federal-universtaria\/","title":{"rendered":"Patricia Bullrich ratific\u00f3 que activar\u00e1 el protocolo antipiquete durante la Marcha Federal Universtaria"},"content":{"rendered":"<p class=\"wp-block-paragraph\">La ministra de Seguridad,&nbsp;<strong>Patricia Bullrich<\/strong>, anticip\u00f3 que activar\u00e1<strong>&nbsp;el protocolo de seguridad&nbsp;<\/strong>durante la&nbsp;<a target=\"_blank\" href=\"https:\/\/www.perfil.com\/noticias\/politica\/marcha-universitaria-horario-cortes-calles.phtml\" rel=\"noreferrer noopener\">Marcha Federal Universitaria<\/a>&nbsp;de este martes 23 de abril y sostuvo<strong>&nbsp;<\/strong>que la&nbsp;<strong>movilizaci\u00f3n busca \u201cponer en jaque al Gobierno\u201d.<\/strong><\/p>\n\n\n\n<p class=\"wp-block-paragraph\">En la previa de la multitudinaria convocatoria, la funcionaria nacional sostuvo que se trata de \u201cuna marcha compleja, donde&nbsp;<strong>muchos intereses se juntan para querer poner en jaque al Gobierno\u201d<\/strong>, por lo que anticip\u00f3 que la administraci\u00f3n libertaria tomar\u00e1 precauciones.<\/p>\n\n\n\n<figure data-spectra-id=\"spectra-ffc6d994-cf5f-42a2-8f2d-4721cbbc9002\" class=\"wp-block-image\"><img decoding=\"async\" src=\"https:\/\/fotos.perfil.com\/\/\/2024\/03\/23\/900\/0\/20230323protocolociudadnag-1775073.jpg\" alt=\"Protocolo antipiquetes\" title=\"Patricia Bullrich ratific\u00f3 que activar\u00e1 el protocolo antipiquete durante la Marcha Federal Universtaria\" \/><figcaption>Protocolo antipiquetes<\/figcaption><\/figure>\n\n\n\n<p class=\"wp-block-paragraph\">De esta forma, Bullrich confirm\u00f3 que l<strong>as fuerzas federales trabajan en coordinaci\u00f3n con la Polic\u00eda de la Ciudad de Buenos Aires&nbsp;<\/strong>para monitorear la medida de protestas y la activaci\u00f3n del protocolo.<strong>&nbsp;\u201cVamos a respetar el protocolo que hemos planteado, en el marco del tipo de marcha que encontremos hoy en la calle\u201d<\/strong>, sostuvo al respecto.ESTO NO LE GUSTA A LOS AUTORITARIOSEL EJERCICIO DEL PERIODISMO PROFESIONAL Y CR\u00cdTICO ES UN PILAR FUNDAMENTAL DE LA DEMOCRACIA. POR ESO MOLESTA A QUIENES CREEN SER LOS DUE\u00d1OS DE LA VERDAD.HOY M\u00c1S QUE NUNCA<a href=\"https:\/\/mi.perfil.com\/\">SUSCRIBITE<\/a><\/p>\n\n\n\n<p class=\"wp-block-paragraph\">\u201cLlamo a la reflexi\u00f3n porque el pa\u00eds entero est\u00e1 en un momento en el que debe ajustarse. Esto lo saben los estudiantes y profesores.&nbsp;<strong>Es una marcha rara. Hay demasiados intereses que se juntan<\/strong>\u201d, desarroll\u00f3 en declaraciones televisivas desde la puerta de su casa.<\/p>\n\n\n\n<p class=\"wp-block-paragraph\"><a target=\"_blank\" href=\"https:\/\/www.perfil.com\/noticias\/politica\/marcha-universitaria-horario-cortes-calles.phtml\" rel=\"noreferrer noopener\">Marcha universitaria: a qu\u00e9 hora es la convocatoria y qu\u00e9 calles estar\u00e1n afectadas por los cortes<\/a><\/p>\n\n\n\n<p class=\"wp-block-paragraph\">Previo a dar asistencia en la reuni\u00f3n de Gabinete en Casa Rosada, la dos veces ministra de Seguridad plante\u00f3: \u201cEn los \u00faltimos d\u00edas, se les ha dado un&nbsp;<a target=\"_blank\" href=\"https:\/\/www.perfil.com\/noticias\/politica\/marcha-gobierno-anuncio-deposito-100-gastos-universidades.phtml\" rel=\"noreferrer noopener\">presupuesto importante a las universidades<\/a>&nbsp;y la verdad es que todos los sectores de la sociedad est\u00e1n necesitando tener un presupuesto menor porque todos necesitamos salir de la crisis brutal que la Argentina est\u00e1\u201d.<\/p>\n\n\n\n<p class=\"wp-block-paragraph\"><strong>\u201cEs necesario que todos los sectores comprendan el momento hist\u00f3rico\u201d,<\/strong>&nbsp;remarc\u00f3 Bullrich, y agreg\u00f3: \u201cAyer lo dijo el Presidente bien clarito: necesitamos tener d\u00e9ficit cero, bajar la inflaci\u00f3n para comenzar a crecer\u201d.<\/p>\n\n\n\n<p class=\"wp-block-paragraph\"><a target=\"_blank\" href=\"https:\/\/www.perfil.com\/noticias\/politica\/marcha-gobierno-anuncio-deposito-100-gastos-universidades.phtml\" rel=\"noreferrer noopener\">A horas de la marcha, el Gobierno anunci\u00f3 que deposit\u00f3 el &#8220;100% de los gastos de las universidades&#8221;<\/a><\/p>\n\n\n\n<p class=\"wp-block-paragraph\">La funcionaria tambi\u00e9n subray\u00f3 qu<strong>e \u201cese camino no se tuerce m\u00e1s all\u00e1 de los Massa, los<a target=\"_blank\" href=\"https:\/\/www.perfil.com\/noticias\/politica\/marcha-federal-universitaria-kicillof-massa-y-lousteau-estaran-presentes.phtml\" rel=\"noreferrer noopener\">&nbsp;Kicillof, la CGT y la CTA<\/a>, y el elenco estable que hoy se va a movilizar\u201d<\/strong>. Y anticip\u00f3: \u201cNo importa cu\u00e1ntos sean porque hay millones de estudiantes que comprenden muy bien lo que el Gobierno est\u00e1 haciendo\u201d.<\/p>\n\n\n\n<p class=\"wp-block-paragraph\">Por \u00faltimo, carg\u00f3 contra los referentes pol\u00edticos que convocan a movilizar a quienes acus\u00f3 de irresponsables y de \u201cbloque el camino\u201d del Gobierno. \u201c<strong>Me parece una falta total y absoluta de responsabilidad,<\/strong>&nbsp;de asumir que el pa\u00eds necesita salir de la crisis permanente que nos ha llevado a este nivel de pobreza.&nbsp;<strong>Queremos salir de la pobreza, encontrar un camino y quieren bloquearte ese camino<\/strong>. Vamos a seguir adelante, es un auto sin marcha atr\u00e1s\u201d, concluy\u00f3.<\/p>\n\n\n\n<p class=\"wp-block-paragraph\"><a target=\"_blank\" href=\"https:\/\/www.perfil.com\/noticias\/politica\/marcha-federal-universitaria-kicillof-massa-y-lousteau-estaran-presentes.phtml\" rel=\"noreferrer noopener\">Marcha Federal Universitaria: Kicillof, Massa y Lousteau estar\u00e1n presentes<\/a><\/p>\n\n\n\n<h2 class=\"wp-block-heading\"><strong>Marcha universitaria: a qu\u00e9 hora es la convocatoria y qu\u00e9 calles estar\u00e1n afectadas por los cortes<\/strong><\/h2>\n\n\n\n<p class=\"wp-block-paragraph\">Miles de estudiantes, docentes y no docentes de las universidades p\u00fablicas en todo el pa\u00eds participar\u00e1n este martes de<strong>&nbsp;la gran marcha en contra del ajuste presupuestario<\/strong>, que podr\u00eda llevar al cierre del sistema universitario nacional. De esa manera, y bajo el lema &#8220;<em>En defensa de la educaci\u00f3n p\u00fablica<\/em>&#8220;,&nbsp;<a target=\"_blank\" href=\"https:\/\/www.perfil.com\/noticias\/politica\/creen-que-estamos-dormidos-la-uba-lanzo-un-video-para-reiterar-la-convocatoria-de-este-martes.phtml\" rel=\"noreferrer noopener\">la comunidad universitaria<\/a>&nbsp;se manifestar\u00e1 en oposici\u00f3n al recorte dispuesto por el presidente&nbsp;<strong>Javier Milei<\/strong>&nbsp;y el ministro de Econom\u00eda,&nbsp;<strong>Luis Caputo<\/strong>.<\/p>\n\n\n\n<figure data-spectra-id=\"spectra-6165f659-da4a-46f6-ac2a-226a94c69213\" class=\"wp-block-image\"><img decoding=\"async\" src=\"https:\/\/fotos.perfil.com\/\/2024\/04\/21\/900\/0\/20240421universidadprotestanag-1788971.jpg\" alt=\"20240421_universidad_protesta_na_g\" title=\"Patricia Bullrich ratific\u00f3 que activar\u00e1 el protocolo antipiquete durante la Marcha Federal Universtaria\" \/><\/figure>\n\n\n\n<p class=\"wp-block-paragraph\">El reclamo fue iniciado por la&nbsp;<strong>Universidad de Buenos Aires&nbsp;<\/strong>(UBA) y se adhirieron m\u00e1s de 70 universidades nacionales en todo el pa\u00eds. Adem\u00e1s, la CGT y las dos CTA convocaron a la movilizaci\u00f3n nacional, d\u00e1ndole el formato de&nbsp;<strong>Marcha Universitaria Federal<\/strong>, con el reclamo:&nbsp;<em>\u201cDesfinanciamiento, no. Educaci\u00f3n p\u00fablica y gratuita, si\u201d<\/em>. Asimismo, se sumaron&nbsp;<strong>espacios pol\u00edticos<\/strong>, como el kirchnerismo, la Uni\u00f3n C\u00edvica Radical, la Coalici\u00f3n C\u00edvica,<strong>&nbsp;movimientos sociales y piqueteros<\/strong>, por lo que se espera que sea un evento multitudinario.<\/p>\n\n\n\n<p class=\"wp-block-paragraph\"><a rel=\"noreferrer noopener\" target=\"_blank\" href=\"https:\/\/www.perfil.com\/noticias\/politica\/sergio-massa-asistira-marcha-23-abril-universidad-publica-yo-voy.phtml\">La concentraci\u00f3n principal<\/a>\u00a0ser\u00e1\u00a0<strong>este martes 23 de abril a partir de las 15:30 en el Congreso Nacional<\/strong>, en la equina de las avenidas Callao y Rivadavia. Desde all\u00ed, se trasladar\u00e1n hacia Plaza de Mayo, donde\u00a0<strong>a las 18 se leer\u00e1 frente a la Casa Rosada, un documento<\/strong>\u00a0elaborado de forma consensuada entre la UBA, todas las facultades y otras universidades nacionales.\u00a0<strong>Las calles aleda\u00f1as permanecer\u00e1n cortadas al tr\u00e1nsito desde temprano<\/strong>, ya que se prev\u00e9 que los estudiantes comiencen a arribar a la zona cerca del mediod\u00eda.<\/p>\n\n\n\n<p class=\"wp-block-paragraph\">Fuente: <a href=\"https:\/\/www.perfil.com\/\">Perfil.com<\/a><\/p>","protected":false},"excerpt":{"rendered":"<p>La ministra de Seguridad,&nbsp;Patricia Bullrich, anticip\u00f3 que activar\u00e1&nbsp;el protocolo de seguridad&nbsp;durante la&nbsp;Marcha Federal Universitaria&nbsp;de este martes 23 de abril y sostuvo&nbsp;que la&nbsp;movilizaci\u00f3n busca \u201cponer en jaque al Gobierno\u201d. En la previa de la multitudinaria convocatoria, la funcionaria nacional sostuvo que se trata de \u201cuna marcha compleja, donde&nbsp;muchos intereses se juntan para querer poner en jaque [&hellip;]<\/p>\n","protected":false},"author":9,"featured_media":0,"comment_status":"open","ping_status":"open","sticky":false,"template":"","format":"standard","meta":{"site-sidebar-layout":"default","site-content-layout":"","ast-site-content-layout":"default","site-content-style":"default","site-sidebar-style":"default","ast-global-header-display":"","ast-banner-title-visibility":"","ast-main-header-display":"","ast-hfb-above-header-display":"","ast-hfb-below-header-display":"","ast-hfb-mobile-header-display":"","site-post-title":"","ast-breadcrumbs-content":"","ast-featured-img":"","footer-sml-layout":"","ast-disable-related-posts":"","theme-transparent-header-meta":"","adv-header-id-meta":"","stick-header-meta":"","header-above-stick-meta":"","header-main-stick-meta":"","header-below-stick-meta":"","astra-migrate-meta-layouts":"default","ast-page-background-enabled":"default","ast-page-background-meta":{"desktop":{"background-color":"","background-image":"","background-repeat":"repeat","background-position":"center center","background-size":"auto","background-attachment":"scroll","background-type":"","background-media":"","overlay-type":"","overlay-color":"","overlay-opacity":"","overlay-gradient":""},"tablet":{"background-color":"","background-image":"","background-repeat":"repeat","background-position":"center center","background-size":"auto","background-attachment":"scroll","background-type":"","background-media":"","overlay-type":"","overlay-color":"","overlay-opacity":"","overlay-gradient":""},"mobile":{"background-color":"","background-image":"","background-repeat":"repeat","background-position":"center center","background-size":"auto","background-attachment":"scroll","background-type":"","background-media":"","overlay-type":"","overlay-color":"","overlay-opacity":"","overlay-gradient":""}},"ast-content-background-meta":{"desktop":{"background-color":"var(--ast-global-color-5)","background-image":"","background-repeat":"repeat","background-position":"center center","background-size":"auto","background-attachment":"scroll","background-type":"","background-media":"","overlay-type":"","overlay-color":"","overlay-opacity":"","overlay-gradient":""},"tablet":{"background-color":"var(--ast-global-color-5)","background-image":"","background-repeat":"repeat","background-position":"center center","background-size":"auto","background-attachment":"scroll","background-type":"","background-media":"","overlay-type":"","overlay-color":"","overlay-opacity":"","overlay-gradient":""},"mobile":{"background-color":"var(--ast-global-color-5)","background-image":"","background-repeat":"repeat","background-position":"center center","background-size":"auto","background-attachment":"scroll","background-type":"","background-media":"","overlay-type":"","overlay-color":"","overlay-opacity":"","overlay-gradient":""}},"footnotes":""},"categories":[25],"tags":[],"class_list":["post-100147","post","type-post","status-publish","format-standard","hentry","category-destacado"],"spectra_blocks_featured_image_url":null,"spectra_blocks_author_info":{"display_name":"Jorge Alfredo Baret","avatar_url":"https:\/\/secure.gravatar.com\/avatar\/31696f5ca83439b642450ec7d3f82f98451a5efacb414343d5478c982b337f26?s=96&d=mm&r=g","author_link":"https:\/\/100xd.com.ar\/es\/author\/jorge\/","description":"Ingeniero Qu\u00edmico UTN - Director Apoderado de Comunicaciones Auditadas SA. Editor Responsable 100xd.com.ar."},"_links":{"self":[{"href":"https:\/\/100xd.com.ar\/es\/wp-json\/wp\/v2\/posts\/100147","targetHints":{"allow":["GET"]}}],"collection":[{"href":"https:\/\/100xd.com.ar\/es\/wp-json\/wp\/v2\/posts"}],"about":[{"href":"https:\/\/100xd.com.ar\/es\/wp-json\/wp\/v2\/types\/post"}],"author":[{"embeddable":true,"href":"https:\/\/100xd.com.ar\/es\/wp-json\/wp\/v2\/users\/9"}],"replies":[{"embeddable":true,"href":"https:\/\/100xd.com.ar\/es\/wp-json\/wp\/v2\/comments?post=100147"}],"version-history":[{"count":1,"href":"https:\/\/100xd.com.ar\/es\/wp-json\/wp\/v2\/posts\/100147\/revisions"}],"predecessor-version":[{"id":100149,"href":"https:\/\/100xd.com.ar\/es\/wp-json\/wp\/v2\/posts\/100147\/revisions\/100149"}],"wp:attachment":[{"href":"https:\/\/100xd.com.ar\/es\/wp-json\/wp\/v2\/media?parent=100147"}],"wp:term":[{"taxonomy":"category","embeddable":true,"href":"https:\/\/100xd.com.ar\/es\/wp-json\/wp\/v2\/categories?post=100147"},{"taxonomy":"post_tag","embeddable":true,"href":"https:\/\/100xd.com.ar\/es\/wp-json\/wp\/v2\/tags?post=100147"}],"curies":[{"name":"wp","href":"https:\/\/api.w.org\/{rel}","templated":true}]}}