{"id":9950,"date":"2015-09-15T14:11:10","date_gmt":"2015-09-15T17:11:10","guid":{"rendered":"http:\/\/www.100xd.com.ar\/?p=9950"},"modified":"2015-09-15T14:11:10","modified_gmt":"2015-09-15T17:11:10","slug":"franco-cervi-firmo-con-el-benfica","status":"publish","type":"post","link":"https:\/\/100xd.com.ar\/en\/franco-cervi-firmo-con-el-benfica\/","title":{"rendered":"Franco Cervi firm\u00f3 con el Benfica"},"content":{"rendered":"<p>El habilidoso mediocampista &#8220;Canalla&#8221; pas\u00f3 la revisi\u00f3n m\u00e9dica con el club Portugu\u00e9s. Luego firm\u00f3 con el club por 6 a\u00f1os, el cua pagar\u00e1 m\u00e1s de 5 millones de d\u00f3lares por el 90% de su pase. Seguir\u00e1 en Rosario Central hasta junio del 2016.Los canales oficiales de la entidad compradora le dieron la bienvenida como a Di Mar\u00eda en el pasado.<\/p>\n<p>El Benfica de Portugal oficializ\u00f3 la contrataci\u00f3n de Franco Cervi, el habilidoso mediocampista ofensivo de Rosario Central, luego de completarse exitosamente la segunda parte de la revisi\u00f3n m\u00e9dica correspondiente. El elenco europeo pagar\u00e1 5.300.000 d\u00f3lares por el 90% de la ficha del jugador de 21 a\u00f1os, que seguir\u00e1 vistiendo la camiseta del equipo rosarino hasta junio de 2016.<\/p>\n<p>Efectivamente, los lusos apuestan a encontrar al nuevo \u00c1ngel Di Mar\u00eda, debido a que en 2007 fueron los que llevaron al actual hombre del Paris Saint Germain al continente europeo, cuando hab\u00eda descollado en la Primera del &#8220;Canalla&#8221; con apenas un pu\u00f1ado de partidos en la instituci\u00f3n. Cervi, la \u00faltima &#8220;joya&#8221; de la cantera del conjunto que comanda Eduardo Coudet, rubric\u00f3 en los papeles un contrato por 6 temporadas.<\/p>\n<p>Adem\u00e1s de lograr la permanencia del futbolista para el pr\u00f3ximo torneo corto y embolsar una fortuna por el traspaso, la Comisi\u00f3n Directiva conserv\u00f3 en su poder el 10% restante del pase, apostando por otro salto del juvenil en el Viejo Continente que le reportar\u00eda m\u00e1s ganancias a la tesorer\u00eda &#8220;auriazul&#8221;.<\/p>","protected":false},"excerpt":{"rendered":"<p>El habilidoso mediocampista &#8220;Canalla&#8221; pas\u00f3 la revisi\u00f3n m\u00e9dica con el club Portugu\u00e9s. Luego firm\u00f3 con el club por 6 a\u00f1os, el cua pagar\u00e1 m\u00e1s de 5 millones de d\u00f3lares por el 90% de su pase. Seguir\u00e1 en Rosario Central hasta junio del 2016.Los canales oficiales de la entidad compradora le dieron la bienvenida como a [&hellip;]<\/p>\n","protected":false},"author":4,"featured_media":0,"comment_status":"open","ping_status":"open","sticky":false,"template":"","format":"standard","meta":{"site-sidebar-layout":"default","site-content-layout":"","ast-site-content-layout":"default","site-content-style":"default","site-sidebar-style":"default","ast-global-header-display":"","ast-banner-title-visibility":"","ast-main-header-display":"","ast-hfb-above-header-display":"","ast-hfb-below-header-display":"","ast-hfb-mobile-header-display":"","site-post-title":"","ast-breadcrumbs-content":"","ast-featured-img":"","footer-sml-layout":"","ast-disable-related-posts":"","theme-transparent-header-meta":"","adv-header-id-meta":"","stick-header-meta":"","header-above-stick-meta":"","header-main-stick-meta":"","header-below-stick-meta":"","astra-migrate-meta-layouts":"default","ast-page-background-enabled":"default","ast-page-background-meta":{"desktop":{"background-color":"","background-image":"","background-repeat":"repeat","background-position":"center center","background-size":"auto","background-attachment":"scroll","background-type":"","background-media":"","overlay-type":"","overlay-color":"","overlay-opacity":"","overlay-gradient":""},"tablet":{"background-color":"","background-image":"","background-repeat":"repeat","background-position":"center center","background-size":"auto","background-attachment":"scroll","background-type":"","background-media":"","overlay-type":"","overlay-color":"","overlay-opacity":"","overlay-gradient":""},"mobile":{"background-color":"","background-image":"","background-repeat":"repeat","background-position":"center center","background-size":"auto","background-attachment":"scroll","background-type":"","background-media":"","overlay-type":"","overlay-color":"","overlay-opacity":"","overlay-gradient":""}},"ast-content-background-meta":{"desktop":{"background-color":"var(--ast-global-color-5)","background-image":"","background-repeat":"repeat","background-position":"center center","background-size":"auto","background-attachment":"scroll","background-type":"","background-media":"","overlay-type":"","overlay-color":"","overlay-opacity":"","overlay-gradient":""},"tablet":{"background-color":"var(--ast-global-color-5)","background-image":"","background-repeat":"repeat","background-position":"center center","background-size":"auto","background-attachment":"scroll","background-type":"","background-media":"","overlay-type":"","overlay-color":"","overlay-opacity":"","overlay-gradient":""},"mobile":{"background-color":"var(--ast-global-color-5)","background-image":"","background-repeat":"repeat","background-position":"center center","background-size":"auto","background-attachment":"scroll","background-type":"","background-media":"","overlay-type":"","overlay-color":"","overlay-opacity":"","overlay-gradient":""}},"footnotes":""},"categories":[11],"tags":[2833,2832,331],"class_list":["post-9950","post","type-post","status-publish","format-standard","hentry","category-deportes","tag-benfica","tag-franco-cervi","tag-rosario-central"],"spectra_blocks_featured_image_url":null,"spectra_blocks_author_info":{"display_name":"Facundo Novillo","avatar_url":"https:\/\/secure.gravatar.com\/avatar\/09745bc65ce6bf84291d6515d5f759c04b4fce4f329b8a975a8ac2982b552d3e?s=96&d=mm&r=g","author_link":"https:\/\/100xd.com.ar\/en\/author\/facundo\/","description":""},"_links":{"self":[{"href":"https:\/\/100xd.com.ar\/en\/wp-json\/wp\/v2\/posts\/9950","targetHints":{"allow":["GET"]}}],"collection":[{"href":"https:\/\/100xd.com.ar\/en\/wp-json\/wp\/v2\/posts"}],"about":[{"href":"https:\/\/100xd.com.ar\/en\/wp-json\/wp\/v2\/types\/post"}],"author":[{"embeddable":true,"href":"https:\/\/100xd.com.ar\/en\/wp-json\/wp\/v2\/users\/4"}],"replies":[{"embeddable":true,"href":"https:\/\/100xd.com.ar\/en\/wp-json\/wp\/v2\/comments?post=9950"}],"version-history":[{"count":1,"href":"https:\/\/100xd.com.ar\/en\/wp-json\/wp\/v2\/posts\/9950\/revisions"}],"predecessor-version":[{"id":9952,"href":"https:\/\/100xd.com.ar\/en\/wp-json\/wp\/v2\/posts\/9950\/revisions\/9952"}],"wp:attachment":[{"href":"https:\/\/100xd.com.ar\/en\/wp-json\/wp\/v2\/media?parent=9950"}],"wp:term":[{"taxonomy":"category","embeddable":true,"href":"https:\/\/100xd.com.ar\/en\/wp-json\/wp\/v2\/categories?post=9950"},{"taxonomy":"post_tag","embeddable":true,"href":"https:\/\/100xd.com.ar\/en\/wp-json\/wp\/v2\/tags?post=9950"}],"curies":[{"name":"wp","href":"https:\/\/api.w.org\/{rel}","templated":true}]}}