{"id":98185,"date":"2024-03-17T16:49:46","date_gmt":"2024-03-17T19:49:46","guid":{"rendered":"https:\/\/100xd.com.ar\/?p=98185"},"modified":"2024-03-17T16:49:46","modified_gmt":"2024-03-17T19:49:46","slug":"el-peronismo-bonaerense-salio-a-cruzar-a-espert-por-llamar-a-la-rebelion-fiscal","status":"publish","type":"post","link":"https:\/\/100xd.com.ar\/en\/el-peronismo-bonaerense-salio-a-cruzar-a-espert-por-llamar-a-la-rebelion-fiscal\/","title":{"rendered":"El peronismo bonaerense sali\u00f3 a cruzar a Espert por llamar a la &#8220;rebeli\u00f3n fiscal&#8221;"},"content":{"rendered":"<p class=\"wp-block-paragraph\">El diputado nacional<a href=\"https:\/\/twitter.com\/jlespert\" target=\"_blank\" rel=\"noreferrer noopener\"><strong>&nbsp;Jos\u00e9 Luis Espert<\/strong><\/a>, quien esta semana se sum\u00f3 formalmente a La Libertad Avanza,<a href=\"https:\/\/www.mdzol.com\/politica\/2024\/3\/16\/jose-luis-espert-llamo-no-pagar-los-impuestos-que-subio-axel-kicillof-recibio-el-apoyo-de-javier-milei-413291.html\" target=\"_blank\" rel=\"noreferrer noopener\">&nbsp;dijo durante el s\u00e1bado que los bonaerenses no tienen que pagar los impuestos en la provincia&nbsp;<\/a>debido a los fuertes aumentos que aplic\u00f3 el gobernador&nbsp;Axel Kicillof&nbsp;en los \u00faltimos d\u00edas. Recibi\u00f3 el apoyo de<strong>&nbsp;Javier Milei&nbsp;<\/strong>a la moci\u00f3n, pero el peronismo sali\u00f3 a cruzarlo.<\/p>\n\n\n\n<p class=\"wp-block-paragraph\">&#8220;Muy grave e irresponsable.&nbsp;El presidente de la comisi\u00f3n de Presupuesto y Hacienda de la Honorable C\u00e1mara de diputados de la Naci\u00f3n llama a una rebeli\u00f3n fiscal.<strong>&nbsp;Jos\u00e9 Luis Espert<\/strong>, diputado nacional recientemente incorporado al bloque de La Libertad Avanza, como anunci\u00f3 el propio presidente de la Naci\u00f3n al inicio de esta semana, llam\u00f3 a no pagar los impuestos en la provincia de Buenos Aires&#8221;, relatan desde el PJ en un comunicado.<\/p>\n\n\n\n<p class=\"wp-block-paragraph\">&#8220;El aumento de patentes, el aumento de inmobiliario residencial y el aumento de inmobiliario rural no hay que pagarlo. No hay que pagarlo (&#8230;) Yo no los voy a pagar. Ni inmobiliario ni rural, porque tambi\u00e9n soy productor rural&#8221;, hab\u00eda dicho&nbsp;<strong>Espert&nbsp;<\/strong>en declaraciones radiales. Este domingo, en redes, Espert redobl\u00f3 la apuesta: &#8220;Insisto. No hay que pagarle ning\u00fan aumento de impuestos a Kicillof. La \u00fanica manera de protestar que tiene el contribuyente frente al robo impositivo es no pagar&#8221;.<\/p>\n\n\n\n<p class=\"wp-block-paragraph\">&#8220;La gravedad de los dichos de quien preside una de las comisiones m\u00e1s importantes de la C\u00e1mara de Diputados de la Naci\u00f3n s\u00f3lo se supera por la validaci\u00f3n del propio presidente de la Naci\u00f3n,\u00a0<strong>Javier Milei<\/strong>, quien no solo comparti\u00f3 los dichos de Espert en redes sociales, sino que en una entrevista radial brindada esta tarde consider\u00f3 que es &#8220;expropiatorio el aumento del impuesto inmobiliario y una violaci\u00f3n al derecho de propiedad&#8221;, criticaron desde el peronismo.<\/p>\n\n\n\n<p class=\"wp-block-paragraph\">&#8220;Es muy grave e irresponsable la actitud del presidente de la Naci\u00f3n y el diputado por la provincia de Buenos Aires que preside la comisi\u00f3n de Presupuesto y Hacienda del Congreso. Est\u00e1n abiertamente llamando a una rebeli\u00f3n fiscal en la provincia. Este hecho sucede mientras que el gobernador de la provincia,&nbsp;<strong>Axel Kicillof<\/strong>, colabora con la provincia de Santa Fe en la lucha contra el narcotr\u00e1fico, enviando patrulleros y personal como bien destac\u00f3 la propia ministra de Seguridad,&nbsp;<strong>Patricia Bulirich<\/strong>&#8220;, sumaron.<strong>TE PODR\u00cdA INTERESAR<\/strong><\/p>\n\n\n\n<ul class=\"wp-block-list\"><li><a href=\"https:\/\/www.mdzol.com\/politica\/2024\/3\/16\/por-que-milei-espert-atacan-la-provincia-el-llamativo-silencio-de-axel-kicillof-413399.html\">Por qu\u00e9 Milei y Espert &#8220;atacan&#8221; a la Provincia y el llamativo silencio de Axel Kicillof<\/a><\/li><li><a href=\"https:\/\/www.mdzol.com\/politica\/2024\/3\/16\/jose-luis-espert-llamo-no-pagar-los-impuestos-que-subio-axel-kicillof-recibio-el-apoyo-de-javier-milei-413291.html\">Jos\u00e9 Luis Espert llam\u00f3 a no pagar los impuestos que subi\u00f3 Axel Kicillof y recibi\u00f3 el apoyo de Javier Milei<\/a><\/li><\/ul>\n\n\n\n<p class=\"wp-block-paragraph\">Y atacaron: &#8220;Las irresponsables declaraciones se dan adem\u00e1s en un contexto donde la pol\u00edtica impositiva de la provincia de&nbsp;<strong>Buenos Aires&nbsp;<\/strong>se encuentra condicionada por la sustracci\u00f3n de un punto de coparticipaci\u00f3n, eliminaci\u00f3n del Fondo de Incentivo Docente (FONID) y fundamentalmente por las decisiones del presidente en la macroeconom\u00eda&#8221;.<\/p>\n\n\n\n<p class=\"wp-block-paragraph\">&#8220;\u00bfQu\u00e9 buscan el presidente de la\u00a0<strong>Naci\u00f3n\u00a0<\/strong>y el de la Comisi\u00f3n de Presupuesto y Hacienda? Es de suma gravedad lo que est\u00e1n instando a hacer&#8221;, finalizaron diciendo en un comunicado.<\/p>\n\n\n\n<p class=\"wp-block-paragraph\">Fuente:<a href=\"https:\/\/www.mdzol.com\/\"> Mendoza online<\/a><\/p>","protected":false},"excerpt":{"rendered":"<p>El diputado nacional&nbsp;Jos\u00e9 Luis Espert, quien esta semana se sum\u00f3 formalmente a La Libertad Avanza,&nbsp;dijo durante el s\u00e1bado que los bonaerenses no tienen que pagar los impuestos en la provincia&nbsp;debido a los fuertes aumentos que aplic\u00f3 el gobernador&nbsp;Axel Kicillof&nbsp;en los \u00faltimos d\u00edas. Recibi\u00f3 el apoyo de&nbsp;Javier Milei&nbsp;a la moci\u00f3n, pero el peronismo sali\u00f3 a cruzarlo. [&hellip;]<\/p>\n","protected":false},"author":9,"featured_media":0,"comment_status":"open","ping_status":"open","sticky":false,"template":"","format":"standard","meta":{"site-sidebar-layout":"default","site-content-layout":"","ast-site-content-layout":"default","site-content-style":"default","site-sidebar-style":"default","ast-global-header-display":"","ast-banner-title-visibility":"","ast-main-header-display":"","ast-hfb-above-header-display":"","ast-hfb-below-header-display":"","ast-hfb-mobile-header-display":"","site-post-title":"","ast-breadcrumbs-content":"","ast-featured-img":"","footer-sml-layout":"","ast-disable-related-posts":"","theme-transparent-header-meta":"","adv-header-id-meta":"","stick-header-meta":"","header-above-stick-meta":"","header-main-stick-meta":"","header-below-stick-meta":"","astra-migrate-meta-layouts":"default","ast-page-background-enabled":"default","ast-page-background-meta":{"desktop":{"background-color":"","background-image":"","background-repeat":"repeat","background-position":"center center","background-size":"auto","background-attachment":"scroll","background-type":"","background-media":"","overlay-type":"","overlay-color":"","overlay-opacity":"","overlay-gradient":""},"tablet":{"background-color":"","background-image":"","background-repeat":"repeat","background-position":"center center","background-size":"auto","background-attachment":"scroll","background-type":"","background-media":"","overlay-type":"","overlay-color":"","overlay-opacity":"","overlay-gradient":""},"mobile":{"background-color":"","background-image":"","background-repeat":"repeat","background-position":"center center","background-size":"auto","background-attachment":"scroll","background-type":"","background-media":"","overlay-type":"","overlay-color":"","overlay-opacity":"","overlay-gradient":""}},"ast-content-background-meta":{"desktop":{"background-color":"var(--ast-global-color-5)","background-image":"","background-repeat":"repeat","background-position":"center center","background-size":"auto","background-attachment":"scroll","background-type":"","background-media":"","overlay-type":"","overlay-color":"","overlay-opacity":"","overlay-gradient":""},"tablet":{"background-color":"var(--ast-global-color-5)","background-image":"","background-repeat":"repeat","background-position":"center center","background-size":"auto","background-attachment":"scroll","background-type":"","background-media":"","overlay-type":"","overlay-color":"","overlay-opacity":"","overlay-gradient":""},"mobile":{"background-color":"var(--ast-global-color-5)","background-image":"","background-repeat":"repeat","background-position":"center center","background-size":"auto","background-attachment":"scroll","background-type":"","background-media":"","overlay-type":"","overlay-color":"","overlay-opacity":"","overlay-gradient":""}},"footnotes":""},"categories":[2],"tags":[],"class_list":["post-98185","post","type-post","status-publish","format-standard","hentry","category-politica"],"spectra_blocks_featured_image_url":null,"spectra_blocks_author_info":{"display_name":"Jorge Alfredo Baret","avatar_url":"https:\/\/secure.gravatar.com\/avatar\/31696f5ca83439b642450ec7d3f82f98451a5efacb414343d5478c982b337f26?s=96&d=mm&r=g","author_link":"https:\/\/100xd.com.ar\/en\/author\/jorge\/","description":"Ingeniero Qu\u00edmico UTN - Director Apoderado de Comunicaciones Auditadas SA. Editor Responsable 100xd.com.ar."},"_links":{"self":[{"href":"https:\/\/100xd.com.ar\/en\/wp-json\/wp\/v2\/posts\/98185","targetHints":{"allow":["GET"]}}],"collection":[{"href":"https:\/\/100xd.com.ar\/en\/wp-json\/wp\/v2\/posts"}],"about":[{"href":"https:\/\/100xd.com.ar\/en\/wp-json\/wp\/v2\/types\/post"}],"author":[{"embeddable":true,"href":"https:\/\/100xd.com.ar\/en\/wp-json\/wp\/v2\/users\/9"}],"replies":[{"embeddable":true,"href":"https:\/\/100xd.com.ar\/en\/wp-json\/wp\/v2\/comments?post=98185"}],"version-history":[{"count":1,"href":"https:\/\/100xd.com.ar\/en\/wp-json\/wp\/v2\/posts\/98185\/revisions"}],"predecessor-version":[{"id":98187,"href":"https:\/\/100xd.com.ar\/en\/wp-json\/wp\/v2\/posts\/98185\/revisions\/98187"}],"wp:attachment":[{"href":"https:\/\/100xd.com.ar\/en\/wp-json\/wp\/v2\/media?parent=98185"}],"wp:term":[{"taxonomy":"category","embeddable":true,"href":"https:\/\/100xd.com.ar\/en\/wp-json\/wp\/v2\/categories?post=98185"},{"taxonomy":"post_tag","embeddable":true,"href":"https:\/\/100xd.com.ar\/en\/wp-json\/wp\/v2\/tags?post=98185"}],"curies":[{"name":"wp","href":"https:\/\/api.w.org\/{rel}","templated":true}]}}