{"id":97827,"date":"2024-03-11T11:25:14","date_gmt":"2024-03-11T14:25:14","guid":{"rendered":"https:\/\/100xd.com.ar\/?p=97827"},"modified":"2024-03-11T11:25:14","modified_gmt":"2024-03-11T14:25:14","slug":"clemente-panzone-inolvidable-y-desordenado-profesor","status":"publish","type":"post","link":"https:\/\/100xd.com.ar\/en\/clemente-panzone-inolvidable-y-desordenado-profesor\/","title":{"rendered":"Clemente Panzone: inolvidable, y desordenado, profesor"},"content":{"rendered":"<p class=\"wp-block-paragraph\">Hay dos clases de buenos profesores: los prolijos y los desordenados. De ambos se aprende, pero de manera diferente.<\/p>\n\n\n\n<p class=\"wp-block-paragraph\">De los profesores prolijos uno aprende al instante, toma notas de clase, y ya est\u00e1. Mientras que&nbsp;<strong>de los profesores desordenados uno aprende con el tiempo<\/strong>, cuando alguna vivencia le hace recordar lo que escuch\u00f3 en sus clases, en las cuales era imposible tomar notas.<\/p>\n\n\n\n<p class=\"wp-block-paragraph\">En mi formaci\u00f3n universitaria, tengo muy buenos recuerdos de unos y otros.&nbsp;<strong>Francisco Valsecchi<\/strong>&nbsp;(Microeconom\u00eda),&nbsp;<strong>Felipe Tami<\/strong>&nbsp;(Macroeconom\u00eda) y&nbsp;<strong>Miguel \u00c1ngel Almada<\/strong>&nbsp;(Estad\u00edstica) pertenecen a la primera categor\u00eda.&nbsp;<strong>Francisco Garc\u00eda Olano&nbsp;<\/strong>(Ciclos econ\u00f3micos) y&nbsp;<strong>Albert Otto Hirschman<\/strong>&nbsp;(Desarrollo econ\u00f3mico), a la segunda.<\/p>\n\n\n\n<p class=\"wp-block-paragraph\"><strong>Clemente Panzone<\/strong>, quien tambi\u00e9n me ense\u00f1\u00f3 desarrollo econ\u00f3mico en la UCA, en 1963, es otro que pertenece a la segunda categor\u00eda. Lamentablemente, en la formaci\u00f3n de los economistas, desarrollo econ\u00f3mico fue fagocitado por crecimiento econ\u00f3mico, que ser\u00e1 m\u00e1s rigurosa desde el punto de vista formal, pero probablemente menos \u00fatil para entender y actuar en la pr\u00e1ctica.<\/p>\n\n\n\n<p class=\"wp-block-paragraph\">Panzone fue el primer profesor que, seg\u00fan recuerdo, al referirse a un economista no solamente explic\u00f3 su obra sino tambi\u00e9n su persona y su circunstancia. Al citar a&nbsp;<strong>Arthur Lewis<\/strong>, adem\u00e1s de explicar su teor\u00eda del desarrollo basado en la oferta ilimitada de mano de obra, dijo que era \u00a1negro y socialista!<\/p>\n\n\n\n<p class=\"wp-block-paragraph\">Vaya, me dije, estamos hablando de un ser humano de carne y hueso. Ni el color de su piel, ni sus preferencias pol\u00edticas \u2014tengo dudas referidas a su \u201csocialismo\u201d\u2014, le impidieron a Lewis, en 1979, compartir con&nbsp;<strong>Theodore Schultz<\/strong>&nbsp;el premio&nbsp;<strong>Nobel en Econom\u00eda<\/strong>; aunque es claro que, seg\u00fan sus propias declaraciones, sufri\u00f3 varios tipos de discriminaciones.<\/p>\n\n\n\n<p class=\"wp-block-paragraph\">La otra caracter\u00edstica que recuerdo de las clases de Panzone, como de las de Hirschman, consist\u00eda en cuestionar, sobre todo, las afirmaciones contundentes o dogm\u00e1ticas. Lo cual, cuando uno es estudiante, sorprende\u2026 porque \u00a1c\u00f3mo puede uno cuestionar a las vacas sagradas! A prop\u00f3sito: recuerdo haberle escuchado decir a&nbsp;<strong>Carlos D\u00edaz Alejandro<\/strong>&nbsp;que las clases de&nbsp;<strong>Paul Samuelson<\/strong>&nbsp;en el MIT eran muy desordenadas. \u00a1Samuelson, lo m\u00e1s parecido a Dios, en materia econ\u00f3mica, en el \u00e1mbito acad\u00e9mico, durante la primera mitad de la d\u00e9cada de 1960!<\/p>\n\n\n\n<p class=\"wp-block-paragraph\">Una buena formaci\u00f3n universitaria, como la que tuve la fortuna de recibir, surge de la complementaci\u00f3n de los dos tipos de buenos profesores. Por eso, gracias a los Valsecchi, Tami y Almada, pero menos mal que tambi\u00e9n existen los Hirschman y\u00a0<strong>el inolvidable Panzone<\/strong>.<\/p>\n\n\n\n<p class=\"wp-block-paragraph\"><a href=\"https:\/\/www.lanacion.com.ar\/autor\/juan-carlos-de-pablo-411\/\">Juan Carlos de Pablo<\/a><\/p>\n\n\n\n<p class=\"wp-block-paragraph\">Fuente: <a href=\"https:\/\/www.lanacion.com.ar\/\">La Naci\u00f3n<\/a><\/p>","protected":false},"excerpt":{"rendered":"<p>Hay dos clases de buenos profesores: los prolijos y los desordenados. De ambos se aprende, pero de manera diferente. De los profesores prolijos uno aprende al instante, toma notas de clase, y ya est\u00e1. Mientras que&nbsp;de los profesores desordenados uno aprende con el tiempo, cuando alguna vivencia le hace recordar lo que escuch\u00f3 en sus [&hellip;]<\/p>\n","protected":false},"author":9,"featured_media":0,"comment_status":"open","ping_status":"open","sticky":false,"template":"","format":"standard","meta":{"site-sidebar-layout":"default","site-content-layout":"","ast-site-content-layout":"default","site-content-style":"default","site-sidebar-style":"default","ast-global-header-display":"","ast-banner-title-visibility":"","ast-main-header-display":"","ast-hfb-above-header-display":"","ast-hfb-below-header-display":"","ast-hfb-mobile-header-display":"","site-post-title":"","ast-breadcrumbs-content":"","ast-featured-img":"","footer-sml-layout":"","ast-disable-related-posts":"","theme-transparent-header-meta":"","adv-header-id-meta":"","stick-header-meta":"","header-above-stick-meta":"","header-main-stick-meta":"","header-below-stick-meta":"","astra-migrate-meta-layouts":"default","ast-page-background-enabled":"default","ast-page-background-meta":{"desktop":{"background-color":"","background-image":"","background-repeat":"repeat","background-position":"center center","background-size":"auto","background-attachment":"scroll","background-type":"","background-media":"","overlay-type":"","overlay-color":"","overlay-opacity":"","overlay-gradient":""},"tablet":{"background-color":"","background-image":"","background-repeat":"repeat","background-position":"center center","background-size":"auto","background-attachment":"scroll","background-type":"","background-media":"","overlay-type":"","overlay-color":"","overlay-opacity":"","overlay-gradient":""},"mobile":{"background-color":"","background-image":"","background-repeat":"repeat","background-position":"center center","background-size":"auto","background-attachment":"scroll","background-type":"","background-media":"","overlay-type":"","overlay-color":"","overlay-opacity":"","overlay-gradient":""}},"ast-content-background-meta":{"desktop":{"background-color":"var(--ast-global-color-5)","background-image":"","background-repeat":"repeat","background-position":"center center","background-size":"auto","background-attachment":"scroll","background-type":"","background-media":"","overlay-type":"","overlay-color":"","overlay-opacity":"","overlay-gradient":""},"tablet":{"background-color":"var(--ast-global-color-5)","background-image":"","background-repeat":"repeat","background-position":"center center","background-size":"auto","background-attachment":"scroll","background-type":"","background-media":"","overlay-type":"","overlay-color":"","overlay-opacity":"","overlay-gradient":""},"mobile":{"background-color":"var(--ast-global-color-5)","background-image":"","background-repeat":"repeat","background-position":"center center","background-size":"auto","background-attachment":"scroll","background-type":"","background-media":"","overlay-type":"","overlay-color":"","overlay-opacity":"","overlay-gradient":""}},"footnotes":""},"categories":[12],"tags":[],"class_list":["post-97827","post","type-post","status-publish","format-standard","hentry","category-opinion"],"spectra_blocks_featured_image_url":null,"spectra_blocks_author_info":{"display_name":"Jorge Alfredo Baret","avatar_url":"https:\/\/secure.gravatar.com\/avatar\/31696f5ca83439b642450ec7d3f82f98451a5efacb414343d5478c982b337f26?s=96&d=mm&r=g","author_link":"https:\/\/100xd.com.ar\/en\/author\/jorge\/","description":"Ingeniero Qu\u00edmico UTN - Director Apoderado de Comunicaciones Auditadas SA. Editor Responsable 100xd.com.ar."},"_links":{"self":[{"href":"https:\/\/100xd.com.ar\/en\/wp-json\/wp\/v2\/posts\/97827","targetHints":{"allow":["GET"]}}],"collection":[{"href":"https:\/\/100xd.com.ar\/en\/wp-json\/wp\/v2\/posts"}],"about":[{"href":"https:\/\/100xd.com.ar\/en\/wp-json\/wp\/v2\/types\/post"}],"author":[{"embeddable":true,"href":"https:\/\/100xd.com.ar\/en\/wp-json\/wp\/v2\/users\/9"}],"replies":[{"embeddable":true,"href":"https:\/\/100xd.com.ar\/en\/wp-json\/wp\/v2\/comments?post=97827"}],"version-history":[{"count":1,"href":"https:\/\/100xd.com.ar\/en\/wp-json\/wp\/v2\/posts\/97827\/revisions"}],"predecessor-version":[{"id":97829,"href":"https:\/\/100xd.com.ar\/en\/wp-json\/wp\/v2\/posts\/97827\/revisions\/97829"}],"wp:attachment":[{"href":"https:\/\/100xd.com.ar\/en\/wp-json\/wp\/v2\/media?parent=97827"}],"wp:term":[{"taxonomy":"category","embeddable":true,"href":"https:\/\/100xd.com.ar\/en\/wp-json\/wp\/v2\/categories?post=97827"},{"taxonomy":"post_tag","embeddable":true,"href":"https:\/\/100xd.com.ar\/en\/wp-json\/wp\/v2\/tags?post=97827"}],"curies":[{"name":"wp","href":"https:\/\/api.w.org\/{rel}","templated":true}]}}