{"id":96708,"date":"2024-02-19T11:33:16","date_gmt":"2024-02-19T14:33:16","guid":{"rendered":"https:\/\/100xd.com.ar\/?p=96708"},"modified":"2024-02-19T11:33:16","modified_gmt":"2024-02-19T14:33:16","slug":"asi-funciona-carina-la-nueva-asistente-virtual-de-whatsapp-que-se-programa-con-inteligencia-artificial","status":"publish","type":"post","link":"https:\/\/100xd.com.ar\/en\/asi-funciona-carina-la-nueva-asistente-virtual-de-whatsapp-que-se-programa-con-inteligencia-artificial\/","title":{"rendered":"As\u00ed funciona Carina, la nueva asistente virtual de WhatsApp que se programa con Inteligencia Artificial"},"content":{"rendered":"<p class=\"wp-block-paragraph\"><strong>WhatsApp&nbsp;<\/strong>explora formas de aprovechar al m\u00e1ximo las ventajas de<a href=\"https:\/\/www.lanacion.com.ar\/tecnologia\/le-preguntaron-a-la-inteligencia-artificial-por-el-mejor-trabajo-del-mundo-y-la-respuesta-sorprendio-nid26122023\/#:~:text=Qu%C3%A9%20es%20la%20inteligencia%20artificial,a%20la%20informaci%C3%B3n%20que%20registran.\/\">&nbsp;la inteligencia artificial (IA)&nbsp;<\/a>dentro de su plataforma y por esto naci\u00f3&nbsp;<strong>\u2018Carina\u2019<\/strong>, un desarrollo de Daniel Dacu\u00f1a y No\u00e9 Asensio que integra varias funciones tecnol\u00f3gicas en un solo asistente.<\/p>\n\n\n\n<p class=\"wp-block-paragraph\">Tiene la capacidad de ofrecer<strong>&nbsp;alternativas de personalizaci\u00f3n<\/strong>&nbsp;para que el sistema pueda tener una experiencia para que constantemente aprenda de sus comportamientos y entienda c\u00f3mo suplir sus necesidades.<\/p>\n\n\n\n<figure data-spectra-id=\"spectra-de5c4fb9-8d09-468d-a05c-144f11dfc01c\" class=\"wp-block-image\"><img decoding=\"async\" src=\"https:\/\/resizer.glanacion.com\/resizer\/v2\/asi-funciona-carina-el-nuevo-asistente-virtual-de-CZE5WC6I2JB6DDFXKRFUGDIHFU.png?auth=36e58e79f0f826a9417e353e85fcddd2fb31aa7211c1381a3fc3aff5a1323fb3&amp;width=420&amp;height=236&amp;quality=70&amp;smart=true\" alt=\"As\u00ed funciona Carina, el nuevo asistente virtual de WhatsApp\" title=\"As\u00ed funciona Carina, la nueva asistente virtual de WhatsApp que se programa con Inteligencia Artificial\" \/><figcaption>As\u00ed funciona Carina, el nuevo asistente virtual de WhatsApp<\/figcaption><\/figure>\n\n\n\n<p class=\"wp-block-paragraph\">Para esto, la herramienta puede<strong>&nbsp;transcribir audios, generar recomendaciones o dar respuesta a preguntas<\/strong>&nbsp;cuya informaci\u00f3n est\u00e9 disponible en internet de manera instant\u00e1nea. En el futuro, se espera que logre generar&nbsp;<strong>reservas autom\u00e1ticas, realizar itinerarios o cronogramas&nbsp;<\/strong>e incluso apoyar a los usuarios en procesos de compra.<\/p>\n\n\n\n<h2 class=\"wp-block-heading\">As\u00ed puede usar \u2018Carina\u2019 en su WhatsApp<\/h2>\n\n\n\n<p class=\"wp-block-paragraph\">Existen dos alternativas, la primera agregar el n\u00famero&nbsp;<strong>+34 611 22 85 54&nbsp;<\/strong>y asignar el nombre Carina dentro de&nbsp;<strong>la agenda de contactos<\/strong>. Luego, abrir un nuevo chat y buscar el contacto para iniciar una conversaci\u00f3n.<\/p>\n\n\n\n<p class=\"wp-block-paragraph\">En el futuro, se espera que logre generar&nbsp;<strong>reservas autom\u00e1ticas, realizar itinerarios o cronogramas&nbsp;<\/strong>e incluso apoyar a los usuarios en procesos de compra.<\/p>\n\n\n\n<p class=\"wp-block-paragraph\">Tambi\u00e9n existe la posibilidad de ir directamente a un\u00a0<strong>chat por medio del siguiente\u00a0<\/strong><a rel=\"noreferrer noopener\" href=\"https:\/\/api.whatsapp.com\/message\/JG2HRZAX6Q7KL1?autoload=1&amp;app_absent=0\" target=\"_blank\"><strong>enlace<\/strong><\/a>, hacer clic en el bot\u00f3n de \u2018abrir chat\u2019 y empezar a dialogar con la IA de WhatsApp.<\/p>\n\n\n\n<p class=\"wp-block-paragraph\">Fuente:<a href=\"https:\/\/www.lanacion.com.ar\/\"> La Naci\u00f3n<\/a><\/p>","protected":false},"excerpt":{"rendered":"<p>WhatsApp&nbsp;explora formas de aprovechar al m\u00e1ximo las ventajas de&nbsp;la inteligencia artificial (IA)&nbsp;dentro de su plataforma y por esto naci\u00f3&nbsp;\u2018Carina\u2019, un desarrollo de Daniel Dacu\u00f1a y No\u00e9 Asensio que integra varias funciones tecnol\u00f3gicas en un solo asistente. Tiene la capacidad de ofrecer&nbsp;alternativas de personalizaci\u00f3n&nbsp;para que el sistema pueda tener una experiencia para que constantemente aprenda de [&hellip;]<\/p>\n","protected":false},"author":9,"featured_media":0,"comment_status":"open","ping_status":"open","sticky":false,"template":"","format":"standard","meta":{"site-sidebar-layout":"default","site-content-layout":"","ast-site-content-layout":"default","site-content-style":"default","site-sidebar-style":"default","ast-global-header-display":"","ast-banner-title-visibility":"","ast-main-header-display":"","ast-hfb-above-header-display":"","ast-hfb-below-header-display":"","ast-hfb-mobile-header-display":"","site-post-title":"","ast-breadcrumbs-content":"","ast-featured-img":"","footer-sml-layout":"","ast-disable-related-posts":"","theme-transparent-header-meta":"","adv-header-id-meta":"","stick-header-meta":"","header-above-stick-meta":"","header-main-stick-meta":"","header-below-stick-meta":"","astra-migrate-meta-layouts":"default","ast-page-background-enabled":"default","ast-page-background-meta":{"desktop":{"background-color":"","background-image":"","background-repeat":"repeat","background-position":"center center","background-size":"auto","background-attachment":"scroll","background-type":"","background-media":"","overlay-type":"","overlay-color":"","overlay-opacity":"","overlay-gradient":""},"tablet":{"background-color":"","background-image":"","background-repeat":"repeat","background-position":"center center","background-size":"auto","background-attachment":"scroll","background-type":"","background-media":"","overlay-type":"","overlay-color":"","overlay-opacity":"","overlay-gradient":""},"mobile":{"background-color":"","background-image":"","background-repeat":"repeat","background-position":"center center","background-size":"auto","background-attachment":"scroll","background-type":"","background-media":"","overlay-type":"","overlay-color":"","overlay-opacity":"","overlay-gradient":""}},"ast-content-background-meta":{"desktop":{"background-color":"var(--ast-global-color-5)","background-image":"","background-repeat":"repeat","background-position":"center center","background-size":"auto","background-attachment":"scroll","background-type":"","background-media":"","overlay-type":"","overlay-color":"","overlay-opacity":"","overlay-gradient":""},"tablet":{"background-color":"var(--ast-global-color-5)","background-image":"","background-repeat":"repeat","background-position":"center center","background-size":"auto","background-attachment":"scroll","background-type":"","background-media":"","overlay-type":"","overlay-color":"","overlay-opacity":"","overlay-gradient":""},"mobile":{"background-color":"var(--ast-global-color-5)","background-image":"","background-repeat":"repeat","background-position":"center center","background-size":"auto","background-attachment":"scroll","background-type":"","background-media":"","overlay-type":"","overlay-color":"","overlay-opacity":"","overlay-gradient":""}},"footnotes":""},"categories":[10,9],"tags":[],"class_list":["post-96708","post","type-post","status-publish","format-standard","hentry","category-buen-vivir","category-tecnologia"],"spectra_blocks_featured_image_url":null,"spectra_blocks_author_info":{"display_name":"Jorge Alfredo Baret","avatar_url":"https:\/\/secure.gravatar.com\/avatar\/31696f5ca83439b642450ec7d3f82f98451a5efacb414343d5478c982b337f26?s=96&d=mm&r=g","author_link":"https:\/\/100xd.com.ar\/en\/author\/jorge\/","description":"Ingeniero Qu\u00edmico UTN - Director Apoderado de Comunicaciones Auditadas SA. Editor Responsable 100xd.com.ar."},"_links":{"self":[{"href":"https:\/\/100xd.com.ar\/en\/wp-json\/wp\/v2\/posts\/96708","targetHints":{"allow":["GET"]}}],"collection":[{"href":"https:\/\/100xd.com.ar\/en\/wp-json\/wp\/v2\/posts"}],"about":[{"href":"https:\/\/100xd.com.ar\/en\/wp-json\/wp\/v2\/types\/post"}],"author":[{"embeddable":true,"href":"https:\/\/100xd.com.ar\/en\/wp-json\/wp\/v2\/users\/9"}],"replies":[{"embeddable":true,"href":"https:\/\/100xd.com.ar\/en\/wp-json\/wp\/v2\/comments?post=96708"}],"version-history":[{"count":1,"href":"https:\/\/100xd.com.ar\/en\/wp-json\/wp\/v2\/posts\/96708\/revisions"}],"predecessor-version":[{"id":96710,"href":"https:\/\/100xd.com.ar\/en\/wp-json\/wp\/v2\/posts\/96708\/revisions\/96710"}],"wp:attachment":[{"href":"https:\/\/100xd.com.ar\/en\/wp-json\/wp\/v2\/media?parent=96708"}],"wp:term":[{"taxonomy":"category","embeddable":true,"href":"https:\/\/100xd.com.ar\/en\/wp-json\/wp\/v2\/categories?post=96708"},{"taxonomy":"post_tag","embeddable":true,"href":"https:\/\/100xd.com.ar\/en\/wp-json\/wp\/v2\/tags?post=96708"}],"curies":[{"name":"wp","href":"https:\/\/api.w.org\/{rel}","templated":true}]}}