{"id":9638,"date":"2015-09-11T09:31:58","date_gmt":"2015-09-11T12:31:58","guid":{"rendered":"http:\/\/www.100xd.com.ar\/?p=9638"},"modified":"2015-09-11T20:47:18","modified_gmt":"2015-09-11T23:47:18","slug":"anibal-fernandez-califico-de-altisimamente-positivo-el-aval-de-la-onu-contra-los-fondos-buitres","status":"publish","type":"post","link":"https:\/\/100xd.com.ar\/en\/anibal-fernandez-califico-de-altisimamente-positivo-el-aval-de-la-onu-contra-los-fondos-buitres\/","title":{"rendered":"An\u00edbal Fern\u00e1ndez calific\u00f3 de &#8220;alt\u00edsimamente positivo&#8221; el aval de la ONU contra los fondos buitres"},"content":{"rendered":"<p>El jefe de Gabinete y candidato a gobernador bonaerense por el FPV, An\u00edbal Fern\u00e1ndez, consider\u00f3 hoy como &#8220;alt\u00edsimamente positivo&#8221; el aval de la asamblea general de la ONU a la propuesta de argentina para limitar el accionar de los denominados fondos buitre en los procesos de reestructuraci\u00f3n de deudas soberanas y aclar\u00f3 que la medida internacional &#8220;tendr\u00e1 efectos retroactivos&#8221;.<\/p>\n<p>&#8220;Esto es algo alt\u00edsimamente positivo lo conseguido ayer por la Argentina en las Naciones Unidas (ONU)&#8221;, ponder\u00f3 el funcionario nacional.\u00a0&#8220;De esta forma se pone en primer plano la necesidad de que sea respetada la voluntad de los pa\u00edses y que no sean sorprendidos en su buena fe&#8221;, apunt\u00f3 el funcionario nacional en declaraciones formuladas esta ma\u00f1ana a la prensa al ingresar a Casa de Gobierno.<\/p>\n<p>Fern\u00e1ndez valor\u00f3 que gracias al paso dado ayer en el organismo internacional, &#8220;el a\u00f1o que viene ya se tratar\u00e1 en la ONU no s\u00f3lo el tema de la deuda de los pa\u00edses -algo que no se hab\u00eda logrado en a\u00f1os-, sino que adem\u00e1s ese tratamiento contendr\u00e1 un presupuesto propio&#8221;.<\/p>\n<p>&#8220;Pero, adem\u00e1s -a\u00f1adi\u00f3-, &#8220;esta ma\u00f1ana estuve viendo alguno de los an\u00e1lisis de los analistas que son realmente p\u00e9simos porque a veces se espera que opinen los gur\u00faes de la city y no que hablen los especialistas en derecho internacional&#8221;.<\/p>\n<p>Para el ministro coordinador, &#8220;se dicen cosas (como) que esta resoluci\u00f3n de la ONU no es retroactiva y la verdad es que hablamos de principios generales del derecho (que) se consideran preexistentes en estos casos&#8221;.<\/p>\n<div class=\"ast-oembed-container\" style=\"height: 100%;\"><iframe loading=\"lazy\" title=\"11 de SEP. An\u00edbal Fern\u00e1ndez se refiri\u00f3 al avance en la ONU para frenar a los fondos buitre.\" width=\"500\" height=\"281\" src=\"https:\/\/www.youtube.com\/embed\/Lp4iP-ar_fc?feature=oembed\" frameborder=\"0\" allow=\"accelerometer; autoplay; clipboard-write; encrypted-media; gyroscope; picture-in-picture; web-share\" referrerpolicy=\"strict-origin-when-cross-origin\" allowfullscreen><\/iframe><\/div>\n<p>&#8220;Esto forma parte de algo que se llama derecho consuetudinario -explic\u00f3 Fern\u00e1ndez-, con lo cual todas las acciones que se est\u00e1n llevando a la pr\u00e1ctica tienen que ver, no s\u00f3lo la importancia pol\u00edtica para la Argentina, que es la que llama la atenci\u00f3n al mundo de una situaci\u00f3n p\u00e9sima que pone a los pa\u00edses que tienen necesidad por su propia deuda, sino que lo que hace ya es generar efectos constantes, criteriosos y muy responsables&#8221;.<\/p>\n<p>&#8220;Se dice, adem\u00e1s, que una de las posibilidades es que cuando se tome nueva deuda por situaciones de estas caracter\u00edsticas signifiquen (una) mayor tasa de inter\u00e9s&#8230;Todas las cr\u00edticas son tendientes a desalentar este importante logro, fuerte logro, alcanzado por la Argentina&#8221;, se\u00f1al\u00f3 al hablar de los comentarios de los analistas financieros.<\/p>\n<p>El jefe de ministros dijo que &#8220;por este solo hecho, de haber llegado hasta \u00e9sta instancia, ya significa que el a\u00f1o que viene se tratar\u00e1 en Naciones Unidas el tema de la deuda -que no se hab\u00eda logrado en a\u00f1os-, sino que adem\u00e1s tiene presupuesto propio. Conseguir presupuesto para las decisiones que se tomaron ayer fue algo muy dif\u00edcil en la ONU y sin embargo se logr\u00f3&#8221;.<\/p>\n<p>&#8220;Es importante -sostuvo Fern\u00e1ndez- aclarar que a partir de esta resoluci\u00f3n se busca respetar la voluntad de los pa\u00edses que entran en negociaci\u00f3n por el canje de sus deudas o de reestructuraci\u00f3n de su propia deuda y que no sean sorprendidos en su buena fe con situaciones como las no deseadas por la Argentina en el caso del juez (Thomas) Griesa o cosas por el estilo&#8221;.<\/p>","protected":false},"excerpt":{"rendered":"<p>El jefe de Gabinete y candidato a gobernador bonaerense por el FPV, An\u00edbal Fern\u00e1ndez, consider\u00f3 hoy como &#8220;alt\u00edsimamente positivo&#8221; el aval de la asamblea general de la ONU a la propuesta de argentina para limitar el accionar de los denominados fondos buitre en los procesos de reestructuraci\u00f3n de deudas soberanas y aclar\u00f3 que la medida [&hellip;]<\/p>\n","protected":false},"author":4,"featured_media":0,"comment_status":"open","ping_status":"open","sticky":false,"template":"","format":"standard","meta":{"site-sidebar-layout":"default","site-content-layout":"","ast-site-content-layout":"default","site-content-style":"default","site-sidebar-style":"default","ast-global-header-display":"","ast-banner-title-visibility":"","ast-main-header-display":"","ast-hfb-above-header-display":"","ast-hfb-below-header-display":"","ast-hfb-mobile-header-display":"","site-post-title":"","ast-breadcrumbs-content":"","ast-featured-img":"","footer-sml-layout":"","ast-disable-related-posts":"","theme-transparent-header-meta":"","adv-header-id-meta":"","stick-header-meta":"","header-above-stick-meta":"","header-main-stick-meta":"","header-below-stick-meta":"","astra-migrate-meta-layouts":"default","ast-page-background-enabled":"default","ast-page-background-meta":{"desktop":{"background-color":"","background-image":"","background-repeat":"repeat","background-position":"center center","background-size":"auto","background-attachment":"scroll","background-type":"","background-media":"","overlay-type":"","overlay-color":"","overlay-opacity":"","overlay-gradient":""},"tablet":{"background-color":"","background-image":"","background-repeat":"repeat","background-position":"center center","background-size":"auto","background-attachment":"scroll","background-type":"","background-media":"","overlay-type":"","overlay-color":"","overlay-opacity":"","overlay-gradient":""},"mobile":{"background-color":"","background-image":"","background-repeat":"repeat","background-position":"center center","background-size":"auto","background-attachment":"scroll","background-type":"","background-media":"","overlay-type":"","overlay-color":"","overlay-opacity":"","overlay-gradient":""}},"ast-content-background-meta":{"desktop":{"background-color":"var(--ast-global-color-5)","background-image":"","background-repeat":"repeat","background-position":"center center","background-size":"auto","background-attachment":"scroll","background-type":"","background-media":"","overlay-type":"","overlay-color":"","overlay-opacity":"","overlay-gradient":""},"tablet":{"background-color":"var(--ast-global-color-5)","background-image":"","background-repeat":"repeat","background-position":"center center","background-size":"auto","background-attachment":"scroll","background-type":"","background-media":"","overlay-type":"","overlay-color":"","overlay-opacity":"","overlay-gradient":""},"mobile":{"background-color":"var(--ast-global-color-5)","background-image":"","background-repeat":"repeat","background-position":"center center","background-size":"auto","background-attachment":"scroll","background-type":"","background-media":"","overlay-type":"","overlay-color":"","overlay-opacity":"","overlay-gradient":""}},"footnotes":""},"categories":[2],"tags":[28,301,551,1852],"class_list":["post-9638","post","type-post","status-publish","format-standard","hentry","category-politica","tag-anibal-fernandez","tag-fondos-buitres","tag-griesa","tag-onu"],"spectra_blocks_featured_image_url":null,"spectra_blocks_author_info":{"display_name":"Facundo Novillo","avatar_url":"https:\/\/secure.gravatar.com\/avatar\/09745bc65ce6bf84291d6515d5f759c04b4fce4f329b8a975a8ac2982b552d3e?s=96&d=mm&r=g","author_link":"https:\/\/100xd.com.ar\/en\/author\/facundo\/","description":""},"_links":{"self":[{"href":"https:\/\/100xd.com.ar\/en\/wp-json\/wp\/v2\/posts\/9638","targetHints":{"allow":["GET"]}}],"collection":[{"href":"https:\/\/100xd.com.ar\/en\/wp-json\/wp\/v2\/posts"}],"about":[{"href":"https:\/\/100xd.com.ar\/en\/wp-json\/wp\/v2\/types\/post"}],"author":[{"embeddable":true,"href":"https:\/\/100xd.com.ar\/en\/wp-json\/wp\/v2\/users\/4"}],"replies":[{"embeddable":true,"href":"https:\/\/100xd.com.ar\/en\/wp-json\/wp\/v2\/comments?post=9638"}],"version-history":[{"count":1,"href":"https:\/\/100xd.com.ar\/en\/wp-json\/wp\/v2\/posts\/9638\/revisions"}],"predecessor-version":[{"id":9640,"href":"https:\/\/100xd.com.ar\/en\/wp-json\/wp\/v2\/posts\/9638\/revisions\/9640"}],"wp:attachment":[{"href":"https:\/\/100xd.com.ar\/en\/wp-json\/wp\/v2\/media?parent=9638"}],"wp:term":[{"taxonomy":"category","embeddable":true,"href":"https:\/\/100xd.com.ar\/en\/wp-json\/wp\/v2\/categories?post=9638"},{"taxonomy":"post_tag","embeddable":true,"href":"https:\/\/100xd.com.ar\/en\/wp-json\/wp\/v2\/tags?post=9638"}],"curies":[{"name":"wp","href":"https:\/\/api.w.org\/{rel}","templated":true}]}}