{"id":95283,"date":"2024-01-24T11:37:40","date_gmt":"2024-01-24T14:37:40","guid":{"rendered":"https:\/\/100xd.com.ar\/?p=95283"},"modified":"2024-01-24T11:37:40","modified_gmt":"2024-01-24T14:37:40","slug":"inedita-oportunidad-fiscal","status":"publish","type":"post","link":"https:\/\/100xd.com.ar\/en\/inedita-oportunidad-fiscal\/","title":{"rendered":"In\u00e9dita oportunidad fiscal"},"content":{"rendered":"<p class=\"wp-block-paragraph\">El Instituto Argentino de An\u00e1lisis Fiscal&nbsp;<strong>(Iaraf<\/strong>) emiti\u00f3 un informe titulado \u201c<mark>El peso de los tributos &#8211; vadem\u00e9cum tributario argentino de personas humanas<\/mark>\u201d, cuyas conclusiones son elocuentes:&nbsp;<mark>un ciudadano paga entre 23 y 48 tributos distintos,<\/mark>&nbsp;siendo menos o m\u00e1s seg\u00fan el patrimonio y las actividades que realice. Los 48 tributos de m\u00e1xima se distribuyen en&nbsp;<mark>27 nacionales, 7 provinciales y 14 municipales<\/mark>. Pero, por alguna raz\u00f3n, si les pidi\u00e9ramos a los argentinos que los enumeren, muy pocos llegar\u00edan a cinco.<\/p>\n\n\n\n<p class=\"wp-block-paragraph\">Recordemos el contexto: la Argentina es el pa\u00eds con los impuestos m\u00e1s altos del mundo, seg\u00fan surge de investigaciones realizadas por el<strong>&nbsp;Banco Mundial<\/strong>&nbsp;y la&nbsp;<strong>Uni\u00f3n Industrial Argentina<\/strong>&nbsp;aplicando tres metodolog\u00edas diferentes. Pero el informe del Iaraf agrega otra faceta: la complejidad de nuestro sistema tributario. A lo que se suma la ineficiencia. Seg\u00fan sus c\u00e1lculos, solo 10 de los 148 tributos totales del pa\u00eds concentran m\u00e1s del 90% de la recaudaci\u00f3n.<\/p>\n\n\n\n<p class=\"wp-block-paragraph\">El informe destaca que un sistema tributario debe ser sencillo y perceptible, f\u00e1cil de entender por las personas. El nuestro es todo lo contrario:<mark>&nbsp;es tan gravoso como complejo y los impuestos ni se dejan ver.<\/mark><\/p>\n\n\n\n<p class=\"wp-block-paragraph\"><strong>L\u00f3gica,<\/strong>&nbsp;la ONG que se dedica a generar conciencia fiscal en toda la sociedad sostiene que una de las causas principales de la terminal crisis econ\u00f3mica del pa\u00eds es, precisamente, la falta de conciencia fiscal de la ciudadan\u00eda, generada por&nbsp;<mark>un r\u00e9gimen que oculta de forma sistem\u00e1tica los impuestos<\/mark>. Una encuesta de Poliarquia revel\u00f3 que el 94% de la poblaci\u00f3n est\u00e1 de acuerdo con que se informen los impuestos que pagan los bienes que consumen. La dirigencia pol\u00edtica se ha profesionalizado en la artima\u00f1a de esconder impuestos. Se\u00f1ala que el caso m\u00e1s brutal es el art\u00edculo 39 de la ley de<strong>&nbsp;IVA<\/strong>, que, a contramano del mundo, proh\u00edbe que un vendedor visibilice ese impuesto en los tickets de consumo, con la connivencia de las normas de la&nbsp;<strong>AFIP<\/strong>&nbsp;que sancionan al que viole dicha prohibici\u00f3n. Hoy esa sanci\u00f3n es gen\u00e9rica, pero por a\u00f1os rigi\u00f3 la resoluci\u00f3n general 4333 de la&nbsp;<strong>DGI<\/strong>, que inclu\u00eda una espec\u00edfica para el vendedor que mostrara el IVA al ciudadano. Esta prohibici\u00f3n legal cumpli\u00f3 el mes pasado 50 a\u00f1os y ya desde aquel debate parlamentario de 1973 el diputado<strong>&nbsp;H\u00e9ctor Sandler<\/strong>&nbsp;criticaba que se pusiera el IVA en la \u201c<mark>clandestinidad<\/mark>\u201d. Otras formas son m\u00e1s sutiles y arteras: se esconden impuestos indirectos detr\u00e1s del \u201c\u00e1rbol\u201d del vendedor para luego ser naturalmente trasladados al consumidor, tales como ingresos brutos, internos, tasas municipales, d\u00e9bitos y cr\u00e9ditos, entre otros. Tambi\u00e9n en los en los salarios en blanco, con aportes y contribuciones.<\/p>\n\n\n\n<p class=\"wp-block-paragraph\">Si se llevara la cuesti\u00f3n al extremo de la simplicidad, con el IVA como \u00fanico impuesto, y se pretendiera aplicar una al\u00edcuota superior al 40% o 50%,&nbsp;<mark>la ciudadan\u00eda se opondr\u00eda tajantemente<\/mark>. Pues, entonces, dividamos ese \u00fanico impuesto entre 48 tributos repartidos entre los tres niveles del Estado y prohibamos que el ciudadano pueda verlos. As\u00ed la ciudadan\u00eda no tiene idea de que en el precio final est\u00e1 afrontando<mark>&nbsp;un 42% de tributos en alimentos o 48% en bebidas, 50,3% en indumentaria, 48% en pasajes de avi\u00f3n, 54% en autos,<\/mark>&nbsp;entre otros.<\/p>\n\n\n\n<p class=\"wp-block-paragraph\">La contracara de la falta de conciencia fiscal de los argentinos es la inconsciencia fiscal del sector pol\u00edtico.<mark>&nbsp;La complejidad del sistema tributario y el ocultamiento de los impuestos han sido las dos armas que necesitaba la pol\u00edtica para dar rienda suelta al gasto p\u00fablico m\u00e1s irracional<\/mark>, casi duplicado en las \u00faltimas dos d\u00e9cadas, provocando m\u00e1s del 40% de pobreza y un pa\u00eds estancado desde hace 12 a\u00f1os. Nunca la Argentina hubiera llegado a tener los impuestos m\u00e1s altos ni ese nivel de gasto de haber tenido un sistema simple, en el que cada creaci\u00f3n o suba de impuestos se hubiera mostrado al consumidor. En alg\u00fan momento, la ciudadan\u00eda habr\u00eda reaccionado.<\/p>\n\n\n\n<p class=\"wp-block-paragraph\">Ha comenzado un nuevo ciclo de gobierno y la cuesti\u00f3n de la austeridad fiscal, tanto en el gasto p\u00fablico como en el sistema tributario, ha sido central en la campa\u00f1a de&nbsp;<strong>Javier Milei<\/strong>, adem\u00e1s de haber firmado el compromiso propuesto por la&nbsp;<strong>ONG L\u00f3gica<\/strong>&nbsp;de impulsar una norma de transparencia fiscal al consumidor&nbsp;<mark>que visibilice todos los impuestos en el ticket,<\/mark>&nbsp;siguiendo el modelo brasile\u00f1o. En cuanto al R\u00e9gimen de Transparencia Fiscal al Consumidor, la ley \u00f3mnibus que inclu\u00eda originalmente la exposici\u00f3n del IVA, dando vuelta la a\u00f1eja prohibici\u00f3n, ha sumado \u201cotros impuestos nacionales indirectos\u201d y la invitaci\u00f3n a que las provincias adhieran al r\u00e9gimen dando visibilidad a la incidencia de ingresos brutos y tasas municipales.&nbsp;<mark>Se espera que ese compromiso sea honrado<\/mark>. Un m\u00e9rito may\u00fasculo ha tenido el nuevo presidente en instalar los temas fiscales en la agenda. Pero enorme error ser\u00e1 si la ciudadan\u00eda identifica la racionalidad fiscal con una ideolog\u00eda o partido.<\/p>\n\n\n\n<p class=\"wp-block-paragraph\">Cambiar la cultura tributaria ser\u00e1 tambi\u00e9n comenzar a cambiar la cultura pol\u00edtica. Hasta ahora, las cuestiones fiscales se han mantenido exclusivamente en el laberinto pol\u00edtico. As\u00ed, en 2019, sucedi\u00f3 que, por identificarse las bajas fiscales con el signo de&nbsp;<strong>Cambiemos<\/strong>, el gobierno de los Fern\u00e1ndez no solo derog\u00f3 aquellas reformas proinversi\u00f3n sino que, en represalia, aument\u00f3 fuertemente los impuestos, seguido por provincias y municipios, pero siendo los 46 millones de argentinos los que \u2013sin saberlo\u2013 los afrontaron. La falta de ra\u00edces en la gente fue funcional a que esas reformas volaran ante el primer viento.<\/p>\n\n\n\n<p class=\"wp-block-paragraph\">El gran desaf\u00edo es que la ciudadan\u00eda pueda meter su cu\u00f1a en la cuesti\u00f3n fiscal para que, a partir de la toma de conciencia de los impuestos que paga, se involucre y exija al sector pol\u00edtico tener l\u00f3gica en su sistema tributario y, principalmente, en su gasto p\u00fablico, m\u00e1s all\u00e1 del signo pol\u00edtico que gobierne. En este sentido, mucho tenemos para inspirarnos sobre los cambios de conciencia exitosos que tuvimos en materia de consolidaci\u00f3n de la democracia o igualdad de g\u00e9nero. Solo cuando nos hemos involucrado como ciudadanos es que las cuestiones se han comenzado a resolver.<\/p>\n\n\n\n<p class=\"wp-block-paragraph\">Es hora de aprovechar esta oportunidad, tan in\u00e9dita como irrepetible, para\u00a0<mark>que lo fiscal deje de ser una cuesti\u00f3n pol\u00edtica para convertirse en una cuesti\u00f3n ciudadana.<\/mark>\u00a0Al decir de Victor Hugo, \u201cno hay nada m\u00e1s poderoso que una idea a la que le ha llegado su tiempo\u201d.<\/p>\n\n\n\n<p class=\"wp-block-paragraph\">Fuente: <a href=\"https:\/\/www.lanacion.com.ar\/\">La Naci\u00f3n<\/a><\/p>","protected":false},"excerpt":{"rendered":"<p>El Instituto Argentino de An\u00e1lisis Fiscal&nbsp;(Iaraf) emiti\u00f3 un informe titulado \u201cEl peso de los tributos &#8211; vadem\u00e9cum tributario argentino de personas humanas\u201d, cuyas conclusiones son elocuentes:&nbsp;un ciudadano paga entre 23 y 48 tributos distintos,&nbsp;siendo menos o m\u00e1s seg\u00fan el patrimonio y las actividades que realice. Los 48 tributos de m\u00e1xima se distribuyen en&nbsp;27 nacionales, 7 [&hellip;]<\/p>\n","protected":false},"author":9,"featured_media":0,"comment_status":"open","ping_status":"open","sticky":false,"template":"","format":"standard","meta":{"site-sidebar-layout":"default","site-content-layout":"","ast-site-content-layout":"default","site-content-style":"default","site-sidebar-style":"default","ast-global-header-display":"","ast-banner-title-visibility":"","ast-main-header-display":"","ast-hfb-above-header-display":"","ast-hfb-below-header-display":"","ast-hfb-mobile-header-display":"","site-post-title":"","ast-breadcrumbs-content":"","ast-featured-img":"","footer-sml-layout":"","ast-disable-related-posts":"","theme-transparent-header-meta":"","adv-header-id-meta":"","stick-header-meta":"","header-above-stick-meta":"","header-main-stick-meta":"","header-below-stick-meta":"","astra-migrate-meta-layouts":"default","ast-page-background-enabled":"default","ast-page-background-meta":{"desktop":{"background-color":"","background-image":"","background-repeat":"repeat","background-position":"center center","background-size":"auto","background-attachment":"scroll","background-type":"","background-media":"","overlay-type":"","overlay-color":"","overlay-opacity":"","overlay-gradient":""},"tablet":{"background-color":"","background-image":"","background-repeat":"repeat","background-position":"center center","background-size":"auto","background-attachment":"scroll","background-type":"","background-media":"","overlay-type":"","overlay-color":"","overlay-opacity":"","overlay-gradient":""},"mobile":{"background-color":"","background-image":"","background-repeat":"repeat","background-position":"center center","background-size":"auto","background-attachment":"scroll","background-type":"","background-media":"","overlay-type":"","overlay-color":"","overlay-opacity":"","overlay-gradient":""}},"ast-content-background-meta":{"desktop":{"background-color":"var(--ast-global-color-5)","background-image":"","background-repeat":"repeat","background-position":"center center","background-size":"auto","background-attachment":"scroll","background-type":"","background-media":"","overlay-type":"","overlay-color":"","overlay-opacity":"","overlay-gradient":""},"tablet":{"background-color":"var(--ast-global-color-5)","background-image":"","background-repeat":"repeat","background-position":"center center","background-size":"auto","background-attachment":"scroll","background-type":"","background-media":"","overlay-type":"","overlay-color":"","overlay-opacity":"","overlay-gradient":""},"mobile":{"background-color":"var(--ast-global-color-5)","background-image":"","background-repeat":"repeat","background-position":"center center","background-size":"auto","background-attachment":"scroll","background-type":"","background-media":"","overlay-type":"","overlay-color":"","overlay-opacity":"","overlay-gradient":""}},"footnotes":""},"categories":[149],"tags":[],"class_list":["post-95283","post","type-post","status-publish","format-standard","hentry","category-entrevistas"],"spectra_blocks_featured_image_url":null,"spectra_blocks_author_info":{"display_name":"Jorge Alfredo Baret","avatar_url":"https:\/\/secure.gravatar.com\/avatar\/31696f5ca83439b642450ec7d3f82f98451a5efacb414343d5478c982b337f26?s=96&d=mm&r=g","author_link":"https:\/\/100xd.com.ar\/en\/author\/jorge\/","description":"Ingeniero Qu\u00edmico UTN - Director Apoderado de Comunicaciones Auditadas SA. Editor Responsable 100xd.com.ar."},"_links":{"self":[{"href":"https:\/\/100xd.com.ar\/en\/wp-json\/wp\/v2\/posts\/95283","targetHints":{"allow":["GET"]}}],"collection":[{"href":"https:\/\/100xd.com.ar\/en\/wp-json\/wp\/v2\/posts"}],"about":[{"href":"https:\/\/100xd.com.ar\/en\/wp-json\/wp\/v2\/types\/post"}],"author":[{"embeddable":true,"href":"https:\/\/100xd.com.ar\/en\/wp-json\/wp\/v2\/users\/9"}],"replies":[{"embeddable":true,"href":"https:\/\/100xd.com.ar\/en\/wp-json\/wp\/v2\/comments?post=95283"}],"version-history":[{"count":1,"href":"https:\/\/100xd.com.ar\/en\/wp-json\/wp\/v2\/posts\/95283\/revisions"}],"predecessor-version":[{"id":95285,"href":"https:\/\/100xd.com.ar\/en\/wp-json\/wp\/v2\/posts\/95283\/revisions\/95285"}],"wp:attachment":[{"href":"https:\/\/100xd.com.ar\/en\/wp-json\/wp\/v2\/media?parent=95283"}],"wp:term":[{"taxonomy":"category","embeddable":true,"href":"https:\/\/100xd.com.ar\/en\/wp-json\/wp\/v2\/categories?post=95283"},{"taxonomy":"post_tag","embeddable":true,"href":"https:\/\/100xd.com.ar\/en\/wp-json\/wp\/v2\/tags?post=95283"}],"curies":[{"name":"wp","href":"https:\/\/api.w.org\/{rel}","templated":true}]}}