{"id":94451,"date":"2024-01-09T11:35:19","date_gmt":"2024-01-09T14:35:19","guid":{"rendered":"https:\/\/100xd.com.ar\/?p=94451"},"modified":"2024-01-09T11:35:19","modified_gmt":"2024-01-09T14:35:19","slug":"complicacion-diplomatica-para-milei-el-senado-no-aprobara-en-enero-los-pliegos-de-los-embajadores-designados-en-estados-unidos-francia-israel-y-brasil","status":"publish","type":"post","link":"https:\/\/100xd.com.ar\/en\/complicacion-diplomatica-para-milei-el-senado-no-aprobara-en-enero-los-pliegos-de-los-embajadores-designados-en-estados-unidos-francia-israel-y-brasil\/","title":{"rendered":"Complicaci\u00f3n diplom\u00e1tica para Milei: el Senado no aprobar\u00e1 en enero los pliegos de los embajadores designados en Estados Unidos, Francia, Israel y Brasil"},"content":{"rendered":"<p class=\"wp-block-paragraph\"><strong>La d\u00e9bil estrategia parlamentaria del gobierno&nbsp;<\/strong>y las disposiciones reglamentarias de la C\u00e1mara de Senadores encallaron los pliegos de los embajadores pol\u00edticos que design\u00f3 Javier Milei para Estados Unidos, Francia, Brasil, Israel, Paraguay, India y la Organizaci\u00f3n de Estados Americanos (OEA). A su vez, la Canciller\u00eda a\u00fan defini\u00f3 a los representantes que ocupar\u00e1n las sedes diplom\u00e1ticas en Espa\u00f1a, Italia, Uruguay, Rusia, Colombia, M\u00e9xico y El Vaticano,&nbsp;<strong>socios hist\u00f3ricos de la Argentina&nbsp;<\/strong>y protagonistas clave en el escenario internacional.<a href=\"https:\/\/www.infobae.com\/politica\/2024\/01\/09\/las-medidas-del-gobierno-de-milei-en-vivo-todas-las-noticias-minuto-a-minuto\/\" target=\"_blank\" rel=\"noreferrer noopener\">Te puede interesar:<strong>Las medidas del gobierno de Milei, en vivo: todas las noticias, minuto a minuto<\/strong><\/a><\/p>\n\n\n\n<figure data-spectra-id=\"spectra-288787e5-7d17-418f-b7f2-1d258db66492\" class=\"wp-block-image\"><img decoding=\"async\" src=\"https:\/\/www.infobae.com\/new-resizer\/lCi-RuKa88tnNWbWF05JLb4I2vw=\/265x149\/filters:format(webp):quality(85)\/cloudfront-us-east-1.images.arcpublishing.com\/infobae\/ENQZURM7HFEQPFVS7SIHL3Q36Y%20265w\" alt=\"El presidente electo de Argentina Javier Milei junto a Diana Mondino. EFE\/Mat\u00edas Campaya\" title=\"Complicaci\u00f3n diplom\u00e1tica para Milei: el Senado no aprobar\u00e1 en enero los pliegos de los embajadores designados en Estados Unidos, Francia, Israel y Brasil\" \/><\/figure>\n\n\n\n<p class=\"wp-block-paragraph\">Te puede interesar:<strong>Milei env\u00eda siete pliegos de embajadores pol\u00edticos al Senado, mientras Mondino define candidatos para ocho codiciados destinos diplom\u00e1ticos<\/strong><\/p>\n\n\n\n<p class=\"wp-block-paragraph\">La aprobaci\u00f3n de un embajador pol\u00edtico &#8211;<em>Art\u00edculo 5&nbsp;<\/em>en la jerga del poder- debe cumplir&nbsp;<strong>cuatro instancias b\u00e1sicas<\/strong>:<\/p>\n\n\n\n<p class=\"wp-block-paragraph\">1.&nbsp;<strong>El Poder Ejecutivo env\u00eda los pliegos<\/strong>&nbsp;diplom\u00e1ticos al Senado.<a href=\"https:\/\/www.infobae.com\/politica\/2024\/01\/09\/conmocion-politica-por-mas-amenazas-narcos-contra-el-gobernador-pullaro-tuvo-que-sacar-a-su-familia-de-rosario\/\" target=\"_blank\" rel=\"noreferrer noopener\">Te puede interesar:<strong>Conmoci\u00f3n pol\u00edtica por m\u00e1s amenazas narcos contra el gobernador Pullaro: tuvo que sacar a su familia de Rosario<\/strong><\/a><\/p>\n\n\n\n<p class=\"wp-block-paragraph\">2.&nbsp;<strong>En la primera sesi\u00f3n convocada,<\/strong>&nbsp;se da ingreso formal a los pliegos enviados desde Balcarce 50.<a href=\"https:\/\/www.infobae.com\/politica\/2024\/01\/07\/javier-milei-apuntala-su-agenda-exterior-cercania-con-estados-unidos-y-distancia-con-china-mientras-empuja-el-acuerdo-mercosur-union-europea\/\" rel=\"noreferrer noopener\" target=\"_blank\">Te puede interesar:<strong>Javier Milei apuntala su agenda exterior: cercan\u00eda con Estados Unidos y distancia con China, mientras empuja el acuerdo Mercosur-Uni\u00f3n Europea<\/strong><\/a><\/p>\n\n\n\n<p class=\"wp-block-paragraph\">3.&nbsp;<strong>Una semana despu\u00e9s del ingreso formal al Senado<\/strong>, la Comisi\u00f3n de Acuerdos cita a una audiencia p\u00fablica.<a href=\"https:\/\/www.infobae.com\/politica\/2024\/01\/09\/conmocion-politica-por-mas-amenazas-narcos-contra-el-gobernador-pullaro-tuvo-que-sacar-a-su-familia-de-rosario\/\" target=\"_blank\" rel=\"noreferrer noopener\">Te puede interesar:<strong>Conmoci\u00f3n pol\u00edtica por m\u00e1s amenazas narcos contra el gobernador Pullaro: tuvo que sacar a su familia de Rosario<\/strong><\/a><\/p>\n\n\n\n<p class=\"wp-block-paragraph\">4. Tras la audiencia p\u00fablica y en un plazo no menor a siete d\u00edas corridos,&nbsp;<strong>una nueva sesi\u00f3n&nbsp;<\/strong>aprobar\u00e1 los pliegos&nbsp;<em>Art\u00edculo 5&nbsp;<\/em>que ya fueron tratados en la Comisi\u00f3n de Acuerdos.<img loading=\"lazy\" decoding=\"async\" alt=\"Javier Milei, Karina Milei, Santiago Caputo, Luis Caputo, Gerardo Werthein y Nicol\u00e1s Posse tras su reuni\u00f3n con Jake Sullivan, consejero de Seguridad Nacional de la Casa Blanca\" height=\"1080\" width=\"1920\" src=\"https:\/\/www.infobae.com\/new-resizer\/dOkLs65NF0JCwVuzCUNfC-kkADc=\/420x236\/filters:format(webp):quality(85)\/cloudfront-us-east-1.images.arcpublishing.com\/infobae\/Q7OQLDLESJANVJKDQB2ACZZYPE.jpg%20420w\" srcset=\"https:\/\/www.infobae.com\/new-resizer\/dOkLs65NF0JCwVuzCUNfC-kkADc=\/420x236\/filters:format(webp):quality(85)\/cloudfront-us-east-1.images.arcpublishing.com\/infobae\/Q7OQLDLESJANVJKDQB2ACZZYPE.jpg 420w,https:\/\/www.infobae.com\/new-resizer\/mPllg0eksoN3f3ou3hG-UDtS3os=\/768x432\/filters:format(webp):quality(85)\/cloudfront-us-east-1.images.arcpublishing.com\/infobae\/Q7OQLDLESJANVJKDQB2ACZZYPE.jpg 768w,https:\/\/www.infobae.com\/new-resizer\/psgahtdPJkMifoyaSnpe4T_tZjQ=\/992x558\/filters:format(webp):quality(85)\/cloudfront-us-east-1.images.arcpublishing.com\/infobae\/Q7OQLDLESJANVJKDQB2ACZZYPE.jpg 992w,https:\/\/www.infobae.com\/new-resizer\/lOeQiMYzJUuiz9B3TQI8twM47io=\/1200x675\/filters:format(webp):quality(85)\/cloudfront-us-east-1.images.arcpublishing.com\/infobae\/Q7OQLDLESJANVJKDQB2ACZZYPE.jpg 1200w,https:\/\/www.infobae.com\/new-resizer\/MSBVUbBOpaq4xT_Bn3BP4MPHXzU=\/1440x810\/filters:format(webp):quality(85)\/cloudfront-us-east-1.images.arcpublishing.com\/infobae\/Q7OQLDLESJANVJKDQB2ACZZYPE.jpg 1440w\" title=\"Complicaci\u00f3n diplom\u00e1tica para Milei: el Senado no aprobar\u00e1 en enero los pliegos de los embajadores designados en Estados Unidos, Francia, Israel y Brasil\">Javier Milei, Karina Milei, Santiago Caputo, Luis Caputo, Gerardo Werthein y Nicol\u00e1s Posse tras su reuni\u00f3n con Jake Sullivan, consejero de Seguridad Nacional de la Casa Blanca<\/p>\n\n\n\n<p class=\"wp-block-paragraph\">Hasta anoche, los pliegos de los siete embajadores pol\u00edticos&nbsp;<strong>no hab\u00edan sido remitidos&nbsp;<\/strong>desde el Palacio San Mart\u00edn al despacho presidencial para su firma. Y desde all\u00ed deben partir hasta la Mesa de Entradas de la C\u00e1mara de Senadores. Como esta semana no habr\u00e1 plenario en el recinto, ya no importa qu\u00e9 d\u00eda los pliegos ingresar\u00e1n por la calle Yrigoyen.<\/p>\n\n\n\n<p class=\"wp-block-paragraph\">Entonces, si hay sesi\u00f3n el 18 de enero,&nbsp;<strong>la C\u00e1mara Alta deber\u00eda aceptar<\/strong>&nbsp;el ingreso de los pliegos de Gerardo&nbsp;<strong>Werthein<\/strong>&nbsp;(Estados Unidos), Daniel<strong>&nbsp;Scioli&nbsp;<\/strong>(Brasil),&nbsp;<strong>Ian Sielecki<\/strong>&nbsp;(Francia), Mariano<strong>&nbsp;Caucino<\/strong>&nbsp;(India), Shimon Axel&nbsp;<strong>Wahnish<\/strong>&nbsp;(Israel), Guillermo&nbsp;<strong>Nielsen<\/strong>&nbsp;(Paraguay) y Sonia&nbsp;<strong>Cavallo Runde<\/strong>&nbsp;(OEA).<\/p>\n\n\n\n<p class=\"wp-block-paragraph\">Y una semana m\u00e1s tarde, 25 de enero, la Comisi\u00f3n de Acuerdos citar\u00eda a una audiencia p\u00fablica para tratar los pliegos de los embajadores Art\u00edculo 5. La Canciller\u00eda cree que habr\u00e1 dictamen a favor,&nbsp;<strong>pese a la resistencia<\/strong>&nbsp;que ofrecer\u00e1 -en ciertas designaciones- la bancada kirchnerista.<a href=\"https:\/\/www.infobae.com\/politica\/2024\/01\/03\/diana-mondino-dialogo-con-familiares-de-los-rehenes-secuestrados-por-hamas-y-ratifico-el-compromiso-del-gobierno-para-lograr-su-libertad\/\" rel=\"noreferrer noopener\" target=\"_blank\">Te puede interesar:<strong>Diana Mondino dialog\u00f3 con familiares de los rehenes secuestrados por Hamas y ratific\u00f3 el compromiso del Gobierno para lograr su libertad<\/strong><\/a><\/p>\n\n\n\n<p class=\"wp-block-paragraph\">Las Extraordinarias concluyen el 31 de enero y el plazo legal de una semana -entre la audiencia y la sesi\u00f3n plenaria para tratar los pliegos- se cumple el primero de febrero. Es decir:&nbsp;<strong>si Milei no prorroga las sesiones extraordinarias,<\/strong>&nbsp;los siete futuros embajadores&nbsp;<strong>reci\u00e9n podr\u00e1n volar&nbsp;<\/strong>a sus destinos a mediados de marzo.<\/p>\n\n\n\n<p class=\"wp-block-paragraph\">Por ahora,&nbsp;<strong>el presidente decidi\u00f3 no extender las Extraordinarias.<\/strong>&nbsp;Y no hay prevista una hoja de ruta con la oposici\u00f3n para lograr un acuerdo pol\u00edtico que permita tratar los siete pliegos antes que concluya enero.<img loading=\"lazy\" decoding=\"async\" alt=\"Diana Mondino flanqueada por Ian Sielecki (izquierda), futuro embajador en Francia, y Emmanuel Bonne, consejero diplom\u00e1tico de Emmanuel Macron\" height=\"1565\" width=\"1600\" src=\"https:\/\/www.infobae.com\/new-resizer\/EX2ZmiDQRk3RnZciIRgcuf7cZGE=\/420x420\/filters:format(webp):quality(85)\/cloudfront-us-east-1.images.arcpublishing.com\/infobae\/YJBRQ3V3MRGS7KAO4LPJHO2OHI.jpeg%20420w\" srcset=\"https:\/\/www.infobae.com\/new-resizer\/EX2ZmiDQRk3RnZciIRgcuf7cZGE=\/420x420\/filters:format(webp):quality(85)\/cloudfront-us-east-1.images.arcpublishing.com\/infobae\/YJBRQ3V3MRGS7KAO4LPJHO2OHI.jpeg 420w,https:\/\/www.infobae.com\/new-resizer\/GuoJ_XIL9z1gVrS2jeZwz_jTGqw=\/768x768\/filters:format(webp):quality(85)\/cloudfront-us-east-1.images.arcpublishing.com\/infobae\/YJBRQ3V3MRGS7KAO4LPJHO2OHI.jpeg 768w,https:\/\/www.infobae.com\/new-resizer\/uTGp9WQQq-IWogXqYoKdAt4Ogbg=\/992x992\/filters:format(webp):quality(85)\/cloudfront-us-east-1.images.arcpublishing.com\/infobae\/YJBRQ3V3MRGS7KAO4LPJHO2OHI.jpeg 992w,https:\/\/www.infobae.com\/new-resizer\/PB2cHZfhCOTTfoMvDXIu6a2w_fA=\/1200x1200\/filters:format(webp):quality(85)\/cloudfront-us-east-1.images.arcpublishing.com\/infobae\/YJBRQ3V3MRGS7KAO4LPJHO2OHI.jpeg 1200w,https:\/\/www.infobae.com\/new-resizer\/k3VZ5yGs_nWq5LFdQA_gSDtawzI=\/1440x1440\/filters:format(webp):quality(85)\/cloudfront-us-east-1.images.arcpublishing.com\/infobae\/YJBRQ3V3MRGS7KAO4LPJHO2OHI.jpeg 1440w\" title=\"Complicaci\u00f3n diplom\u00e1tica para Milei: el Senado no aprobar\u00e1 en enero los pliegos de los embajadores designados en Estados Unidos, Francia, Israel y Brasil\">Diana Mondino flanqueada por Ian Sielecki (izquierda), futuro embajador en Francia, y Emmanuel Bonne, consejero diplom\u00e1tico de Emmanuel Macron<\/p>\n\n\n\n<p class=\"wp-block-paragraph\">Las complicaciones para nombrar embajadores en Estados Unidos, Francia e Israel -por citar tres casos importantes-,&nbsp;<strong>corren en paralelo con la ausencia de designaciones diplom\u00e1ticas<\/strong>&nbsp;en Uruguay, Rusia, Italia, Espa\u00f1a, Reino Unido, Colombia, M\u00e9xico y el Vaticano.<\/p>\n\n\n\n<p class=\"wp-block-paragraph\"><strong>Mondino cavila los nombramientos&nbsp;<\/strong>y a\u00fan no tiene una lista definitiva. La demora preocupa en el Palacio San Martin y multiplica las operaciones pol\u00edticas para coronar a los embajadores en los puestos vacantes. Cada pa\u00eds o estado tiene -al menos- dos candidatos y la canciller se toma su tiempo para definir.<\/p>\n\n\n\n<p class=\"wp-block-paragraph\">Se trata de embajadas importantes y en los gobiernos de destino se preguntan&nbsp;<strong>si es fr\u00edo diplom\u00e1tico<\/strong>&nbsp;o cierta impericia pol\u00edtica.<\/p>\n\n\n\n<p class=\"wp-block-paragraph\">Luis Lacalle Pou est\u00e1 irritado con Javier Milei; en Santa Marta no entienden la dilaci\u00f3n para designar embajador y nombrar al secretario de Culto; Pedro S\u00e1nchez exhibe diferencias ideol\u00f3gicas con el presidente, pero necesita un interlocutor con la Casa Rosada, y en Roma aguardan con expectativa al futuro representante argentino ante el Palacio Chigi.<\/p>\n\n\n\n<p class=\"wp-block-paragraph\">Dos claves de funcionamiento permiten explicar la demora del Ministerio de Relaciones Exteriores:&nbsp;<strong>se intenta bajar costos operativos<\/strong>, y eso implica buscar diplom\u00e1ticos que est\u00e1n cerca de su pr\u00f3ximo destino, una decisi\u00f3n in\u00e9dita que limita la elecci\u00f3n de candidatos. Un<em>&nbsp;diplo<\/em>&nbsp;cerca no gasta en mudanza.<\/p>\n\n\n\n<p class=\"wp-block-paragraph\">Y en paralelo,\u00a0<strong>Mondino no te: <\/strong>\u00a0designar a muchos embajadores Art\u00edculo 5.<\/p>\n\n\n\n<p class=\"wp-block-paragraph\"><strong>Esta peculiar mirada de la canciller\u00a0<\/strong>achica la n\u00f3mina de posibles representantes en el exterior. En Italia, Espa\u00f1a, Uruguay, Colombia, M\u00e9xico se han nombrado a exgobernadores, exdiputados, expresos pol\u00edticos, exjueces de la Corte Suprema y exministros, y en ning\u00fan caso se complicaron las relaciones bilaterales o se afect\u00f3 el intercambio comercial.<\/p>\n\n\n\n<p class=\"wp-block-paragraph\">Fuente: <a href=\"https:\/\/www.infobae.com\/?noredirect\">Infobae.com<\/a><\/p>","protected":false},"excerpt":{"rendered":"<p>La d\u00e9bil estrategia parlamentaria del gobierno&nbsp;y las disposiciones reglamentarias de la C\u00e1mara de Senadores encallaron los pliegos de los embajadores pol\u00edticos que design\u00f3 Javier Milei para Estados Unidos, Francia, Brasil, Israel, Paraguay, India y la Organizaci\u00f3n de Estados Americanos (OEA). A su vez, la Canciller\u00eda a\u00fan defini\u00f3 a los representantes que ocupar\u00e1n las sedes diplom\u00e1ticas [&hellip;]<\/p>\n","protected":false},"author":9,"featured_media":0,"comment_status":"open","ping_status":"open","sticky":false,"template":"","format":"standard","meta":{"site-sidebar-layout":"default","site-content-layout":"","ast-site-content-layout":"default","site-content-style":"default","site-sidebar-style":"default","ast-global-header-display":"","ast-banner-title-visibility":"","ast-main-header-display":"","ast-hfb-above-header-display":"","ast-hfb-below-header-display":"","ast-hfb-mobile-header-display":"","site-post-title":"","ast-breadcrumbs-content":"","ast-featured-img":"","footer-sml-layout":"","ast-disable-related-posts":"","theme-transparent-header-meta":"","adv-header-id-meta":"","stick-header-meta":"","header-above-stick-meta":"","header-main-stick-meta":"","header-below-stick-meta":"","astra-migrate-meta-layouts":"default","ast-page-background-enabled":"default","ast-page-background-meta":{"desktop":{"background-color":"","background-image":"","background-repeat":"repeat","background-position":"center center","background-size":"auto","background-attachment":"scroll","background-type":"","background-media":"","overlay-type":"","overlay-color":"","overlay-opacity":"","overlay-gradient":""},"tablet":{"background-color":"","background-image":"","background-repeat":"repeat","background-position":"center center","background-size":"auto","background-attachment":"scroll","background-type":"","background-media":"","overlay-type":"","overlay-color":"","overlay-opacity":"","overlay-gradient":""},"mobile":{"background-color":"","background-image":"","background-repeat":"repeat","background-position":"center center","background-size":"auto","background-attachment":"scroll","background-type":"","background-media":"","overlay-type":"","overlay-color":"","overlay-opacity":"","overlay-gradient":""}},"ast-content-background-meta":{"desktop":{"background-color":"var(--ast-global-color-5)","background-image":"","background-repeat":"repeat","background-position":"center center","background-size":"auto","background-attachment":"scroll","background-type":"","background-media":"","overlay-type":"","overlay-color":"","overlay-opacity":"","overlay-gradient":""},"tablet":{"background-color":"var(--ast-global-color-5)","background-image":"","background-repeat":"repeat","background-position":"center center","background-size":"auto","background-attachment":"scroll","background-type":"","background-media":"","overlay-type":"","overlay-color":"","overlay-opacity":"","overlay-gradient":""},"mobile":{"background-color":"var(--ast-global-color-5)","background-image":"","background-repeat":"repeat","background-position":"center center","background-size":"auto","background-attachment":"scroll","background-type":"","background-media":"","overlay-type":"","overlay-color":"","overlay-opacity":"","overlay-gradient":""}},"footnotes":""},"categories":[2],"tags":[],"class_list":["post-94451","post","type-post","status-publish","format-standard","hentry","category-politica"],"spectra_blocks_featured_image_url":null,"spectra_blocks_author_info":{"display_name":"Jorge Alfredo Baret","avatar_url":"https:\/\/secure.gravatar.com\/avatar\/31696f5ca83439b642450ec7d3f82f98451a5efacb414343d5478c982b337f26?s=96&d=mm&r=g","author_link":"https:\/\/100xd.com.ar\/en\/author\/jorge\/","description":"Ingeniero Qu\u00edmico UTN - Director Apoderado de Comunicaciones Auditadas SA. Editor Responsable 100xd.com.ar."},"_links":{"self":[{"href":"https:\/\/100xd.com.ar\/en\/wp-json\/wp\/v2\/posts\/94451","targetHints":{"allow":["GET"]}}],"collection":[{"href":"https:\/\/100xd.com.ar\/en\/wp-json\/wp\/v2\/posts"}],"about":[{"href":"https:\/\/100xd.com.ar\/en\/wp-json\/wp\/v2\/types\/post"}],"author":[{"embeddable":true,"href":"https:\/\/100xd.com.ar\/en\/wp-json\/wp\/v2\/users\/9"}],"replies":[{"embeddable":true,"href":"https:\/\/100xd.com.ar\/en\/wp-json\/wp\/v2\/comments?post=94451"}],"version-history":[{"count":1,"href":"https:\/\/100xd.com.ar\/en\/wp-json\/wp\/v2\/posts\/94451\/revisions"}],"predecessor-version":[{"id":94453,"href":"https:\/\/100xd.com.ar\/en\/wp-json\/wp\/v2\/posts\/94451\/revisions\/94453"}],"wp:attachment":[{"href":"https:\/\/100xd.com.ar\/en\/wp-json\/wp\/v2\/media?parent=94451"}],"wp:term":[{"taxonomy":"category","embeddable":true,"href":"https:\/\/100xd.com.ar\/en\/wp-json\/wp\/v2\/categories?post=94451"},{"taxonomy":"post_tag","embeddable":true,"href":"https:\/\/100xd.com.ar\/en\/wp-json\/wp\/v2\/tags?post=94451"}],"curies":[{"name":"wp","href":"https:\/\/api.w.org\/{rel}","templated":true}]}}