{"id":93507,"date":"2023-12-22T10:47:56","date_gmt":"2023-12-22T13:47:56","guid":{"rendered":"https:\/\/100xd.com.ar\/?p=93507"},"modified":"2023-12-22T11:40:02","modified_gmt":"2023-12-22T14:40:02","slug":"la-cgt-convoco-de-urgencia-a-sus-principales-directivos-para-debatir-un-plan-de-lucha-para-rechazar-el-megadecreto-de-javier-milei-que-modifico-entre-numerosas-cuestione","status":"publish","type":"post","link":"https:\/\/100xd.com.ar\/en\/la-cgt-convoco-de-urgencia-a-sus-principales-directivos-para-debatir-un-plan-de-lucha-para-rechazar-el-megadecreto-de-javier-milei-que-modifico-entre-numerosas-cuestione\/","title":{"rendered":"La CGT judicializar\u00e1 el decreto y se movilizar\u00e1 a Tribunales para reclamar que sea invalidado"},"content":{"rendered":"<p class=\"wp-block-paragraph\">\u201cEs un escenario antirrepublicano, antidemocr\u00e1tico, con quita de derechos laborales y sociales\u201d, dijo ayer&nbsp;<strong>H\u00e9ctor Daer<\/strong>, uno de los integrantes del triunvirato de mando de la central obrera.<a rel=\"noreferrer noopener\" href=\"https:\/\/www.lanacion.com.ar\/politica\/la-reforma-laboral-por-decreto-de-javier-milei-limites-al-derecho-a-huelga-cambios-en-las-nid21122023\/\" target=\"_blank\">LA REFORMA LABORAL POR DECRETO DE JAVIER MILEI: L\u00cdMITES AL DERECHO A HUELGA, CAMBIOS EN LAS INDEMNIZACIONES Y UN GOLPE A LA CAJA SINDICAL<\/a><\/p>\n\n\n\n<p class=\"wp-block-paragraph\">El encuentro de los sindicalistas comenz\u00f3 a las 18 en la sede la Uocra y termin\u00f3 casi 20.30. Particip\u00f3 el Consejo Directivo a pleno, con m\u00e1s de 50 dirigentes. La semana pasada, desde el mismo recinto, se defini\u00f3 un documento unificado con cr\u00edticas a las medidas de ajustes anunciadas por el ministro de Econom\u00eda,&nbsp;<strong>Luis Caputo<\/strong>.&nbsp;<mark>\u201cNo es la casta. Al ajuste lo paga el pueblo\u201d<\/mark>, fue el t\u00edtulo del mensaje.&nbsp;<strong>Por entonces, la decisi\u00f3n era mantener la prudencia y esperar que el Gobierno de sus primeros pasos. Todo cambi\u00f3 con el DNU<\/strong>, que no solo reforma ampliamente la legislaci\u00f3n laboral sino que tambi\u00e9n golpea directamente a los sindicatos en lo relativo a su&nbsp;<mark>recaudaci\u00f3n y poder.<\/mark><\/p>\n\n\n\n<p class=\"wp-block-paragraph\">Chocaron dos posturas este jueves en el debate sindical. Por un lado, los gremios m\u00e1s dialoguistas, encabezados por el sector de \u201clos Gordos\u201d y los autodenominados \u201cindependientes\u201d, sugirieron conservar la cautela a la espera que el Congreso o la Justicia se manifiesten sobre el megadecreto. El otro posicionamiento lo encarnaron los sindicatos m\u00e1s alineados con el kirchnerismo, que presionaron por una medida de fuerza para la semana pr\u00f3xima, despu\u00e9s de la Navidad.&nbsp;<strong>Pablo Moyano<\/strong>, uno de los tres jefes de la CGT y n\u00famero dos de los camioneros, fue el que primero movi\u00f3 la ficha para activar una movilizaci\u00f3n. Nadie por ahora agit\u00f3 la idea de la huelga general, aunque Daer, unas horas antes, hab\u00eda dicho que \u201chay clima de paro\u201d.<\/p>\n\n\n\n<p class=\"wp-block-paragraph\">393<em><\/em><em><\/em><em><\/em><em><\/em><em><\/em><em><\/em>ESCUCHAR<\/p>\n\n\n\n<p class=\"wp-block-paragraph\">La&nbsp;<strong>CGT&nbsp;<\/strong>convoc\u00f3 de&nbsp;<strong>urgencia<\/strong>&nbsp;a sus principales directivos para debatir un plan de lucha para<strong>&nbsp;rechazar el megadecreto de Javier Milei<\/strong>&nbsp;que modific\u00f3, entre numerosas cuestiones,&nbsp;<a href=\"https:\/\/www.lanacion.com.ar\/politica\/la-reforma-laboral-por-decreto-de-javier-milei-limites-al-derecho-a-huelga-cambios-en-las-nid21122023\/\">la legislaci\u00f3n laboral y el sistema de salud<\/a>. Despu\u00e9s de m\u00e1s de dos horas de deliberaciones, la central obrera peronista resolvi\u00f3 movilizarse el mi\u00e9rcoles pr\u00f3ximo a los Tribunales de Plaza Lavalle, donde est\u00e1 la Corte Suprema, para reclamar la derogaci\u00f3n del DNU. Ese mismo d\u00eda, los sindicalistas har\u00e1n efectivas sus presentaciones judiciales y amparos contra las medidas que impuls\u00f3 el Gobierno. El jueves 28, en tanto, se volver\u00e1n a reunir para evaluar otra acci\u00f3n conjunta, que no se descarta que sea avanzar hacia un paro general.<\/p>\n\n\n\n<p class=\"wp-block-paragraph\">\u201cEs un escenario antirrepublicano, antidemocr\u00e1tico, con quita de derechos laborales y sociales\u201d, dijo ayer&nbsp;<strong>H\u00e9ctor Daer<\/strong>, uno de los integrantes del triunvirato de mando de la central obrera.<a href=\"https:\/\/www.lanacion.com.ar\/politica\/la-reforma-laboral-por-decreto-de-javier-milei-limites-al-derecho-a-huelga-cambios-en-las-nid21122023\/\" target=\"_blank\" rel=\"noreferrer noopener\"><em><\/em>LA REFORMA LABORAL POR DECRETO DE JAVIER MILEI: L\u00cdMITES AL DERECHO A HUELGA, CAMBIOS EN LAS INDEMNIZACIONES Y UN GOLPE A LA CAJA SINDICAL<\/a><\/p>\n\n\n\n<p class=\"wp-block-paragraph\">El encuentro de los sindicalistas comenz\u00f3 a las 18 en la sede la Uocra y termin\u00f3 casi 20.30. Particip\u00f3 el Consejo Directivo a pleno, con m\u00e1s de 50 dirigentes. La semana pasada, desde el mismo recinto, se defini\u00f3 un documento unificado con cr\u00edticas a las medidas de ajustes anunciadas por el ministro de Econom\u00eda,&nbsp;<strong>Luis Caputo<\/strong>.&nbsp;<mark>\u201cNo es la casta. Al ajuste lo paga el pueblo\u201d<\/mark>, fue el t\u00edtulo del mensaje.&nbsp;<strong>Por entonces, la decisi\u00f3n era mantener la prudencia y esperar que el Gobierno de sus primeros pasos. Todo cambi\u00f3 con el DNU<\/strong>, que no solo reforma ampliamente la legislaci\u00f3n laboral sino que tambi\u00e9n golpea directamente a los sindicatos en lo relativo a su&nbsp;<mark>recaudaci\u00f3n y poder.<\/mark><\/p>\n\n\n\n<p class=\"wp-block-paragraph\">Chocaron dos posturas este jueves en el debate sindical. Por un lado, los gremios m\u00e1s dialoguistas, encabezados por el sector de \u201clos Gordos\u201d y los autodenominados \u201cindependientes\u201d, sugirieron conservar la cautela a la espera que el Congreso o la Justicia se manifiesten sobre el megadecreto. El otro posicionamiento lo encarnaron los sindicatos m\u00e1s alineados con el kirchnerismo, que presionaron por una medida de fuerza para la semana pr\u00f3xima, despu\u00e9s de la Navidad.&nbsp;<strong>Pablo Moyano<\/strong>, uno de los tres jefes de la CGT y n\u00famero dos de los camioneros, fue el que primero movi\u00f3 la ficha para activar una movilizaci\u00f3n. Nadie por ahora agit\u00f3 la idea de la huelga general, aunque Daer, unas horas antes, hab\u00eda dicho que \u201chay clima de paro\u201d.<\/p>\n\n\n\n<p class=\"wp-block-paragraph\">\u201cLa postura mayoritaria sigue siendo la de mantener la prudencia y esperar la reacci\u00f3n del Congreso y la Justicia\u201d, dijo un jer\u00e1rquico de la CGT a&nbsp;<strong>LA NACION&nbsp;<\/strong>que cruz\u00f3 mensajes y conversaciones con legisladores del peronismo y Juntos por el Cambio para tantear la suerte que podr\u00eda tener el DNU en el Parlamento. En cuanto a la estrategia judicial, los sindicatos se est\u00e1n asesorando con el constitucionalista&nbsp;<strong>Alberto Garc\u00eda Lema<\/strong>, vinculado al peronismo, para evaluar los pasos a seguir.&nbsp;<strong>En la CGT son optimistas de poder frenar en la Justicia las reformas&nbsp;<\/strong>que afectan directamente su recaudaci\u00f3n. \u201cVamos a revertir lo de las obras sociales, eso casi seguro\u201d, se confi\u00f3 un dirigente.<\/p>\n\n\n\n<p class=\"wp-block-paragraph\">\u201cEl Presidente nos peg\u00f3 una trompada de callado, le tenemos que devolver con dos golpes: movilizaci\u00f3n el mi\u00e9rcoles y paro al d\u00eda siguiente\u201d, propuso el ferroviario&nbsp;<strong>Omar Maturano<\/strong>&nbsp;en la reuni\u00f3n de consejo directivo. Su propuesta qued\u00f3 neutralizada por el sector m\u00e1s moderado, que aval\u00f3 una marcha a los Tribunales, pero sugiri\u00f3 esperar qu\u00e9 coletazos tendr\u00e1 el decreto en la Justicia y en el Congreso antes de activar una huelga.<\/p>\n\n\n\n<p class=\"wp-block-paragraph\">\u201cTenemos que analizar si no estamos enfrente de una provocaci\u00f3n. Debemos exigir que se retrotraiga el DNU en t\u00e9rminos pol\u00edticos y tambi\u00e9n lo haremos judicialmente. No puede hacer lo que hizo, es&nbsp;<mark>autoritario y anticonstitucional<\/mark>\u201d, dijo Daer, en Radio 10.<\/p>\n\n\n\n<p class=\"wp-block-paragraph\">Antes del encuentro de la Uocra, desde la CGT se comunicaron con el ministro del Interior,&nbsp;<strong>Guillermo Francos<\/strong>, para expresarle el malestar por las medidas. El funcionario se comprometi\u00f3 a recibir a algunos directivos sindicales, pero a \u00faltimo momento cancel\u00f3 la reuni\u00f3n, que hubiera sido la primera formal y cara a cara entre los cegetistas y los libertarios. \u201cCon el Gobierno se conversa, pero no se negocia. Ellos no quieren negociar. Qued\u00f3 claro con este DNU, que lo definieron entre Milei y su hermana\u201d, dijo sorprendido y disgustado uno de los cerebros legales de la CGT. El enfrentamiento est\u00e1 abierto<\/p>\n\n\n\n<p class=\"wp-block-paragraph\">Fuente: <a href=\"https:\/\/www.lanacion.com.ar\/\">La Naci\u00f3n<\/a><\/p>","protected":false},"excerpt":{"rendered":"<p>\u201cEs un escenario antirrepublicano, antidemocr\u00e1tico, con quita de derechos laborales y sociales\u201d, dijo ayer&nbsp;H\u00e9ctor Daer, uno de los integrantes del triunvirato de mando de la central obrera.LA REFORMA LABORAL POR DECRETO DE JAVIER MILEI: L\u00cdMITES AL DERECHO A HUELGA, CAMBIOS EN LAS INDEMNIZACIONES Y UN GOLPE A LA CAJA SINDICAL El encuentro de los sindicalistas [&hellip;]<\/p>\n","protected":false},"author":9,"featured_media":0,"comment_status":"open","ping_status":"open","sticky":false,"template":"","format":"standard","meta":{"site-sidebar-layout":"default","site-content-layout":"","ast-site-content-layout":"default","site-content-style":"default","site-sidebar-style":"default","ast-global-header-display":"","ast-banner-title-visibility":"","ast-main-header-display":"","ast-hfb-above-header-display":"","ast-hfb-below-header-display":"","ast-hfb-mobile-header-display":"","site-post-title":"","ast-breadcrumbs-content":"","ast-featured-img":"","footer-sml-layout":"","ast-disable-related-posts":"","theme-transparent-header-meta":"","adv-header-id-meta":"","stick-header-meta":"","header-above-stick-meta":"","header-main-stick-meta":"","header-below-stick-meta":"","astra-migrate-meta-layouts":"default","ast-page-background-enabled":"default","ast-page-background-meta":{"desktop":{"background-color":"","background-image":"","background-repeat":"repeat","background-position":"center center","background-size":"auto","background-attachment":"scroll","background-type":"","background-media":"","overlay-type":"","overlay-color":"","overlay-opacity":"","overlay-gradient":""},"tablet":{"background-color":"","background-image":"","background-repeat":"repeat","background-position":"center center","background-size":"auto","background-attachment":"scroll","background-type":"","background-media":"","overlay-type":"","overlay-color":"","overlay-opacity":"","overlay-gradient":""},"mobile":{"background-color":"","background-image":"","background-repeat":"repeat","background-position":"center center","background-size":"auto","background-attachment":"scroll","background-type":"","background-media":"","overlay-type":"","overlay-color":"","overlay-opacity":"","overlay-gradient":""}},"ast-content-background-meta":{"desktop":{"background-color":"var(--ast-global-color-5)","background-image":"","background-repeat":"repeat","background-position":"center center","background-size":"auto","background-attachment":"scroll","background-type":"","background-media":"","overlay-type":"","overlay-color":"","overlay-opacity":"","overlay-gradient":""},"tablet":{"background-color":"var(--ast-global-color-5)","background-image":"","background-repeat":"repeat","background-position":"center center","background-size":"auto","background-attachment":"scroll","background-type":"","background-media":"","overlay-type":"","overlay-color":"","overlay-opacity":"","overlay-gradient":""},"mobile":{"background-color":"var(--ast-global-color-5)","background-image":"","background-repeat":"repeat","background-position":"center center","background-size":"auto","background-attachment":"scroll","background-type":"","background-media":"","overlay-type":"","overlay-color":"","overlay-opacity":"","overlay-gradient":""}},"footnotes":""},"categories":[25],"tags":[],"class_list":["post-93507","post","type-post","status-publish","format-standard","hentry","category-destacado"],"spectra_blocks_featured_image_url":null,"spectra_blocks_author_info":{"display_name":"Jorge Alfredo Baret","avatar_url":"https:\/\/secure.gravatar.com\/avatar\/31696f5ca83439b642450ec7d3f82f98451a5efacb414343d5478c982b337f26?s=96&d=mm&r=g","author_link":"https:\/\/100xd.com.ar\/en\/author\/jorge\/","description":"Ingeniero Qu\u00edmico UTN - Director Apoderado de Comunicaciones Auditadas SA. Editor Responsable 100xd.com.ar."},"_links":{"self":[{"href":"https:\/\/100xd.com.ar\/en\/wp-json\/wp\/v2\/posts\/93507","targetHints":{"allow":["GET"]}}],"collection":[{"href":"https:\/\/100xd.com.ar\/en\/wp-json\/wp\/v2\/posts"}],"about":[{"href":"https:\/\/100xd.com.ar\/en\/wp-json\/wp\/v2\/types\/post"}],"author":[{"embeddable":true,"href":"https:\/\/100xd.com.ar\/en\/wp-json\/wp\/v2\/users\/9"}],"replies":[{"embeddable":true,"href":"https:\/\/100xd.com.ar\/en\/wp-json\/wp\/v2\/comments?post=93507"}],"version-history":[{"count":4,"href":"https:\/\/100xd.com.ar\/en\/wp-json\/wp\/v2\/posts\/93507\/revisions"}],"predecessor-version":[{"id":93519,"href":"https:\/\/100xd.com.ar\/en\/wp-json\/wp\/v2\/posts\/93507\/revisions\/93519"}],"wp:attachment":[{"href":"https:\/\/100xd.com.ar\/en\/wp-json\/wp\/v2\/media?parent=93507"}],"wp:term":[{"taxonomy":"category","embeddable":true,"href":"https:\/\/100xd.com.ar\/en\/wp-json\/wp\/v2\/categories?post=93507"},{"taxonomy":"post_tag","embeddable":true,"href":"https:\/\/100xd.com.ar\/en\/wp-json\/wp\/v2\/tags?post=93507"}],"curies":[{"name":"wp","href":"https:\/\/api.w.org\/{rel}","templated":true}]}}