{"id":93300,"date":"2023-12-18T11:20:44","date_gmt":"2023-12-18T14:20:44","guid":{"rendered":"https:\/\/100xd.com.ar\/?p=93300"},"modified":"2023-12-18T11:20:44","modified_gmt":"2023-12-18T14:20:44","slug":"javier-y-victoria-el-ultimo-capitulo-de-la-tension-entre-presidente-y-vice","status":"publish","type":"post","link":"https:\/\/100xd.com.ar\/en\/javier-y-victoria-el-ultimo-capitulo-de-la-tension-entre-presidente-y-vice\/","title":{"rendered":"Javier y Victoria, el \u00faltimo cap\u00edtulo de la tensi\u00f3n entre presidente y vice"},"content":{"rendered":"<p class=\"wp-block-paragraph\"><strong>La tensi\u00f3n parece ser el estado natural de los presidentes y sus vices.<\/strong>&nbsp;Ser\u00e1 porque es dif\u00edcil convivir pac\u00edficamente con alguien que ocupar\u00e1 tu lugar si te mueres o descubren que est\u00e1s incapacitado para ejercer el cargo m\u00e1s importante de la Argentina. La historia reciente est\u00e1 superpoblada de ejemplos.<\/p>\n\n\n\n<p class=\"wp-block-paragraph\">Hubo tensi\u00f3n entre&nbsp;<strong>Ra\u00fal Alfons\u00edn y V\u00edctor Mart\u00ednez.&nbsp;<\/strong>Del mismo modo que la hubo entre&nbsp;<strong>Carlos Menem y Eduardo Duhalde, o Carlos Ruckauf. Fernando De la R\u00faa<\/strong>&nbsp;muri\u00f3 convencido de que&nbsp;<strong>Chacho Alvarez&nbsp;<\/strong>quiso traicionarlo cuando renunci\u00f3.&nbsp;<strong>N\u00e9stor Kirchner degrad\u00f3 a Daniel Scioli<\/strong>, mientras que&nbsp;<strong>Cristina Kirchner borr\u00f3 del mapa institucional a Julio Cobos&nbsp;<\/strong>cuando el mendocino vot\u00f3 en contra de la ley 125 en la mayor crisis de su gobierno.PUBLICIDAD<\/p>\n\n\n\n<p class=\"wp-block-paragraph\">En octubre de 2022,&nbsp;<strong>Javier Milei asisti\u00f3 al festival pol\u00edtico que organiz\u00f3 Vox<\/strong>, el partido de la derecha extrema de Espa\u00f1a que fue el primero en cobijar a quien hoy es el presidente argentino.<\/p>\n\n\n\n<p class=\"wp-block-paragraph\">Se sabe que Milei asisti\u00f3 al festival junto a su hermana, Karina, y que grit\u00f3 enloqueciendo a esas tribunas que no lo conoc\u00edan \u201c<strong>los pol\u00edticos no son Dios\u201d.<\/strong>&nbsp;Lo que pocos saben es que unos d\u00edas antes los organizadores del encuentro hab\u00edan recibido un llamado desde la Argentina. \u201c<strong>Ustedes est\u00e1n equivocados porque la que est\u00e1 m\u00e1s cerca ideol\u00f3gicamente de Vox soy yo; y me tendr\u00edan que haber invitado a m\u00ed, no a Javier que es un libertario\u2026\u201d.<\/strong>https:\/\/1a457c8f09802e3a02d6bac0dbeef10d.safeframe.googlesyndication.com\/safeframe\/1-0-40\/html\/container.html<\/p>\n\n\n\n<p class=\"wp-block-paragraph\">La persona que les hac\u00eda el reproche a los dirigentes de Vox&nbsp;<strong>era la diputada Victoria Villarruel.<\/strong>&nbsp;Y no lo plante\u00f3 como pelea con Milei, sino como una aclaraci\u00f3n en cuanto a las caracter\u00edsticas de uno y otro dirigente. No le faltaba raz\u00f3n a Victoria,&nbsp;<strong>m\u00e1s conservadora, m\u00e1s identitaria y m\u00e1s cercana a los militares, como es el rasgo distintivo de Vox.&nbsp;<\/strong>Pero el gesto no dej\u00f3 de llamarles la atenci\u00f3n a esos espa\u00f1oles r\u00edgidos que ya ve\u00edan en Milei a una figura que pod\u00eda revolucionar el fen\u00f3meno de las derechas populistas.<\/p>\n\n\n\n<p class=\"wp-block-paragraph\">Desde el momento en que empez\u00f3 a percibirse que Milei pod\u00eda llegar a la presidencia,&nbsp;<strong>la relaci\u00f3n con Victoria Villarruel ingres\u00f3 en una atm\u00f3sfera enrarecida.&nbsp;<\/strong>En la interna de La Libertad Avanza aparecieron los primeros ruidos cuando algunos dijeron que&nbsp;<strong>Victoria hab\u00eda tenido un mejor desempe\u00f1o que Javier en el debate de vicepresidentes<\/strong>, destrozando al kirchnerista Agust\u00edn Rossi. No pas\u00f3 de all\u00ed y ellos siguieron sonrientes en la campa\u00f1a.<img loading=\"lazy\" decoding=\"async\" alt=\"Javier Milei, junto con el l\u00edder de VOX y referente de la ultraderecha espa\u00f1ola, Santiago Abascal\" height=\"1365\" width=\"2048\" src=\"https:\/\/www.infobae.com\/new-resizer\/JRdB_OeoZ2XpRdmcIn1kraJfvMI=\/420x280\/filters:format(webp):quality(85)\/cloudfront-us-east-1.images.arcpublishing.com\/infobae\/D4UYIMZLCFAD5HYPCO5RZDDHGM.jpg%20420w\" srcset=\"https:\/\/www.infobae.com\/new-resizer\/JRdB_OeoZ2XpRdmcIn1kraJfvMI=\/420x280\/filters:format(webp):quality(85)\/cloudfront-us-east-1.images.arcpublishing.com\/infobae\/D4UYIMZLCFAD5HYPCO5RZDDHGM.jpg 420w,https:\/\/www.infobae.com\/new-resizer\/qQYh7iW9pGfWcaAXybkJJuDchJM=\/768x512\/filters:format(webp):quality(85)\/cloudfront-us-east-1.images.arcpublishing.com\/infobae\/D4UYIMZLCFAD5HYPCO5RZDDHGM.jpg 768w,https:\/\/www.infobae.com\/new-resizer\/LybXn950N01w_5-j31x39k6guUw=\/992x661\/filters:format(webp):quality(85)\/cloudfront-us-east-1.images.arcpublishing.com\/infobae\/D4UYIMZLCFAD5HYPCO5RZDDHGM.jpg 992w,https:\/\/www.infobae.com\/new-resizer\/MjQDxGwmK9hg7cRr-vWvYRwNkX4=\/1200x800\/filters:format(webp):quality(85)\/cloudfront-us-east-1.images.arcpublishing.com\/infobae\/D4UYIMZLCFAD5HYPCO5RZDDHGM.jpg 1200w,https:\/\/www.infobae.com\/new-resizer\/E3KMgZegRZxpZ-PVM46XwSUfI_M=\/1440x960\/filters:format(webp):quality(85)\/cloudfront-us-east-1.images.arcpublishing.com\/infobae\/D4UYIMZLCFAD5HYPCO5RZDDHGM.jpg 1440w\" title=\"Javier y Victoria, el \u00faltimo cap\u00edtulo de la tensi\u00f3n entre presidente y vice\">Javier Milei, junto con el l\u00edder de VOX y referente de la ultraderecha espa\u00f1ola, Santiago Abascal<\/p>\n\n\n\n<p class=\"wp-block-paragraph\">Claro que la novela creci\u00f3 en intriga cuando, una vez consumado el triunfo de Milei-Villarruel en el ballotage,&nbsp;<strong>el presidente electo abandon\u00f3 la idea (siempre explicitada por \u00e9l) de cederle el control de las \u00e1reas de seguridad y defensa.&nbsp;<\/strong>La decisi\u00f3n de nombrar a Patricia Bullrich en el ministerio de Seguridad pero, sobre todo, la de cederle el \u00e1rea de Defensa al radical Luis Petri reinstalaron un cielo de oscuridad sobre el v\u00ednculo entre ellos.<\/p>\n\n\n\n<p class=\"wp-block-paragraph\">La asunci\u00f3n en el Gobierno de Javier y Victoria, transmitida en vivo en la mayor\u00eda de sus detalles, hizo que&nbsp;<strong>cada gesto del presidente y de la vicepresidenta quedaran bajo el an\u00e1lisis m\u00e1s minucioso.&nbsp;<\/strong>Si en la Asamblea Legislativa se hablaban, o si se miraban de costado, o si en el Teatro Col\u00f3n se los ve\u00eda m\u00e1s sonrientes o con el rictus de la preocupaci\u00f3n. Milei y Villarruel parec\u00edan en algunos momentos los protagonistas de un culebr\u00f3n latinoamericano. Cada uno con sus fan\u00e1ticos y sus detractores.<\/p>\n\n\n\n<p class=\"wp-block-paragraph\">Si alguna plataforma cinematogr\u00e1fica hubiera escrito el gui\u00f3n de la historia de Javier y Victoria, habr\u00eda utilizado para promover la pel\u00edcula la larga caminata que los dos dieron desde la Casa Rosada hasta la Catedral de Buenos Aires, adonde deb\u00edan escuchar los sermones del cardenal cat\u00f3lico y el rabino jud\u00edo que llevaron adelante la celebraci\u00f3n interreligiosa.&nbsp;<strong>Villarruel tomaba del brazo a un Milei que pretend\u00eda saludar a los simpatizantes<\/strong>&nbsp;que observaban desde detr\u00e1s de las vallas. A unos metros y con la mirada inquisidora sobre toda la situaci\u00f3n, Karina Milei controlaba que nadie se atreviera a escaparse de su papel.<\/p>\n\n\n\n<p class=\"wp-block-paragraph\">El fin de semana inaugural dio para todos los gustos de los analistas de intrigas palaciegas.<strong>&nbsp;Milei, en muy correcto ingl\u00e9s, present\u00e1ndole a su hermana al l\u00edder ucraniano Volodimir Zelenski. Villarruel saludando a la delegaci\u00f3n japonesa en su propio idioma.&nbsp;<\/strong>Victoria, al parecer, habla con fluidez el japon\u00e9s del mismo modo que lo hace con el ingl\u00e9s y el franc\u00e9s. No ser\u00eda un inconveniente la multiplicidad de lenguas, porque son muchos los interrogantes que crecen sobre el fen\u00f3meno libertario fronteras afuera.<\/p>\n\n\n\n<p class=\"wp-block-paragraph\">De todos modos,&nbsp;<strong>quienes apostaban a un veloz deterioro en la relaci\u00f3n entre Milei y Villarruel sufrieron una decepci\u00f3n el \u00faltimo martes.<\/strong>&nbsp;Sin la carga de los ministerios de Seguridad y de Defensa, la Vicepresidenta se concentr\u00f3 desde hac\u00eda varios d\u00edas en lograr que la presidencia provisional del Senado quedara para el puntano Bartolom\u00e9 Abdala, senador del partido del gobierno.<\/p>\n\n\n\n<p class=\"wp-block-paragraph\"><strong>Debi\u00f3 enfrentar la oposici\u00f3n de Cristina Kirchner,<\/strong>&nbsp;quien intent\u00f3 quedarse con ese cargo clave (el tercero en la escala de la sucesi\u00f3n presidencial), o en su defecto&nbsp;<strong>retener las secretar\u00edas m\u00e1s importantes de la C\u00e1mara Alta: la Parlamentaria, que controla el ritmo de las leyes en el Senado, y la Administrativa, la que controla la caja.<\/strong>&nbsp;Los fondos, el dinero en definitiva, que permanec\u00eda desde hac\u00eda dos d\u00e9cadas en manos del kirchnerismo.<\/p>\n\n\n\n<p class=\"wp-block-paragraph\">Villarruel, con la ayuda de los senadores de PRO, de la UCR, de los peronistas no K de Juan Schiaretti y de algunos provinciales sueltos como el salte\u00f1o Juan Carlos Romero,&nbsp;<strong>logr\u00f3 reunir el voto de 39 legisladores, dos m\u00e1s de los que necesitaba para poner en marcha el Senado y designar los cargos en juego.&nbsp;<\/strong>Todo fue construido desde la inmensa minor\u00eda de los 7 senadores que integran el bloque de La Libertad Avanza. \u201c<strong>Se\u00f1ores, hasta ac\u00e1 llegaron\u201d,<\/strong>&nbsp;fue la frase de Victoria con la que celebraron muchos, incluso varios dirigentes del peronismo con s\u00edndrome de Estocolmo.<img loading=\"lazy\" decoding=\"async\" alt=\"El 13 de diciembre fue que Victoria Villarruel presidio su primera sesi\u00f3n en el senado\" height=\"1104\" width=\"1656\" src=\"https:\/\/www.infobae.com\/new-resizer\/PRErUE36_lTuS2i14MmzPMwnLmY=\/420x280\/filters:format(webp):quality(85)\/cloudfront-us-east-1.images.arcpublishing.com\/infobae\/J2SOJ2XVUVHEZEC34TG7UBCXZA.jpg%20420w\" srcset=\"https:\/\/www.infobae.com\/new-resizer\/PRErUE36_lTuS2i14MmzPMwnLmY=\/420x280\/filters:format(webp):quality(85)\/cloudfront-us-east-1.images.arcpublishing.com\/infobae\/J2SOJ2XVUVHEZEC34TG7UBCXZA.jpg 420w,https:\/\/www.infobae.com\/new-resizer\/sihal_z2BKwqD4p84rqwUZFEnyI=\/768x512\/filters:format(webp):quality(85)\/cloudfront-us-east-1.images.arcpublishing.com\/infobae\/J2SOJ2XVUVHEZEC34TG7UBCXZA.jpg 768w,https:\/\/www.infobae.com\/new-resizer\/6PgplM-V531RZWPFfmW69RjNr_M=\/992x661\/filters:format(webp):quality(85)\/cloudfront-us-east-1.images.arcpublishing.com\/infobae\/J2SOJ2XVUVHEZEC34TG7UBCXZA.jpg 992w,https:\/\/www.infobae.com\/new-resizer\/j6SGNwYVrzCVY7Sa8agARyEJ2N4=\/1200x800\/filters:format(webp):quality(85)\/cloudfront-us-east-1.images.arcpublishing.com\/infobae\/J2SOJ2XVUVHEZEC34TG7UBCXZA.jpg 1200w,https:\/\/www.infobae.com\/new-resizer\/iB1jon7QMoHmLAiDN3ZNUmuFNc4=\/1440x960\/filters:format(webp):quality(85)\/cloudfront-us-east-1.images.arcpublishing.com\/infobae\/J2SOJ2XVUVHEZEC34TG7UBCXZA.jpg 1440w\" title=\"Javier y Victoria, el \u00faltimo cap\u00edtulo de la tensi\u00f3n entre presidente y vice\">El 13 de diciembre fue que Victoria Villarruel presidio su primera sesi\u00f3n en el senado<\/p>\n\n\n\n<p class=\"wp-block-paragraph\">Todos los habitantes del poder saben perfectamente que ser\u00e1 muy dif\u00edcil para Villarruel, lo mismo que para Mart\u00edn Menem en la C\u00e1mara de Diputados, sostener ese mismo n\u00famero mayoritario para poder votar las leyes del plan de ajuste de Milei. Pero&nbsp;<strong>la demostraci\u00f3n de poder que dio la Vicepresidenta en el Senado no pas\u00f3 desapercibida<\/strong>&nbsp;ni para el oficialismo ni para la oposici\u00f3n.<\/p>\n\n\n\n<p class=\"wp-block-paragraph\">\u201cQuiero felicitar al ministro Luis Caputo por el anuncio de las medidas econ\u00f3micas y la reacci\u00f3n de los mercados, y&nbsp;<strong>quiero pedir especialmente un aplauso para la vicepresidenta Victoria Villarruel por haber logrado reunir la mayor\u00eda en el Senado<\/strong>, nombrar al presidente provisional de la C\u00e1mara Alta y a los integrantes de las comisiones parlamentarias\u201d, dijo el presidente Milei el mi\u00e9rcoles, euf\u00f3rico al comenzar la reuni\u00f3n de gabinete en la Casa Rosada. Todos aplaudieron, claro, y Victoria sonre\u00eda.<\/p>\n\n\n\n<p class=\"wp-block-paragraph\">Una encuesta de esta semana, realizada por la consultora Fixer, muestra a&nbsp;<strong>Milei como el dirigente con mejor imagen promedio de la Argentina<\/strong>, cuando se mide la ecuaci\u00f3n entre la imagen positiva y la negativa. El Presidente tiene una aceptaci\u00f3n del 49% y un rechazo del 39%, por lo que su coeficiente neto es del 10%.<img loading=\"lazy\" decoding=\"async\" alt=\"El presidente electo de Argentina Javier Milei junto a Diana Mondino. EFE\/Mat\u00edas Campaya\" height=\"2996\" width=\"4317\" src=\"https:\/\/www.infobae.com\/new-resizer\/DsrHeVBixOTuK9DcqutNfHjzVIU=\/420x280\/filters:format(webp):quality(85)\/cloudfront-us-east-1.images.arcpublishing.com\/infobae\/FAFIBWM5GZGZ7J4PGWPYBSHL6I.jpg%20420w\" srcset=\"https:\/\/www.infobae.com\/new-resizer\/DsrHeVBixOTuK9DcqutNfHjzVIU=\/420x280\/filters:format(webp):quality(85)\/cloudfront-us-east-1.images.arcpublishing.com\/infobae\/FAFIBWM5GZGZ7J4PGWPYBSHL6I.jpg 420w,https:\/\/www.infobae.com\/new-resizer\/4zaz1GkbUyDZfwuVGXm_sMJ_t_8=\/768x512\/filters:format(webp):quality(85)\/cloudfront-us-east-1.images.arcpublishing.com\/infobae\/FAFIBWM5GZGZ7J4PGWPYBSHL6I.jpg 768w,https:\/\/www.infobae.com\/new-resizer\/Jl8rkBTmNYnZGlC1O6uZZMSQw68=\/992x661\/filters:format(webp):quality(85)\/cloudfront-us-east-1.images.arcpublishing.com\/infobae\/FAFIBWM5GZGZ7J4PGWPYBSHL6I.jpg 992w,https:\/\/www.infobae.com\/new-resizer\/9EioMqCrgs_sLcZ_YAWQhVFTZLA=\/1200x800\/filters:format(webp):quality(85)\/cloudfront-us-east-1.images.arcpublishing.com\/infobae\/FAFIBWM5GZGZ7J4PGWPYBSHL6I.jpg 1200w,https:\/\/www.infobae.com\/new-resizer\/56c8KUJkvUHIZ5beaY5I0k3kv2g=\/1440x960\/filters:format(webp):quality(85)\/cloudfront-us-east-1.images.arcpublishing.com\/infobae\/FAFIBWM5GZGZ7J4PGWPYBSHL6I.jpg 1440w\" title=\"Javier y Victoria, el \u00faltimo cap\u00edtulo de la tensi\u00f3n entre presidente y vice\">El presidente electo de Argentina Javier Milei junto a Diana Mondino. EFE\/Mat\u00edas Campaya<\/p>\n\n\n\n<p class=\"wp-block-paragraph\">La canciller, Diana Mondino, lo sigue cuando se mide el coeficiente neto de imagen (10%), con una positiva del 45% y una negativa del 35%. Pero&nbsp;<strong>quien conserva la imagen positiva m\u00e1s alta entre todos los dirigentes argentinos es Victoria Villarruel.<\/strong><\/p>\n\n\n\n<p class=\"wp-block-paragraph\"><strong>Su coeficiente neto es del 8%, con una negativa del 42% y una imagen positiva del 50%.<\/strong><\/p>\n\n\n\n<p class=\"wp-block-paragraph\">Nada mal para una dirigente que llevaba dos a\u00f1os como diputada nacional, y que&nbsp;<strong>hab\u00eda crecido sobre la ola de la pol\u00e9mica al enfrentarse con el kirchnerismo y con los organismos de derechos humanos<\/strong>&nbsp;por su defensa f\u00e9rrea de las v\u00edctimas del terrorismo en la d\u00e9cada del \u201870 y por el cuestionamiento al n\u00famero simb\u00f3lico de 30.000 desaparecidos utilizado por la izquierda y algunos sectores del peronismo.<\/p>\n\n\n\n<p class=\"wp-block-paragraph\"><strong>Milei y Villarruel tienen los enemigos suficientes dentro de la realidad argentina.&nbsp;<\/strong>La inflaci\u00f3n, el d\u00e9ficit fiscal, el descalabro financiero, el endeudamiento y la pobreza, como emergente triste de todas las miserias heredadas del gobierno anterior.<\/p>\n\n\n\n<p class=\"wp-block-paragraph\">Solo el desatino y la subestimaci\u00f3n de la crisis que enfrenta el pa\u00eds que gobiernan podr\u00eda alimentar una competencia entre los dos.&nbsp;<strong>Alfons\u00edn, Menem, los Kirchner, todos perdieron el tiempo enfrent\u00e1ndose a sus vicepresidentes con los paup\u00e9rrimos resultados conocidos.<\/strong><\/p>\n\n\n\n<p class=\"wp-block-paragraph\">De vez en cuando, es saludable cambiar los m\u00e9todos de quienes insistieron en dirigirse sin escalas hacia el subsuelo del fracaso.<\/p>\n\n\n\n<p class=\"wp-block-paragraph\">Fuente:<a href=\"https:\/\/www.infobae.com\/?noredirect\"> Infobae.com<\/a><\/p>","protected":false},"excerpt":{"rendered":"<p>La tensi\u00f3n parece ser el estado natural de los presidentes y sus vices.&nbsp;Ser\u00e1 porque es dif\u00edcil convivir pac\u00edficamente con alguien que ocupar\u00e1 tu lugar si te mueres o descubren que est\u00e1s incapacitado para ejercer el cargo m\u00e1s importante de la Argentina. La historia reciente est\u00e1 superpoblada de ejemplos. Hubo tensi\u00f3n entre&nbsp;Ra\u00fal Alfons\u00edn y V\u00edctor Mart\u00ednez.&nbsp;Del [&hellip;]<\/p>\n","protected":false},"author":9,"featured_media":0,"comment_status":"open","ping_status":"open","sticky":false,"template":"","format":"standard","meta":{"site-sidebar-layout":"default","site-content-layout":"","ast-site-content-layout":"default","site-content-style":"default","site-sidebar-style":"default","ast-global-header-display":"","ast-banner-title-visibility":"","ast-main-header-display":"","ast-hfb-above-header-display":"","ast-hfb-below-header-display":"","ast-hfb-mobile-header-display":"","site-post-title":"","ast-breadcrumbs-content":"","ast-featured-img":"","footer-sml-layout":"","ast-disable-related-posts":"","theme-transparent-header-meta":"","adv-header-id-meta":"","stick-header-meta":"","header-above-stick-meta":"","header-main-stick-meta":"","header-below-stick-meta":"","astra-migrate-meta-layouts":"default","ast-page-background-enabled":"default","ast-page-background-meta":{"desktop":{"background-color":"","background-image":"","background-repeat":"repeat","background-position":"center center","background-size":"auto","background-attachment":"scroll","background-type":"","background-media":"","overlay-type":"","overlay-color":"","overlay-opacity":"","overlay-gradient":""},"tablet":{"background-color":"","background-image":"","background-repeat":"repeat","background-position":"center center","background-size":"auto","background-attachment":"scroll","background-type":"","background-media":"","overlay-type":"","overlay-color":"","overlay-opacity":"","overlay-gradient":""},"mobile":{"background-color":"","background-image":"","background-repeat":"repeat","background-position":"center center","background-size":"auto","background-attachment":"scroll","background-type":"","background-media":"","overlay-type":"","overlay-color":"","overlay-opacity":"","overlay-gradient":""}},"ast-content-background-meta":{"desktop":{"background-color":"var(--ast-global-color-5)","background-image":"","background-repeat":"repeat","background-position":"center center","background-size":"auto","background-attachment":"scroll","background-type":"","background-media":"","overlay-type":"","overlay-color":"","overlay-opacity":"","overlay-gradient":""},"tablet":{"background-color":"var(--ast-global-color-5)","background-image":"","background-repeat":"repeat","background-position":"center center","background-size":"auto","background-attachment":"scroll","background-type":"","background-media":"","overlay-type":"","overlay-color":"","overlay-opacity":"","overlay-gradient":""},"mobile":{"background-color":"var(--ast-global-color-5)","background-image":"","background-repeat":"repeat","background-position":"center center","background-size":"auto","background-attachment":"scroll","background-type":"","background-media":"","overlay-type":"","overlay-color":"","overlay-opacity":"","overlay-gradient":""}},"footnotes":""},"categories":[2],"tags":[],"class_list":["post-93300","post","type-post","status-publish","format-standard","hentry","category-politica"],"spectra_blocks_featured_image_url":null,"spectra_blocks_author_info":{"display_name":"Jorge Alfredo Baret","avatar_url":"https:\/\/secure.gravatar.com\/avatar\/31696f5ca83439b642450ec7d3f82f98451a5efacb414343d5478c982b337f26?s=96&d=mm&r=g","author_link":"https:\/\/100xd.com.ar\/en\/author\/jorge\/","description":"Ingeniero Qu\u00edmico UTN - Director Apoderado de Comunicaciones Auditadas SA. Editor Responsable 100xd.com.ar."},"_links":{"self":[{"href":"https:\/\/100xd.com.ar\/en\/wp-json\/wp\/v2\/posts\/93300","targetHints":{"allow":["GET"]}}],"collection":[{"href":"https:\/\/100xd.com.ar\/en\/wp-json\/wp\/v2\/posts"}],"about":[{"href":"https:\/\/100xd.com.ar\/en\/wp-json\/wp\/v2\/types\/post"}],"author":[{"embeddable":true,"href":"https:\/\/100xd.com.ar\/en\/wp-json\/wp\/v2\/users\/9"}],"replies":[{"embeddable":true,"href":"https:\/\/100xd.com.ar\/en\/wp-json\/wp\/v2\/comments?post=93300"}],"version-history":[{"count":1,"href":"https:\/\/100xd.com.ar\/en\/wp-json\/wp\/v2\/posts\/93300\/revisions"}],"predecessor-version":[{"id":93302,"href":"https:\/\/100xd.com.ar\/en\/wp-json\/wp\/v2\/posts\/93300\/revisions\/93302"}],"wp:attachment":[{"href":"https:\/\/100xd.com.ar\/en\/wp-json\/wp\/v2\/media?parent=93300"}],"wp:term":[{"taxonomy":"category","embeddable":true,"href":"https:\/\/100xd.com.ar\/en\/wp-json\/wp\/v2\/categories?post=93300"},{"taxonomy":"post_tag","embeddable":true,"href":"https:\/\/100xd.com.ar\/en\/wp-json\/wp\/v2\/tags?post=93300"}],"curies":[{"name":"wp","href":"https:\/\/api.w.org\/{rel}","templated":true}]}}