{"id":9319,"date":"2015-09-07T11:35:36","date_gmt":"2015-09-07T14:35:36","guid":{"rendered":"http:\/\/www.100xd.com.ar\/?p=9319"},"modified":"2015-09-07T17:43:25","modified_gmt":"2015-09-07T20:43:25","slug":"daniel-scioli-mantendra-esta-semana-una-intensa-agenda-con-lula","status":"publish","type":"post","link":"https:\/\/100xd.com.ar\/en\/daniel-scioli-mantendra-esta-semana-una-intensa-agenda-con-lula\/","title":{"rendered":"Daniel Scioli mantendr\u00e1 esta semana una intensa agenda con Lula"},"content":{"rendered":"<p>El candidato presidencial del Frente para la Victoria y gobernador de la provincia de Buenos Aires, Daniel Scioli, compartir\u00e1 esta semana diversas actividades con el ex presidente del Brasil, Luiz Inacio &#8220;Lula&#8221; da Silva, en el marco de la visita que realizar\u00e1 a la Argentina el dirigente del PT, se inform\u00f3 oficialmente.<\/p>\n<p>El primer acto que compartir\u00e1n Scioli y Lula ser\u00e1 el mi\u00e9rcoles a las 17 en Jos\u00e9 C. Paz, donde el gobernador inaugurar\u00e1 una nueva Unidad de Pronta Atenci\u00f3n UPA 24 hs, un modelo de salud que justamente trajo de uno de sus viajes a R\u00edo de Janeiro, y que ya le ha dado resultados muy positivos en los m\u00e1s de diez municipios donde ya funcionan.<\/p>\n<p>El segundo encuentro ser\u00e1 el jueves, a las 10, cuando Lula exponga en el 3er. Congreso Internacional de Responsabilidad Social que se llevar\u00e1 a cabo en el predio de La Rural, en la Ciudad Aut\u00f3noma de Buenos Aires<br \/>\nEse mismo d\u00eda, a las 19, Lula recibir\u00e1 el Doctorado Honoris Causa en la Universidad Nacional de La Matanza de manos del rector de esa casa de estudios, Daniel Mart\u00ednez, y con Scioli como invitado especial.<\/p>\n<p>Finalmente, el viernes 11, en el Hotel Alvear, Scioli y Lula compartir\u00e1n un encuentro con empresarios, desde las 20, en el cierre de la agenda oficial que compartir\u00e1n esta semana.<\/p>","protected":false},"excerpt":{"rendered":"<p>El candidato presidencial del Frente para la Victoria y gobernador de la provincia de Buenos Aires, Daniel Scioli, compartir\u00e1 esta semana diversas actividades con el ex presidente del Brasil, Luiz Inacio &#8220;Lula&#8221; da Silva, en el marco de la visita que realizar\u00e1 a la Argentina el dirigente del PT, se inform\u00f3 oficialmente. El primer acto [&hellip;]<\/p>\n","protected":false},"author":4,"featured_media":0,"comment_status":"open","ping_status":"open","sticky":false,"template":"","format":"standard","meta":{"site-sidebar-layout":"default","site-content-layout":"","ast-site-content-layout":"default","site-content-style":"default","site-sidebar-style":"default","ast-global-header-display":"","ast-banner-title-visibility":"","ast-main-header-display":"","ast-hfb-above-header-display":"","ast-hfb-below-header-display":"","ast-hfb-mobile-header-display":"","site-post-title":"","ast-breadcrumbs-content":"","ast-featured-img":"","footer-sml-layout":"","ast-disable-related-posts":"","theme-transparent-header-meta":"","adv-header-id-meta":"","stick-header-meta":"","header-above-stick-meta":"","header-main-stick-meta":"","header-below-stick-meta":"","astra-migrate-meta-layouts":"default","ast-page-background-enabled":"default","ast-page-background-meta":{"desktop":{"background-color":"","background-image":"","background-repeat":"repeat","background-position":"center center","background-size":"auto","background-attachment":"scroll","background-type":"","background-media":"","overlay-type":"","overlay-color":"","overlay-opacity":"","overlay-gradient":""},"tablet":{"background-color":"","background-image":"","background-repeat":"repeat","background-position":"center center","background-size":"auto","background-attachment":"scroll","background-type":"","background-media":"","overlay-type":"","overlay-color":"","overlay-opacity":"","overlay-gradient":""},"mobile":{"background-color":"","background-image":"","background-repeat":"repeat","background-position":"center center","background-size":"auto","background-attachment":"scroll","background-type":"","background-media":"","overlay-type":"","overlay-color":"","overlay-opacity":"","overlay-gradient":""}},"ast-content-background-meta":{"desktop":{"background-color":"var(--ast-global-color-5)","background-image":"","background-repeat":"repeat","background-position":"center center","background-size":"auto","background-attachment":"scroll","background-type":"","background-media":"","overlay-type":"","overlay-color":"","overlay-opacity":"","overlay-gradient":""},"tablet":{"background-color":"var(--ast-global-color-5)","background-image":"","background-repeat":"repeat","background-position":"center center","background-size":"auto","background-attachment":"scroll","background-type":"","background-media":"","overlay-type":"","overlay-color":"","overlay-opacity":"","overlay-gradient":""},"mobile":{"background-color":"var(--ast-global-color-5)","background-image":"","background-repeat":"repeat","background-position":"center center","background-size":"auto","background-attachment":"scroll","background-type":"","background-media":"","overlay-type":"","overlay-color":"","overlay-opacity":"","overlay-gradient":""}},"footnotes":""},"categories":[2],"tags":[251,30,1581,491,444],"class_list":["post-9319","post","type-post","status-publish","format-standard","hentry","category-politica","tag-brasil","tag-daniel-scioli","tag-luiz-inacio-lula-da-silva","tag-lula","tag-scioli"],"spectra_blocks_featured_image_url":null,"spectra_blocks_author_info":{"display_name":"Facundo Novillo","avatar_url":"https:\/\/secure.gravatar.com\/avatar\/09745bc65ce6bf84291d6515d5f759c04b4fce4f329b8a975a8ac2982b552d3e?s=96&d=mm&r=g","author_link":"https:\/\/100xd.com.ar\/en\/author\/facundo\/","description":""},"_links":{"self":[{"href":"https:\/\/100xd.com.ar\/en\/wp-json\/wp\/v2\/posts\/9319","targetHints":{"allow":["GET"]}}],"collection":[{"href":"https:\/\/100xd.com.ar\/en\/wp-json\/wp\/v2\/posts"}],"about":[{"href":"https:\/\/100xd.com.ar\/en\/wp-json\/wp\/v2\/types\/post"}],"author":[{"embeddable":true,"href":"https:\/\/100xd.com.ar\/en\/wp-json\/wp\/v2\/users\/4"}],"replies":[{"embeddable":true,"href":"https:\/\/100xd.com.ar\/en\/wp-json\/wp\/v2\/comments?post=9319"}],"version-history":[{"count":1,"href":"https:\/\/100xd.com.ar\/en\/wp-json\/wp\/v2\/posts\/9319\/revisions"}],"predecessor-version":[{"id":9321,"href":"https:\/\/100xd.com.ar\/en\/wp-json\/wp\/v2\/posts\/9319\/revisions\/9321"}],"wp:attachment":[{"href":"https:\/\/100xd.com.ar\/en\/wp-json\/wp\/v2\/media?parent=9319"}],"wp:term":[{"taxonomy":"category","embeddable":true,"href":"https:\/\/100xd.com.ar\/en\/wp-json\/wp\/v2\/categories?post=9319"},{"taxonomy":"post_tag","embeddable":true,"href":"https:\/\/100xd.com.ar\/en\/wp-json\/wp\/v2\/tags?post=9319"}],"curies":[{"name":"wp","href":"https:\/\/api.w.org\/{rel}","templated":true}]}}