{"id":93059,"date":"2023-12-14T10:50:43","date_gmt":"2023-12-14T13:50:43","guid":{"rendered":"https:\/\/100xd.com.ar\/?p=93059"},"modified":"2023-12-14T10:50:43","modified_gmt":"2023-12-14T13:50:43","slug":"senado-en-una-sesion-caliente-bartolome-abdala-fue-elegido-presidente-provisional","status":"publish","type":"post","link":"https:\/\/100xd.com.ar\/en\/senado-en-una-sesion-caliente-bartolome-abdala-fue-elegido-presidente-provisional\/","title":{"rendered":"Senado: en una sesi\u00f3n caliente, Bartolom\u00e9 Abdala fue elegido presidente provisional"},"content":{"rendered":"<p class=\"wp-block-paragraph\">El senador libertario&nbsp;<strong>Bartolom\u00e9 Abdala<\/strong>&nbsp;(San Luis) fue elegido esta tarde&nbsp;<strong>presidente provisional del Senado<\/strong>&nbsp;y ocupar\u00e1, as\u00ed,&nbsp;<mark>el segundo escal\u00f3n en la l\u00ednea sucesoria de Javier Milei<\/mark>&nbsp;en caso de acefal\u00eda. La elecci\u00f3n del legislador puntano implic\u00f3&nbsp;<strong>una dura derrota para el Frente de Todos<\/strong>, que se abstuvo al momento de la votaci\u00f3n en rechazo a la sesi\u00f3n, a la que calificaron de \u201cileg\u00edtima, ilegal e inconstitucional\u201d.<\/p>\n\n\n\n<p class=\"wp-block-paragraph\">La sesi\u00f3n implic\u00f3 un debut triunfante para Victoria Villarruel como presidenta del Senado. No s\u00f3lo logr\u00f3 reunir el qu\u00f3rum para habilitar la reuni\u00f3n, sino que, en el proceso, derrot\u00f3 al kirchnerismo gracias a una mayor\u00eda circunstancial integrada por el resto de los bloques legislativos que integran el cuerpo. En el debate, estas fuerzas dejaron en claro que el apoyo de esta tarde no se extender\u00e1 como un cheque en blanco para cuando llegue el momento de tratar las reformas que prometi\u00f3 enviar el presidente Javier Milei,<\/p>\n\n\n\n<p class=\"wp-block-paragraph\">La sesi\u00f3n comenz\u00f3 gracias al&nbsp;<mark>aporte de un mosaico de legisladores radicales, de Pro, bloques de peronistas disidentes y fuerzas provinciales,<\/mark>&nbsp;que prestaron el&nbsp;<em>quorum&nbsp;<\/em>a la escueta bancada de siete senadores libertarios.<a href=\"https:\/\/www.lanacion.com.ar\/politica\/nervios-problemas-tecnicos-y-el-fantasma-de-karina-milei-la-trastienda-del-mensaje-del-ministro-nid13122023\/\" target=\"_blank\" rel=\"noreferrer noopener\"><em><\/em>NERVIOS, PROBLEMAS T\u00c9CNICOS Y EL FANTASMA DE KARINA MILEI: LA TRASTIENDA DEL MENSAJE DEL MINISTRO CAPUTO<\/a><\/p>\n\n\n\n<p class=\"wp-block-paragraph\">Abdala es un&nbsp;<strong>exdirigente de Pro y con fuertes v\u00ednculos pol\u00edticos con el peronismo de esa provincia<\/strong>, que se sum\u00f3 a La Libertad Avanza en diciembre del a\u00f1o pasado. En octubre encabez\u00f3 la lista de candidatos a la C\u00e1mara alta que termin\u00f3 imponi\u00e9ndose y alz\u00e1ndose con las dos bancas por la mayor\u00eda en ese distrito.<\/p>\n\n\n\n<p class=\"wp-block-paragraph\">La designaci\u00f3n del puntano le puso punto final a una&nbsp;<strong>feroz interna en el escueto bloque de siete senadores<\/strong>&nbsp;de La Libertad Avanza. Hasta la semana pasada, el elegido para ese cargo era el formose\u00f1o<strong>&nbsp;Francisco Paoltroni<\/strong>. Sin embargo, se impuso la bancada que conduce<strong>&nbsp;Ezequiel Atauche&nbsp;<\/strong>(Jujuy) que, votaci\u00f3n entre sus miembros mediante, aval\u00f3 la candidatura de Abdala para disgusto del formose\u00f1o.<\/p>\n\n\n\n<figure data-spectra-id=\"spectra-9856e504-3521-4eed-9980-c4e442bedfe8\" class=\"wp-block-image\"><img decoding=\"async\" src=\"https:\/\/resizer.glanacion.com\/resizer\/v2\/bartolome-abdala-representante-de-pro-en-san-luis-JE5LOJQRSRF7XNUQHI7W4J7WXQ.JPG?auth=aa4f375bda682c89ee07698223bdc522bad59841f9f470e63f006c975fd4ddd1&amp;width=420&amp;height=236&amp;quality=70&amp;smart=true\" alt=\"Bartolom\u00e9 Abdala, representante de Pro en San Luis podr\u00eda quedar como presidente provisional del Senado\" title=\"Senado: en una sesi\u00f3n caliente, Bartolom\u00e9 Abdala fue elegido presidente provisional\" \/><figcaption>Bartolom\u00e9 Abdala, representante de Pro en San Luis podr\u00eda quedar como presidente provisional del Senado<\/figcaption><\/figure>\n\n\n\n<p class=\"wp-block-paragraph\">El inicio de la reuni\u00f3n implic\u00f3 un&nbsp;<strong>duro golpe pol\u00edtico para la bancada del Frente de Todos<\/strong>, que conduce&nbsp;<strong>Jos\u00e9 Mayans&nbsp;<\/strong>(Formosa) y que, a pesar de que el jefe de bloque la calific\u00f3 como una \u201csesi\u00f3n ilegal, ileg\u00edtima e inconstitucional\u201d, permaneci\u00f3 en el recinto durante todo el debate.<\/p>\n\n\n\n<p class=\"wp-block-paragraph\">Como forma de protesta, los senadores kirchneristas se abstuvieron al momento de la votaci\u00f3n. Sin embargo, el bloque no estuvo en su totalidad. Fueron notoria la&nbsp;<strong>ausencias<\/strong>&nbsp;del tucumano&nbsp;<strong>Juan Manzur,<\/strong>&nbsp;de viaje por Israel<strong>,&nbsp;<\/strong>y de los&nbsp;<strong>senadores de Santiago del Estero<\/strong>:&nbsp;<strong>Claudia Ledesma, esposa del gobernador Gerardo Zamora, Gerardo Montenegro y Jos\u00e9 Neder.<\/strong><\/p>\n\n\n\n<p class=\"wp-block-paragraph\">\u201cVemos constituida una nueva mayor\u00eda, lo que nos parece perfecto, para convalidar esto que el pueblo argentino no vot\u00f3. Esto ya lo vimos con Mart\u00ednez de Hoz, lo vimos con Macri y ahora con Milei potenciado. Se inicia el gobierno con una brutal devaluaci\u00f3n que ataca los recursos de los trabajadores\u201d, sentenci\u00f3 Mayans.<\/p>\n\n\n\n<p class=\"wp-block-paragraph\">\u201cHay una prepotencia de los n\u00fameros. Esto es violentar la Constituci\u00f3n, el Reglamento de nuestra c\u00e1mara, que tiene rango constitucional. Esta es una reuni\u00f3n que no es una sesi\u00f3n\u201d, sum\u00f3 su queja la kirchnerista&nbsp;<strong>Juliana Di Tullio<\/strong>&nbsp;(Buenos Aires).<\/p>\n\n\n\n<p class=\"wp-block-paragraph\">En un intento por hacer caer la sesi\u00f3n, Di Tullio pidi\u00f3 una moci\u00f3n de orden para que se votaran las nuevas autoridades y se dejara para la sesi\u00f3n preparatoria del 24 de febrero la definici\u00f3n de la proporcionalidad en la integraci\u00f3n de las comisiones. \u201c\u00bfLa sesi\u00f3n es v\u00e1lida o inv\u00e1lida?\u201d, pregunt\u00f3&nbsp;<strong>Mariana Juri<\/strong>&nbsp;(UCR-Mendoza). \u201cPorque si es inv\u00e1lida no s\u00e9 para que piden votar una moci\u00f3n\u201d, remat\u00f3 la secretar\u00eda del bloque radical.<\/p>\n\n\n\n<p class=\"wp-block-paragraph\">Todos los bloques cerraron filas en respaldo a la validez de la convocatoria, destacando que el Senado est\u00e1 habilitado a sesionar para definir cuestiones internas a\u00fan cuando el Congreso se encuentre en receso porque el Poder Ejecutivo todav\u00eda no convoc\u00f3 a sesiones extraordinarias.<\/p>\n\n\n\n<p class=\"wp-block-paragraph\">\u201cLa intenci\u00f3n de esto es dejar ac\u00e9falo el cuerpo\u201d, acus\u00f3 el peronista disidente<strong>&nbsp;Juan Carlos Romero<\/strong>&nbsp;al bloque kirchnerista. \u201cLa gente quiere vernos trabajar y una buena forma de trabajar es constituir las autoridades., agreg\u00f3 el salte\u00f1o.&nbsp;<mark>\u201cNos une en principio el cansancio de haber tolerado 20 a\u00f1os de prepotencia en esta casa\u201d, remat\u00f3.<\/mark><\/p>\n\n\n\n<p class=\"wp-block-paragraph\">La&nbsp;<strong>cr\u00edtica a la praxis pol\u00edtica de Cristina Kirchner<\/strong>&nbsp;en el manejo de las mayor\u00edas parlamentarias y del Senado se repiti\u00f3 en varias intervenciones. \u201cHace a\u00f1os que ac\u00e1 no hay un plan de labor, se convocaba a sesi\u00f3n 12 horas antes con temas que s\u00f3lo le interesaban a la vicepresidenta\u201d, se quej\u00f3 el jefe del bloque radical,&nbsp;<strong>Eduardo Vischi<\/strong>&nbsp;(Corrientes).<\/p>\n\n\n\n<p class=\"wp-block-paragraph\">\u201cLo \u00fanico que hemos hechos es conformar esta mayor\u00eda para que el Senado pueda funcionar, y lo hemos hecho conforme a derecho, al reglamento y a la Constituci\u00f3n\u201d, sum\u00f3 su voz el jefe del bloque Pro,&nbsp;<strong>Luis Juez&nbsp;<\/strong>(C\u00f3rdoba), quien&nbsp;<strong>le recomend\u00f3 al bloque kirchnerista que fuera a la Justicia&nbsp;<\/strong>con sus quejas contra la sesi\u00f3n,&nbsp;<strong>como tuvo que hacer \u00e9l cuando la entonces mayor\u00eda oficialista le impidi\u00f3 jurar en el Consejo de la Magistratura,<\/strong>&nbsp;contienda que termin\u00f3 ganando gracias a un fallo de la Corte Suprema.<\/p>\n\n\n\n<p class=\"wp-block-paragraph\"><strong>La derrota del kirchnerismo fue completa.<\/strong>\u00a0Adem\u00e1s de la provisional, la mayor\u00eda circunstacial de 39 senadores logr\u00f3 refrendar un acuerdo que dejar\u00e1 al peronismo en minor\u00eda en las comisiones de trabajo legislativo. En todas,\u00a0<strong>el kirchnerismo tendr\u00e1 uno menos que la mitad de sus integrantes<\/strong>. En otras palabras, el Frente de Todos no tendr\u00e1 la posibilidad de bloquear el tr\u00e1mite legislativo de los proyectos.<\/p>\n\n\n\n<p class=\"wp-block-paragraph\">Adem\u00e1s de la presidencia provisional, se renovar\u00e1 gran parte de la mesa de conducci\u00f3n de la C\u00e1mara alta. En especial las secretar\u00edas Administrativa y Parlamentaria. En la primera, Villarruel designar\u00eda a<strong>&nbsp;Mar\u00eda Laura Izzo<\/strong>, exfuncionaria del Ministerio de Seguridad. En la segunda, a&nbsp;<strong>Agust\u00edn Giustinian<\/strong>, exsecretario parlamentario del bloque Pro y estrecho colaborador de&nbsp;<strong>Federico Pinedo<\/strong>&nbsp;cuando fue presidente provisional en el gobierno de&nbsp;<strong>Mauricio Macri.<\/strong><a href=\"https:\/\/www.lanacion.com.ar\/politica\/no-era-campana-del-miedo-el-mensaje-con-el-que-massa-dice-que-aviso-del-ajuste-que-iba-a-ejecutar-nid13122023\/\" target=\"_blank\" rel=\"noreferrer noopener\"><em><\/em>\u201cNO ERA CAMPA\u00d1A DEL MIEDO\u201d: EL MENSAJE CON EL QUE MASSA DICE QUE AVIS\u00d3 DEL AJUSTE QUE IBA A EJECUTAR MILEI<\/a><\/p>\n\n\n\n<p class=\"wp-block-paragraph\">Por \u00faltimo, tambi\u00e9n se definieron el resto de los cargos en la mesa de conducci\u00f3n de la C\u00e1mara alta. La radical\u00a0<strong>Carolina Losada<\/strong>\u00a0(Santa Fe), fue elegida vicepresidenta primera, mientras que la cordobesa\u00a0<strong>Alejandra Vigo,<\/strong>\u00a0esposa del exgobernador\u00a0<strong>Juan Schiaretti,<\/strong>\u00a0se qued\u00f3 con la vicepresidencia segunda. En un gesto de reconocimiento a su condici\u00f3n de primera minor\u00eda, qued\u00f3 postergada la elecci\u00f3n de la vicepresidencia del Senado, que le corresponder\u00e1 al Frente de Todos.<\/p>\n\n\n\n<p class=\"wp-block-paragraph\"><a href=\"https:\/\/www.lanacion.com.ar\/autor\/gustavo-ybarra-167\/\">Gustavo Ybarra<\/a><\/p>\n\n\n\n<p class=\"wp-block-paragraph\">Fuente:<a href=\"https:\/\/www.lanacion.com.ar\/\"> La Naci\u00f3n<\/a><\/p>","protected":false},"excerpt":{"rendered":"<p>El senador libertario&nbsp;Bartolom\u00e9 Abdala&nbsp;(San Luis) fue elegido esta tarde&nbsp;presidente provisional del Senado&nbsp;y ocupar\u00e1, as\u00ed,&nbsp;el segundo escal\u00f3n en la l\u00ednea sucesoria de Javier Milei&nbsp;en caso de acefal\u00eda. La elecci\u00f3n del legislador puntano implic\u00f3&nbsp;una dura derrota para el Frente de Todos, que se abstuvo al momento de la votaci\u00f3n en rechazo a la sesi\u00f3n, a la que [&hellip;]<\/p>\n","protected":false},"author":9,"featured_media":0,"comment_status":"open","ping_status":"open","sticky":false,"template":"","format":"standard","meta":{"site-sidebar-layout":"default","site-content-layout":"","ast-site-content-layout":"default","site-content-style":"default","site-sidebar-style":"default","ast-global-header-display":"","ast-banner-title-visibility":"","ast-main-header-display":"","ast-hfb-above-header-display":"","ast-hfb-below-header-display":"","ast-hfb-mobile-header-display":"","site-post-title":"","ast-breadcrumbs-content":"","ast-featured-img":"","footer-sml-layout":"","ast-disable-related-posts":"","theme-transparent-header-meta":"","adv-header-id-meta":"","stick-header-meta":"","header-above-stick-meta":"","header-main-stick-meta":"","header-below-stick-meta":"","astra-migrate-meta-layouts":"default","ast-page-background-enabled":"default","ast-page-background-meta":{"desktop":{"background-color":"","background-image":"","background-repeat":"repeat","background-position":"center center","background-size":"auto","background-attachment":"scroll","background-type":"","background-media":"","overlay-type":"","overlay-color":"","overlay-opacity":"","overlay-gradient":""},"tablet":{"background-color":"","background-image":"","background-repeat":"repeat","background-position":"center center","background-size":"auto","background-attachment":"scroll","background-type":"","background-media":"","overlay-type":"","overlay-color":"","overlay-opacity":"","overlay-gradient":""},"mobile":{"background-color":"","background-image":"","background-repeat":"repeat","background-position":"center center","background-size":"auto","background-attachment":"scroll","background-type":"","background-media":"","overlay-type":"","overlay-color":"","overlay-opacity":"","overlay-gradient":""}},"ast-content-background-meta":{"desktop":{"background-color":"var(--ast-global-color-5)","background-image":"","background-repeat":"repeat","background-position":"center center","background-size":"auto","background-attachment":"scroll","background-type":"","background-media":"","overlay-type":"","overlay-color":"","overlay-opacity":"","overlay-gradient":""},"tablet":{"background-color":"var(--ast-global-color-5)","background-image":"","background-repeat":"repeat","background-position":"center center","background-size":"auto","background-attachment":"scroll","background-type":"","background-media":"","overlay-type":"","overlay-color":"","overlay-opacity":"","overlay-gradient":""},"mobile":{"background-color":"var(--ast-global-color-5)","background-image":"","background-repeat":"repeat","background-position":"center center","background-size":"auto","background-attachment":"scroll","background-type":"","background-media":"","overlay-type":"","overlay-color":"","overlay-opacity":"","overlay-gradient":""}},"footnotes":""},"categories":[25],"tags":[],"class_list":["post-93059","post","type-post","status-publish","format-standard","hentry","category-destacado"],"spectra_blocks_featured_image_url":null,"spectra_blocks_author_info":{"display_name":"Jorge Alfredo Baret","avatar_url":"https:\/\/secure.gravatar.com\/avatar\/31696f5ca83439b642450ec7d3f82f98451a5efacb414343d5478c982b337f26?s=96&d=mm&r=g","author_link":"https:\/\/100xd.com.ar\/en\/author\/jorge\/","description":"Ingeniero Qu\u00edmico UTN - Director Apoderado de Comunicaciones Auditadas SA. Editor Responsable 100xd.com.ar."},"_links":{"self":[{"href":"https:\/\/100xd.com.ar\/en\/wp-json\/wp\/v2\/posts\/93059","targetHints":{"allow":["GET"]}}],"collection":[{"href":"https:\/\/100xd.com.ar\/en\/wp-json\/wp\/v2\/posts"}],"about":[{"href":"https:\/\/100xd.com.ar\/en\/wp-json\/wp\/v2\/types\/post"}],"author":[{"embeddable":true,"href":"https:\/\/100xd.com.ar\/en\/wp-json\/wp\/v2\/users\/9"}],"replies":[{"embeddable":true,"href":"https:\/\/100xd.com.ar\/en\/wp-json\/wp\/v2\/comments?post=93059"}],"version-history":[{"count":1,"href":"https:\/\/100xd.com.ar\/en\/wp-json\/wp\/v2\/posts\/93059\/revisions"}],"predecessor-version":[{"id":93061,"href":"https:\/\/100xd.com.ar\/en\/wp-json\/wp\/v2\/posts\/93059\/revisions\/93061"}],"wp:attachment":[{"href":"https:\/\/100xd.com.ar\/en\/wp-json\/wp\/v2\/media?parent=93059"}],"wp:term":[{"taxonomy":"category","embeddable":true,"href":"https:\/\/100xd.com.ar\/en\/wp-json\/wp\/v2\/categories?post=93059"},{"taxonomy":"post_tag","embeddable":true,"href":"https:\/\/100xd.com.ar\/en\/wp-json\/wp\/v2\/tags?post=93059"}],"curies":[{"name":"wp","href":"https:\/\/api.w.org\/{rel}","templated":true}]}}