{"id":92249,"date":"2023-11-27T11:59:19","date_gmt":"2023-11-27T14:59:19","guid":{"rendered":"https:\/\/100xd.com.ar\/?p=92249"},"modified":"2023-11-27T11:59:19","modified_gmt":"2023-11-27T14:59:19","slug":"el-desafio-de-privatizar-medios-publicos","status":"publish","type":"post","link":"https:\/\/100xd.com.ar\/en\/el-desafio-de-privatizar-medios-publicos\/","title":{"rendered":"El desaf\u00edo de privatizar medios p\u00fablicos"},"content":{"rendered":"<p class=\"wp-block-paragraph\">En los pa\u00edses desarrollados \u2013<strong>Gran Breta\u00f1a, Estados Unidos, Alemania y Jap\u00f3n<\/strong>, por nombrar solo unos pocos\u2013 se da&nbsp;<mark>una feliz convivencia entre medios de comunicaci\u00f3n p\u00fablicos y privados<\/mark>.<\/p>\n\n\n\n<p class=\"wp-block-paragraph\">Ocurre que en esas y otras naciones, est\u00e1 bien clara la diferencia entre lo estatal y lo gubernamental, y entonces hasta se dir\u00eda que aquellos en poder del Estado tienen una valiosa raz\u00f3n de ser. En efecto, hay infinidad de temas que pueden no ser de inter\u00e9s para desarrollar por empresas de comunicaci\u00f3n privadas, ya sea por motivos editoriales, porque resulten poco rentables o porque no garanticen una alta audiencia.<\/p>\n\n\n\n<p class=\"wp-block-paragraph\">Asuntos institucionales, educativos y cient\u00edficos; elevados debates filos\u00f3ficos o literarios, programas de apoyo escolar, repertorio de obras cl\u00e1sicas de la dramaturgia nacional y universal, miniseries y documentales hist\u00f3ricos, conciertos u \u00f3peras desde el&nbsp;<strong>Teatro Col\u00f3n<\/strong>&nbsp;y largas transmisiones de sesiones legislativas no son contenidos que suelan transitar con frecuencia por los medios en manos particulares. Es ah\u00ed donde los p\u00fablicos pueden marcar la diferencia, complementarse, sin superponerse, con los medios privados para hacer un verdadero aporte a la cultura y a la imprescindible instrucci\u00f3n c\u00edvica y plural de la sociedad. Algo que ciertamente no siempre ocurre con se\u00f1ales de televisi\u00f3n abierta operadas por Contenidos P\u00fablicos SE, como<em>&nbsp;Paka Paka<\/em>&nbsp;o&nbsp;<em>Encuentro<\/em>.<\/p>\n\n\n\n<p class=\"wp-block-paragraph\">Lamentablemente, eso no sucede en la Argentina donde, seg\u00fan las \u00e9pocas, la performance de las empresas de comunicaci\u00f3n estatales&nbsp;<mark>ha fluctuado entre resultados regulares y p\u00e9simos<\/mark>. En gobiernos como los de&nbsp;<strong>Ra\u00fal Alfons\u00edn, Fernando De la R\u00faa&nbsp;<\/strong>y&nbsp;<strong>Mauricio Macri&nbsp;<\/strong>asistimos a diversos intentos de, al menos, apostar a algunos contenidos culturales de calidad y a un esfuerzo por&nbsp;<mark>apartarse de lo panfletario en materia pol\u00edtica<\/mark>, como ha sucedido invariablemente durante las administraciones justicialistas de diversas coloraturas, desde las llamadas neoliberales (los diez a\u00f1os y medio que dur\u00f3 el menemismo) a las populistas (los m\u00e1s de 16 a\u00f1os que suman los cuatro gobiernos kirchneristas, el \u00faltimo por finalizar el pr\u00f3ximo 10 de diciembre).<\/p>\n\n\n\n<p class=\"wp-block-paragraph\">Durante las campa\u00f1as electorales para los tres \u00faltimos comicios \u2013las&nbsp;<strong>PASO<\/strong>, la primera vuelta y el balotaje\u2013, los principales medios estatales (<em>TV P\u00fablica, Radio Nacional<\/em>&nbsp;y la agencia de noticias&nbsp;<em>T\u00e9lam<\/em>) tomaron partido descarada y abiertamente por el candidato oficialista y a\u00fan ministro de Econom\u00eda,&nbsp;<strong>Sergio Massa<\/strong>, con coberturas amplias y generosas acompa\u00f1adas de presentaciones y an\u00e1lisis por dem\u00e1s favorables y militantes. Por el contrario, el ahora presidente electo&nbsp;<strong>Javier Milei<\/strong>&nbsp;tuvo ostensible menor presencia en esos medios y, cuando cont\u00f3 con ella, la abrumadora mayor\u00eda de las veces fue para mostrarlo de manera peyorativa o destacar sus aspectos m\u00e1s negativos. Por cierto, estos medios se convirtieron en&nbsp;<mark>verdaderas usinas de la campa\u00f1a del miedo<\/mark>&nbsp;contra el l\u00edder libertario y, al mismo tiempo, en&nbsp;<mark>vehementes promotores del dispendioso \u201cPlan platita\u201d<\/mark>&nbsp;y reflejo de los m\u00e1s m\u00ednimos movimientos del candidato Massa en actos y giras. Hasta se lleg\u00f3 a utilizar la transmisi\u00f3n de los partidos de la selecci\u00f3n nacional de f\u00fatbol, que aseguraban un alt\u00edsimo rating, para colar sin disimulo a continuaci\u00f3n entrevistas al dirigente m\u00e1s poderoso del Gobierno, al menos hasta que se abrieron las urnas el domingo 19 a la noche.<\/p>\n\n\n\n<p class=\"wp-block-paragraph\">Consultado antes y despu\u00e9s de los comicios, Milei ha demostrado siempre una misma y coherente l\u00ednea de conducta en la materia: que&nbsp;<mark>esos medios deben pasar de la \u00f3rbita del Estado al \u00e1mbito privado,<\/mark>&nbsp;ya que generan un millonario gasto sin cumplir siquiera con las metas que se esperan de este tipo de empresas p\u00fablicas, al menos en pa\u00edses desarrollados.<\/p>\n\n\n\n<p class=\"wp-block-paragraph\">\u201cLa<em>&nbsp;TV P\u00fablica<\/em>&nbsp;\u2013dijo el mandatario electo\u2013&nbsp;<mark>se convirti\u00f3 en un mecanismo de propaganda<\/mark>. No adhiero a las pr\u00e1cticas de tener un ministerio de propaganda encubierto. Debe ser privatizada, igual que&nbsp;<em>Radio Nacional<\/em>. Todo lo que pueda estar en manos del sector privado lo va a estar.<em>&nbsp;T\u00e9lam,<\/em>&nbsp;tambi\u00e9n.\u201d<\/p>\n\n\n\n<p class=\"wp-block-paragraph\">Habr\u00e1 que ver si esto es tan f\u00e1cil y concretable r\u00e1pidamente con un Congreso claramente dividido. Son empresas con mucho personal (3455 empleados) fuertemente sindicalizado, con gremios no pocas veces enfrentados entre s\u00ed y bastante desfasados desde el punto de vista tecnol\u00f3gico, lo que no las hace demasiado apetecibles, en principio, para atraer a capitales privados. Su d\u00e9ficit operativo, solo en el primer semestre de este a\u00f1o, ascendi\u00f3 a 12.571.000.000 de pesos.<\/p>\n\n\n\n<p class=\"wp-block-paragraph\">En el caso de<em>&nbsp;Radio y TV Argentina<\/em>, cuenta con 2400 empleados. Otro desprop\u00f3sito solventado con dineros de todos los ciudadanos es&nbsp;<em>Radio Nacional<\/em>. Tiene 1600 empleados para una radio AM y tres FM, con sueldos que arrancan en 500.000 pesos por una hora o dos diarias de trasmisi\u00f3n, mientras que se pagan montos extras inexplicables, seg\u00fan revel\u00f3 una investigaci\u00f3n de&nbsp;<em>LN+<\/em>.<\/p>\n\n\n\n<p class=\"wp-block-paragraph\">Nada impide ir ordenando en el menor tiempo posible esas empresas tan costosas para el erario p\u00fablico, achicar sus staffs con planes de retiro y no rellenar las vacantes que se vayan generando por jubilaciones o por empleados que emigran hacia otros trabajos. Lo que s\u00ed se podr\u00e1 hacer desde el minuto cero del 10 de diciembre es<mark>\u00a0limpiar los contenidos panfletarios para presentar las noticias y los debates con mayor equilibrio, pluralidad y amplitud<\/mark>, archivando las banderas ideol\u00f3gicas del actual oficialismo sin reemplazarlas, desde ya, por las del nuevo gobierno.<\/p>\n\n\n\n<p class=\"wp-block-paragraph\">Fuente:<a href=\"https:\/\/www.lanacion.com.ar\/\"> La Naci\u00f3n<\/a><\/p>","protected":false},"excerpt":{"rendered":"<p>En los pa\u00edses desarrollados \u2013Gran Breta\u00f1a, Estados Unidos, Alemania y Jap\u00f3n, por nombrar solo unos pocos\u2013 se da&nbsp;una feliz convivencia entre medios de comunicaci\u00f3n p\u00fablicos y privados. Ocurre que en esas y otras naciones, est\u00e1 bien clara la diferencia entre lo estatal y lo gubernamental, y entonces hasta se dir\u00eda que aquellos en poder del [&hellip;]<\/p>\n","protected":false},"author":9,"featured_media":0,"comment_status":"open","ping_status":"open","sticky":false,"template":"","format":"standard","meta":{"site-sidebar-layout":"default","site-content-layout":"","ast-site-content-layout":"default","site-content-style":"default","site-sidebar-style":"default","ast-global-header-display":"","ast-banner-title-visibility":"","ast-main-header-display":"","ast-hfb-above-header-display":"","ast-hfb-below-header-display":"","ast-hfb-mobile-header-display":"","site-post-title":"","ast-breadcrumbs-content":"","ast-featured-img":"","footer-sml-layout":"","ast-disable-related-posts":"","theme-transparent-header-meta":"","adv-header-id-meta":"","stick-header-meta":"","header-above-stick-meta":"","header-main-stick-meta":"","header-below-stick-meta":"","astra-migrate-meta-layouts":"default","ast-page-background-enabled":"default","ast-page-background-meta":{"desktop":{"background-color":"","background-image":"","background-repeat":"repeat","background-position":"center center","background-size":"auto","background-attachment":"scroll","background-type":"","background-media":"","overlay-type":"","overlay-color":"","overlay-opacity":"","overlay-gradient":""},"tablet":{"background-color":"","background-image":"","background-repeat":"repeat","background-position":"center center","background-size":"auto","background-attachment":"scroll","background-type":"","background-media":"","overlay-type":"","overlay-color":"","overlay-opacity":"","overlay-gradient":""},"mobile":{"background-color":"","background-image":"","background-repeat":"repeat","background-position":"center center","background-size":"auto","background-attachment":"scroll","background-type":"","background-media":"","overlay-type":"","overlay-color":"","overlay-opacity":"","overlay-gradient":""}},"ast-content-background-meta":{"desktop":{"background-color":"var(--ast-global-color-5)","background-image":"","background-repeat":"repeat","background-position":"center center","background-size":"auto","background-attachment":"scroll","background-type":"","background-media":"","overlay-type":"","overlay-color":"","overlay-opacity":"","overlay-gradient":""},"tablet":{"background-color":"var(--ast-global-color-5)","background-image":"","background-repeat":"repeat","background-position":"center center","background-size":"auto","background-attachment":"scroll","background-type":"","background-media":"","overlay-type":"","overlay-color":"","overlay-opacity":"","overlay-gradient":""},"mobile":{"background-color":"var(--ast-global-color-5)","background-image":"","background-repeat":"repeat","background-position":"center center","background-size":"auto","background-attachment":"scroll","background-type":"","background-media":"","overlay-type":"","overlay-color":"","overlay-opacity":"","overlay-gradient":""}},"footnotes":""},"categories":[149],"tags":[],"class_list":["post-92249","post","type-post","status-publish","format-standard","hentry","category-entrevistas"],"spectra_blocks_featured_image_url":null,"spectra_blocks_author_info":{"display_name":"Jorge Alfredo Baret","avatar_url":"https:\/\/secure.gravatar.com\/avatar\/31696f5ca83439b642450ec7d3f82f98451a5efacb414343d5478c982b337f26?s=96&d=mm&r=g","author_link":"https:\/\/100xd.com.ar\/en\/author\/jorge\/","description":"Ingeniero Qu\u00edmico UTN - Director Apoderado de Comunicaciones Auditadas SA. Editor Responsable 100xd.com.ar."},"_links":{"self":[{"href":"https:\/\/100xd.com.ar\/en\/wp-json\/wp\/v2\/posts\/92249","targetHints":{"allow":["GET"]}}],"collection":[{"href":"https:\/\/100xd.com.ar\/en\/wp-json\/wp\/v2\/posts"}],"about":[{"href":"https:\/\/100xd.com.ar\/en\/wp-json\/wp\/v2\/types\/post"}],"author":[{"embeddable":true,"href":"https:\/\/100xd.com.ar\/en\/wp-json\/wp\/v2\/users\/9"}],"replies":[{"embeddable":true,"href":"https:\/\/100xd.com.ar\/en\/wp-json\/wp\/v2\/comments?post=92249"}],"version-history":[{"count":1,"href":"https:\/\/100xd.com.ar\/en\/wp-json\/wp\/v2\/posts\/92249\/revisions"}],"predecessor-version":[{"id":92251,"href":"https:\/\/100xd.com.ar\/en\/wp-json\/wp\/v2\/posts\/92249\/revisions\/92251"}],"wp:attachment":[{"href":"https:\/\/100xd.com.ar\/en\/wp-json\/wp\/v2\/media?parent=92249"}],"wp:term":[{"taxonomy":"category","embeddable":true,"href":"https:\/\/100xd.com.ar\/en\/wp-json\/wp\/v2\/categories?post=92249"},{"taxonomy":"post_tag","embeddable":true,"href":"https:\/\/100xd.com.ar\/en\/wp-json\/wp\/v2\/tags?post=92249"}],"curies":[{"name":"wp","href":"https:\/\/api.w.org\/{rel}","templated":true}]}}