{"id":90568,"date":"2023-10-27T10:59:06","date_gmt":"2023-10-27T13:59:06","guid":{"rendered":"https:\/\/100xd.com.ar\/?p=90568"},"modified":"2023-10-27T10:59:06","modified_gmt":"2023-10-27T13:59:06","slug":"emiliano-yacobitti-se-cruzo-con-una-periodista-y-advirtio-que-la-llevaria-a-la-justicia-por-una-falsa-acusacion","status":"publish","type":"post","link":"https:\/\/100xd.com.ar\/en\/emiliano-yacobitti-se-cruzo-con-una-periodista-y-advirtio-que-la-llevaria-a-la-justicia-por-una-falsa-acusacion\/","title":{"rendered":"Emiliano Yacobitti se cruz\u00f3 con una periodista y advirti\u00f3 que la llevar\u00eda a la Justicia por una &#8220;falsa acusaci\u00f3n&#8221;"},"content":{"rendered":"<p class=\"wp-block-paragraph\">E<strong><a rel=\"noreferrer noopener\" target=\"_blank\" href=\"https:\/\/www.perfil.com\/noticias\/politica\/emiliano-yacobitti-macri-lo-que-hizo-fue-destruir-a-los-candidatos-uno-por-uno.phtml\">miliano Yacobitti<\/a><\/strong>, diputado nacional por la UCR,<strong>\u00a0<\/strong>mantuvo un intenso debate\u00a0este jueves 26 de octubre por la noche con la periodista\u00a0<strong>Guadalupe V\u00e1zquez\u00a0<\/strong>en el transcurso del programa de\u00a0<em>LN+<\/em>\u00a0conducido por el periodista Eduardo Feinmann.\u00a0<strong>\u201cTe voy a pedir que vayamos a la Justicia\u201d<\/strong>, reaccion\u00f3 el vicerrector de la UBA .<\/p>\n\n\n\n<p class=\"wp-block-paragraph\">La pol\u00e9mica surgi\u00f3 durante la discusi\u00f3n sobre la postura del radicalismo ante la segunda vuelta electoral, en la cual algunos l\u00edderes optaron por mantener una posici\u00f3n neutral y no respaldar a ninguno de los candidatos, ya sea Javier Milei o Sergio Massa.<\/p>\n\n\n\n<p class=\"wp-block-paragraph\">En ese momento, la periodista le pregunt\u00f3 acerca del &#8220;gui\u00f1o&#8221; que el ministro de Econom\u00eda hizo hacia la UCR en su discurso del domingo pasado, al mencionar la importancia de la educaci\u00f3n p\u00fablica.https:\/\/rudo.video\/vod\/bQWu9k?volume=0<\/p>\n\n\n\n<p class=\"wp-block-paragraph\">&#8220;A m\u00ed me parece l\u00f3gico, porque as\u00ed como&nbsp;<strong>Milei hizo un gui\u00f1o a las cosas que \u00e9l cre\u00eda que le pod\u00edan traer votos&nbsp;<\/strong>del otro espacio,&nbsp;<strong>Massa hace un gui\u00f1o a las cosas que est\u00e1n en juego&nbsp;<\/strong>o que Milei critica que son parte de nuestro espacio. Yo si fuese \u00e9l hubiese hecho lo mismo&#8221;, contest\u00f3 Yacobitti.<\/p>\n\n\n\n<p class=\"wp-block-paragraph\">V\u00e1zquez respondi\u00f3 mencionando un presunto inter\u00e9s de Franja Morada, la agrupaci\u00f3n pol\u00edtica universitaria del radicalismo, y sugiri\u00f3 que podr\u00edan estar recaudando recursos a trav\u00e9s de las fotocopias. &#8220;<strong>Es una caja, recaudan con las fotocopias<\/strong>&#8220;, dijo la periodista.<\/p>\n\n\n\n<p class=\"wp-block-paragraph\">Despu\u00e9s de que Yacobitti cuestionara y minimizara su declaraci\u00f3n, V\u00e1zquez agreg\u00f3:&nbsp;<strong>&#8220;Pusieron recursos de la UBA para la campa\u00f1a de Mart\u00edn Lousteau&#8221;<\/strong>. En ese momento, el legislador lanz\u00f3 una en\u00e9rgica advertencia.<\/p>\n\n\n\n<p class=\"wp-block-paragraph\"><a target=\"_blank\" href=\"https:\/\/www.perfil.com\/noticias\/politica\/emiliano-yacobitti-macri-lo-que-hizo-fue-destruir-a-los-candidatos-uno-por-uno.phtml\" rel=\"noreferrer noopener\"><strong>Emiliano Yacobitti: &#8220;Lo que hizo Macri fue destruir a los candidatos uno por uno&#8221;<\/strong><\/a><\/p>\n\n\n\n<p class=\"wp-block-paragraph\"><strong>&#8220;Yo te voy a pedir que vayamos a la justicia&nbsp;<\/strong>y que vos me digas que ratifique si es as\u00ed, que lo demuestres, y si no,&nbsp;<strong>que me pidas disculpas<\/strong>. Yo soy vicerrector de la UBA y vos est\u00e1s diciendo que yo comet\u00ed un delito&#8221;, dispar\u00f3 por la supuesta acusaci\u00f3n de fondos.<\/p>\n\n\n\n<p class=\"wp-block-paragraph\">Y agreg\u00f3 de manera aun m\u00e1s efusiva: &#8220;Vos dijiste que de la UBA pusieron recursos para la campa\u00f1a de Lousteau. Entonces, ahora lo que vamos a hacer es,&nbsp;<strong>vamos a ir a la justicia, yo voy a decir lo que vos dijiste, que te citen y que lo demuestres<\/strong>, y que si no, tengas que decir que vos dijiste que se pusieron fondos de la campa\u00f1a de la UBA para Lousteau&#8221;.<\/p>\n\n\n\n<figure data-spectra-id=\"spectra-d313a479-5ad7-4702-9c88-1bfa20b0629e\" class=\"wp-block-image\"><img decoding=\"async\" src=\"https:\/\/fotos.perfil.com\/\/2021\/12\/04\/900\/0\/martin-lousteau-y-emiliano-yacobitti-en-una-foto-de-archivo-en-un-acto-del-radicalismo-1279261.jpg\" alt=\"Mart\u00edn Lousteau y Emiliano Yacobitti, en una foto de archivo en un acto del radicalismo.\" title=\"Emiliano Yacobitti se cruz\u00f3 con una periodista y advirti\u00f3 que la llevar\u00eda a la Justicia por una &quot;falsa acusaci\u00f3n&quot;\" \/><\/figure>\n\n\n\n<p class=\"wp-block-paragraph\">Ante sus declaraciones, V\u00e1zquez le reproch\u00f3 que hab\u00eda malinterpretado su pregunta, ya que se refer\u00eda a recursos humanos. &#8220;<strong>Yo no dije fondos<\/strong>. Movilizaron estudiantes. Est\u00e1s tergiversando lo que dije&#8221;, se defendi\u00f3.<\/p>\n\n\n\n<p class=\"wp-block-paragraph\">Mientras tanto, V\u00e1zquez continu\u00f3 insistiendo en que su pregunta se centraba en el inter\u00e9s de la UCR en la educaci\u00f3n p\u00fablica y en el papel de la universidad como una&nbsp;<strong>&#8220;herramienta utilizada pol\u00edticamente&#8221;<\/strong>. Ante esto, Yacobitti concluy\u00f3 la discusi\u00f3n diciendo:&nbsp;<strong>&#8220;A esa pregunta que es muy distinta de la acusaci\u00f3n que hiciste antes, te respondo que no&#8221;.<\/strong><\/p>\n\n\n\n<p class=\"wp-block-paragraph\"><a target=\"_blank\" href=\"https:\/\/www.perfil.com\/noticias\/modo-fontevecchia\/emiliano-yacobitti-ni-siquiera-jorge-macri-dice-que-vota-a-milei-modof.phtml\" rel=\"noreferrer noopener\"><strong>Emiliano Yacobitti: &#8220;Ni siquiera Jorge Macri dice que vota a Javier Milei&#8221;<\/strong><\/a><\/p>\n\n\n\n<p class=\"wp-block-paragraph\">&#8220;Todas las fuerzas pol\u00edticas hicieron actos con estudiantes y es lo m\u00e1s normal del mundo, lo m\u00e1s natural. \u00bfTe parece que hacer acto con estudiantes como hicieron Bullrich, Lousteau, Massa, Jorge Macri y Santoro es decir que se usaron recursos de la universidad? \u00bfLo que hiciste sab\u00e9s qu\u00e9 fue?&nbsp;<strong>Tratar de ensuciarme a m\u00ed, a la UBA&nbsp;<\/strong>y no est\u00e1s dispuesta a ratificarlo en la Justicia&#8221;, agreg\u00f3 el vicerrector.<\/p>\n\n\n\n<p class=\"wp-block-paragraph\">V\u00e1zquez acept\u00f3 la invitaci\u00f3n para &#8220;confirmar cualquier punto&#8221;. A\u00f1adi\u00f3, visiblemente nerviosa y perturbada: &#8220;Pero no digas que yo dije algo que no dije, porque yo&nbsp;<strong>habl\u00e9 de recursos y vos interpretarse que me refer\u00eda a fondos&#8221;.<\/strong><\/p>\n\n\n\n<p class=\"wp-block-paragraph\"><strong>&#8220;Cuando me vaya de ac\u00e1 voy a llevar el tape a la justicia para que alguien act\u00fae de oficio<\/strong>&nbsp;y digan &#8216;ac\u00e1 hay una periodista que dice que se usaron fondos&#8217;\u201d, volvi\u00f3 a apuntar Yacobitti.<\/p>\n\n\n\n<p class=\"wp-block-paragraph\">\u201cBueno, igual baj\u00e1 la voz porque no hace falta que grites\u201d, le pidi\u00f3 V\u00e1zquez. Y agreg\u00f3: \u201cYo ratifico lo que vos quieras. No dije fondos, dije recursos y\u00a0<strong>me refer\u00eda a la movilizaci\u00f3n de estudiantes en la campa\u00f1a de Lousteau.\u00a0<\/strong>Centr\u00f3 su campa\u00f1a en la movilizaci\u00f3n\u201d.<\/p>\n\n\n\n<p class=\"wp-block-paragraph\">Fuente: <a href=\"https:\/\/www.perfil.com\/\">Perfil.com<\/a><\/p>","protected":false},"excerpt":{"rendered":"<p>Emiliano Yacobitti, diputado nacional por la UCR,\u00a0mantuvo un intenso debate\u00a0este jueves 26 de octubre por la noche con la periodista\u00a0Guadalupe V\u00e1zquez\u00a0en el transcurso del programa de\u00a0LN+\u00a0conducido por el periodista Eduardo Feinmann.\u00a0\u201cTe voy a pedir que vayamos a la Justicia\u201d, reaccion\u00f3 el vicerrector de la UBA . La pol\u00e9mica surgi\u00f3 durante la discusi\u00f3n sobre la postura [&hellip;]<\/p>\n","protected":false},"author":9,"featured_media":0,"comment_status":"open","ping_status":"open","sticky":false,"template":"","format":"standard","meta":{"site-sidebar-layout":"default","site-content-layout":"","ast-site-content-layout":"default","site-content-style":"default","site-sidebar-style":"default","ast-global-header-display":"","ast-banner-title-visibility":"","ast-main-header-display":"","ast-hfb-above-header-display":"","ast-hfb-below-header-display":"","ast-hfb-mobile-header-display":"","site-post-title":"","ast-breadcrumbs-content":"","ast-featured-img":"","footer-sml-layout":"","ast-disable-related-posts":"","theme-transparent-header-meta":"","adv-header-id-meta":"","stick-header-meta":"","header-above-stick-meta":"","header-main-stick-meta":"","header-below-stick-meta":"","astra-migrate-meta-layouts":"default","ast-page-background-enabled":"default","ast-page-background-meta":{"desktop":{"background-color":"","background-image":"","background-repeat":"repeat","background-position":"center center","background-size":"auto","background-attachment":"scroll","background-type":"","background-media":"","overlay-type":"","overlay-color":"","overlay-opacity":"","overlay-gradient":""},"tablet":{"background-color":"","background-image":"","background-repeat":"repeat","background-position":"center center","background-size":"auto","background-attachment":"scroll","background-type":"","background-media":"","overlay-type":"","overlay-color":"","overlay-opacity":"","overlay-gradient":""},"mobile":{"background-color":"","background-image":"","background-repeat":"repeat","background-position":"center center","background-size":"auto","background-attachment":"scroll","background-type":"","background-media":"","overlay-type":"","overlay-color":"","overlay-opacity":"","overlay-gradient":""}},"ast-content-background-meta":{"desktop":{"background-color":"var(--ast-global-color-5)","background-image":"","background-repeat":"repeat","background-position":"center center","background-size":"auto","background-attachment":"scroll","background-type":"","background-media":"","overlay-type":"","overlay-color":"","overlay-opacity":"","overlay-gradient":""},"tablet":{"background-color":"var(--ast-global-color-5)","background-image":"","background-repeat":"repeat","background-position":"center center","background-size":"auto","background-attachment":"scroll","background-type":"","background-media":"","overlay-type":"","overlay-color":"","overlay-opacity":"","overlay-gradient":""},"mobile":{"background-color":"var(--ast-global-color-5)","background-image":"","background-repeat":"repeat","background-position":"center center","background-size":"auto","background-attachment":"scroll","background-type":"","background-media":"","overlay-type":"","overlay-color":"","overlay-opacity":"","overlay-gradient":""}},"footnotes":""},"categories":[2],"tags":[],"class_list":["post-90568","post","type-post","status-publish","format-standard","hentry","category-politica"],"spectra_blocks_featured_image_url":null,"spectra_blocks_author_info":{"display_name":"Jorge Alfredo Baret","avatar_url":"https:\/\/secure.gravatar.com\/avatar\/31696f5ca83439b642450ec7d3f82f98451a5efacb414343d5478c982b337f26?s=96&d=mm&r=g","author_link":"https:\/\/100xd.com.ar\/en\/author\/jorge\/","description":"Ingeniero Qu\u00edmico UTN - Director Apoderado de Comunicaciones Auditadas SA. Editor Responsable 100xd.com.ar."},"_links":{"self":[{"href":"https:\/\/100xd.com.ar\/en\/wp-json\/wp\/v2\/posts\/90568","targetHints":{"allow":["GET"]}}],"collection":[{"href":"https:\/\/100xd.com.ar\/en\/wp-json\/wp\/v2\/posts"}],"about":[{"href":"https:\/\/100xd.com.ar\/en\/wp-json\/wp\/v2\/types\/post"}],"author":[{"embeddable":true,"href":"https:\/\/100xd.com.ar\/en\/wp-json\/wp\/v2\/users\/9"}],"replies":[{"embeddable":true,"href":"https:\/\/100xd.com.ar\/en\/wp-json\/wp\/v2\/comments?post=90568"}],"version-history":[{"count":1,"href":"https:\/\/100xd.com.ar\/en\/wp-json\/wp\/v2\/posts\/90568\/revisions"}],"predecessor-version":[{"id":90570,"href":"https:\/\/100xd.com.ar\/en\/wp-json\/wp\/v2\/posts\/90568\/revisions\/90570"}],"wp:attachment":[{"href":"https:\/\/100xd.com.ar\/en\/wp-json\/wp\/v2\/media?parent=90568"}],"wp:term":[{"taxonomy":"category","embeddable":true,"href":"https:\/\/100xd.com.ar\/en\/wp-json\/wp\/v2\/categories?post=90568"},{"taxonomy":"post_tag","embeddable":true,"href":"https:\/\/100xd.com.ar\/en\/wp-json\/wp\/v2\/tags?post=90568"}],"curies":[{"name":"wp","href":"https:\/\/api.w.org\/{rel}","templated":true}]}}