{"id":89301,"date":"2023-10-04T11:25:08","date_gmt":"2023-10-04T14:25:08","guid":{"rendered":"https:\/\/100xd.com.ar\/?p=89301"},"modified":"2023-10-04T11:25:08","modified_gmt":"2023-10-04T14:25:08","slug":"quienes-eran-y-a-que-partidos-pertenecian-los-duenos-de-las-tarjetas-que-tenia-chocolate-rigau","status":"publish","type":"post","link":"https:\/\/100xd.com.ar\/en\/quienes-eran-y-a-que-partidos-pertenecian-los-duenos-de-las-tarjetas-que-tenia-chocolate-rigau\/","title":{"rendered":"Qui\u00e9nes eran y a qu\u00e9 partidos pertenec\u00edan los due\u00f1os de las tarjetas que ten\u00eda \u201cChocolate\u201d Rigau"},"content":{"rendered":"<p class=\"wp-block-paragraph\">Apenas una horas antes del pol\u00e9mico cierre de la causa contra Jorge \u201cChocolate\u201d Rigau, la fiscal Betina Lacki recibi\u00f3 en su despacho los legajos de los empleados de la Legislatura bonaerense que le entregaron sus tarjetas al puntero del PJ. Fue la \u00faltima prueba importante que se sum\u00f3 al expediente. Infobae tuvo acceso a esa documentaci\u00f3n y comprob\u00f3 que&nbsp;<strong>la enorme mayor\u00eda trabajan o trabajaron para el bloque del Frente de Todos<\/strong>. Las denominaciones van cambiando de acuerdo a la fechas de ingreso:&nbsp;<strong>PJ, Frente para la Victoria y Frente Renovador<\/strong>. Lo llamativo que es que algunos de los implicados tambi\u00e9n integraron o integran el bloque de&nbsp;<strong>Cambiemos<\/strong>, al menos seg\u00fan los registros.<a href=\"https:\/\/www.infobae.com\/judiciales\/2023\/10\/04\/alberto-fernandez-fue-a-tribunales-dijo-que-se-sentia-lastimado-porque-lo-declararon-rebelde-en-una-causa-que-le-inicio-bruglia\/\" target=\"_blank\" rel=\"noreferrer noopener\">Te puede interesar:<strong>Alberto Fern\u00e1ndez fue a Tribunales: dijo que se sent\u00eda lastimado porque lo declararon rebelde en una causa que le inici\u00f3 Bruglia<\/strong><\/a><a href=\"https:\/\/www.infobae.com\/judiciales\/2023\/10\/04\/un-amigo-y-dos-testigos-complicaron-al-imputado-por-la-muerte-del-hijo-de-storani-que-declararon\/\" target=\"_blank\" rel=\"noreferrer noopener\">Te puede interesar:<strong>Un amigo y dos testigos complicaron al imputado por la muerte del hijo de Storani: qu\u00e9 declararon<\/strong><\/a><\/p>\n\n\n\n<p class=\"wp-block-paragraph\">Los legajos fueron pedidos por la fiscal apenas estall\u00f3 el esc\u00e1ndalo. La documentaci\u00f3n de cada uno de los empleados contiene datos personales, mail, n\u00famero de tel\u00e9fono, y hasta una foto. Adem\u00e1s, hay una&nbsp;<strong>foja de servicios&nbsp;<\/strong>con la fecha de ingreso y cada una de las novedades administrativas.<\/p>\n\n\n\n<p class=\"wp-block-paragraph\">En el listado se destacan&nbsp;<strong>Maximiliano, Cristian y Gerardo Rigau<\/strong>. La Justicia sospecha que son familiares directos de \u201cChocolate\u201d, pero cuando se anul\u00f3 la causa la fiscal todav\u00eda no hab\u00eda podido comprobar ese dato.<\/p>\n\n\n\n<p class=\"wp-block-paragraph\">Gerardo Rigau ingres\u00f3 a la Legislatura en 2004 para el bloque del Frente para la Victoria, y a partir de 2016 figura dentro del bloque del Frente Renovador. Llamativamente, en su declaraci\u00f3n jurada figura que tambi\u00e9n trabaja como empleado en un comercio desde 2012.<a href=\"https:\/\/www.infobae.com\/politica\/2023\/09\/29\/el-peronismo-bonaerense-desestima-el-impacto-del-efecto-chocolate-en-la-campana-y-juntos-mantiene-el-silencio\/\" rel=\"noreferrer noopener\" target=\"_blank\">Te puede interesar:<strong>El peronismo bonaerense desestima el impacto del \u201cefecto Chocolate\u201d en la campa\u00f1a y Juntos mantiene el silencio<\/strong><\/a><\/p>\n\n\n\n<p class=\"wp-block-paragraph\">En cambio,&nbsp;<strong>Cristian Rigau<\/strong>&nbsp;fue nombrado en enero de 2014 e inscripto como empleado de la Vicepresidencia 1, aunque al poco tiempo fue anotado en el bloque del Frente para la Victoria.<img loading=\"lazy\" decoding=\"async\" alt=\"El legajo de Maximiliano Rigau\" height=\"1933\" width=\"1920\" src=\"https:\/\/www.infobae.com\/new-resizer\/iiWFgbtPeCeXP1MnzJQuTAAUG24=\/arc-anglerfish-arc2-prod-infobae\/public\/HPMSUXQSYNEGFBTKUR46VNMOHE.jpg\" srcset=\"https:\/\/www.infobae.com\/new-resizer\/KsLAW2IEPTJRY23jTESYMN15cLw=\/420x420\/filters:format(webp):quality(85)\/cloudfront-us-east-1.images.arcpublishing.com\/infobae\/HPMSUXQSYNEGFBTKUR46VNMOHE.jpg 420w,https:\/\/www.infobae.com\/new-resizer\/Pv2sOKaopMsMrNY5uwqQCoCRFcU=\/768x768\/filters:format(webp):quality(85)\/cloudfront-us-east-1.images.arcpublishing.com\/infobae\/HPMSUXQSYNEGFBTKUR46VNMOHE.jpg 768w,https:\/\/www.infobae.com\/new-resizer\/iLInqvP51OXHW_uUaTEfI7H9qpI=\/992x992\/filters:format(webp):quality(85)\/cloudfront-us-east-1.images.arcpublishing.com\/infobae\/HPMSUXQSYNEGFBTKUR46VNMOHE.jpg 992w,https:\/\/www.infobae.com\/new-resizer\/9rsXrqcsWJB4JaagSyGviuI_a8c=\/1200x1200\/filters:format(webp):quality(85)\/cloudfront-us-east-1.images.arcpublishing.com\/infobae\/HPMSUXQSYNEGFBTKUR46VNMOHE.jpg 1200w,https:\/\/www.infobae.com\/new-resizer\/1lI1XJUy1d69NNtKEBQn1-oEc-A=\/1440x1440\/filters:format(webp):quality(85)\/cloudfront-us-east-1.images.arcpublishing.com\/infobae\/HPMSUXQSYNEGFBTKUR46VNMOHE.jpg 1440w\" title=\"Qui\u00e9nes eran y a qu\u00e9 partidos pertenec\u00edan los due\u00f1os de las tarjetas que ten\u00eda \u201cChocolate\u201d Rigau\">El legajo de Maximiliano Rigau<\/p>\n\n\n\n<p class=\"wp-block-paragraph\">Diego K\u00f6ster (68) es uno de los 16 empleados que llegaron a declarar ante la fiscal Lacki. \u201c<a rel=\"noreferrer noopener\" href=\"https:\/\/www.infobae.com\/judiciales\/2023\/09\/25\/que-declararon-los-empleados-de-la-legislatura-bonaerense-que-entregaban-sus-tarjetas-al-puntero-del-pj\/\" target=\"_blank\">Yo le di la tarjeta para que me hiciera un retiro, cada dos por tres le daba la tarjeta, era m\u00e1s c\u00f3modo, de todos modos \u00e9l me devolv\u00eda la tarjeta y el ticket con la plata\u201d<\/a>, asegur\u00f3 ante la Justicia. Luego, en declaraciones a los medios, se justific\u00f3 diciendo que \u201c<strong>no pod\u00eda ir a cobrar porque no le funcionaba la camioneta\u201d<\/strong>.<a href=\"https:\/\/www.infobae.com\/politica\/2023\/09\/28\/en-medio-del-caso-de-chocolate-rigau-el-senado-bonaerense-vuelve-a-sesionar-despues-de-cinco-meses\/\" rel=\"noreferrer noopener\" target=\"_blank\">Te puede interesar:<strong>En medio del caso de \u201cChocolate\u201d Rigau, el Senado bonaerense sesion\u00f3 despu\u00e9s de cinco meses<\/strong><\/a><\/p>\n\n\n\n<p class=\"wp-block-paragraph\">Su legajo, el 25.456, revela que<strong>&nbsp;ingres\u00f3 a la Legislatura en enero de 2017 para el bloque de Cambiemos<\/strong>, aunque su situaci\u00f3n se modific\u00f3 en 2020. Desde entonces figura inscripto como \u201cbloque pol\u00edtico\u201d, una categor\u00eda amplia donde puede aparecer desde un secretario de bloque hasta un simple asesor.<img loading=\"lazy\" decoding=\"async\" alt=\"Diego K\u00f6ster dijo que no pod\u00eda ir a cobrar porque no le funcionaba la camioneta\" height=\"1080\" width=\"1920\" src=\"https:\/\/www.infobae.com\/new-resizer\/Sw_EqfwZk0HYTHp6_88uyQz0VGA=\/arc-anglerfish-arc2-prod-infobae\/public\/XI6NUPBURZC4RDOWYGLMTH45DQ.jpg\" srcset=\"https:\/\/www.infobae.com\/new-resizer\/NIy3CE7Lc5x-WPRV3LMUKQCqKes=\/420x236\/filters:format(webp):quality(85)\/cloudfront-us-east-1.images.arcpublishing.com\/infobae\/XI6NUPBURZC4RDOWYGLMTH45DQ.jpg 420w,https:\/\/www.infobae.com\/new-resizer\/5pDmz1GPo_zSFgZMizWnq0_2CVc=\/768x432\/filters:format(webp):quality(85)\/cloudfront-us-east-1.images.arcpublishing.com\/infobae\/XI6NUPBURZC4RDOWYGLMTH45DQ.jpg 768w,https:\/\/www.infobae.com\/new-resizer\/p93VdSMs0DO3z-w2fZgo3lqlGCM=\/992x558\/filters:format(webp):quality(85)\/cloudfront-us-east-1.images.arcpublishing.com\/infobae\/XI6NUPBURZC4RDOWYGLMTH45DQ.jpg 992w,https:\/\/www.infobae.com\/new-resizer\/W8JMzcskdWrEU6HNw4hFCV8jFXw=\/1200x675\/filters:format(webp):quality(85)\/cloudfront-us-east-1.images.arcpublishing.com\/infobae\/XI6NUPBURZC4RDOWYGLMTH45DQ.jpg 1200w,https:\/\/www.infobae.com\/new-resizer\/2My7NheqoyeeAjTXVFKZisIHomg=\/1440x810\/filters:format(webp):quality(85)\/cloudfront-us-east-1.images.arcpublishing.com\/infobae\/XI6NUPBURZC4RDOWYGLMTH45DQ.jpg 1440w\" title=\"Qui\u00e9nes eran y a qu\u00e9 partidos pertenec\u00edan los due\u00f1os de las tarjetas que ten\u00eda \u201cChocolate\u201d Rigau\">Diego K\u00f6ster dijo que no pod\u00eda ir a cobrar porque no le funcionaba la camioneta<\/p>\n\n\n\n<p class=\"wp-block-paragraph\">K\u00f6ster asegur\u00f3 ante la fiscal que cumpl\u00eda tareas en la Legislatura de lunes a viernes de 8 a 13 horas y que cobraba entre 560 y 570 mil pesos por sus servicios. Semejante ingreso no le alcanzaba para arreglar la camioneta.<\/p>\n\n\n\n<p class=\"wp-block-paragraph\">La gran mayor\u00eda de los empleados involucrados, siempre de acuerdo a sus legajos, tienen varios a\u00f1os de antig\u00fcedad en la Legislatura e ingresaron antes de 2019, cuando la C\u00e1mara de Diputados qued\u00f3 en manos de Federico Oterm\u00edn, el delf\u00edn de Mart\u00edn Insaurralde que se candidatea para la intendencia de Lomas de Zamora.<\/p>\n\n\n\n<p class=\"wp-block-paragraph\">De los \u00faltimos ingresos se destaca el caso de&nbsp;<strong>Brenda Gisele Caro<\/strong>, que aterriz\u00f3 en enero de este a\u00f1o. Cuando ingres\u00f3 como empleada, declar\u00f3 que tambi\u00e9n trabajaba como empleada de un comercio en la calle 7 de La Plata.<\/p>\n\n\n\n<p class=\"wp-block-paragraph\">Al momento de declarar ante la Justicia, casi todos los empleados aseguraron que lo conoc\u00edan a Rigau y que&nbsp;<strong>le entregaban de manera voluntaria la tarjeta,&nbsp;<\/strong>algo que sorprendi\u00f3 a los investigadores. Tambi\u00e9n revelaron que ya hab\u00edan sido interrogados por una abogada de la Legislatura, en el marco de un sumario interno abierto apenas estall\u00f3 el esc\u00e1ndalo.<\/p>\n\n\n\n<p class=\"wp-block-paragraph\">El \u00fanico que se corri\u00f3 del libreto fue&nbsp;<strong>Ezequiel Tocci<\/strong>, quien asegur\u00f3 que entreg\u00f3 su tarjeta en la C\u00e1mara porque le hab\u00edan asegurado que su contrato no hab\u00eda prosperado. Sin embargo, su legajo demuestra que ingres\u00f3 en 2016, durante el gobierno de Cambiemos.<img loading=\"lazy\" decoding=\"async\" alt=\"Ezequiel Tocci asegur\u00f3 que entreg\u00f3 su tarjeta en la C\u00e1mara porque le hab\u00edan asegurado que su contrato no hab\u00eda prosperado\" height=\"1129\" width=\"1920\" src=\"https:\/\/www.infobae.com\/new-resizer\/GqasttsQ5NlHYzZdz5W1ioVv-Co=\/arc-anglerfish-arc2-prod-infobae\/public\/ZXUM53RN3VCQZJGN2DYRT4IPU4.jpg\" srcset=\"https:\/\/www.infobae.com\/new-resizer\/Mm7Rv4nctZQJ1vjkDnTWqy_B8wg=\/992x606\/filters:format(webp):quality(85)\/cloudfront-us-east-1.images.arcpublishing.com\/infobae\/ZXUM53RN3VCQZJGN2DYRT4IPU4.jpg 992w\" title=\"Qui\u00e9nes eran y a qu\u00e9 partidos pertenec\u00edan los due\u00f1os de las tarjetas que ten\u00eda \u201cChocolate\u201d Rigau\">Ezequiel Tocci asegur\u00f3 que entreg\u00f3 su tarjeta en la C\u00e1mara porque le hab\u00edan asegurado que su contrato no hab\u00eda prosperado<\/p>\n\n\n\n<p class=\"wp-block-paragraph\">Entre los legajos de las 48 personas que le entregaron sus tarjetas a Rigau hay varios empleados que fueron cambiando de bloque pol\u00edtico con el paso de los a\u00f1os.&nbsp;<strong>Infobae&nbsp;<\/strong>detect\u00f3 los casos de Ra\u00fal Folone, que ingres\u00f3 en 2004 para el bloque del PJ y termin\u00f3 en Cambiemos, y de Rub\u00e9n Mendivil, que pas\u00f3 por el PJ, el Frente para la Victoria y termin\u00f3 en Cambiemos.<\/p>\n\n\n\n<p class=\"wp-block-paragraph\">Tambi\u00e9n hay al menos media docena de empleados que integraron la filas del Frente Renovador:&nbsp;<strong>Marisol Correa, Paula Valdata, Carlos Ravetllat, Mar\u00eda Cecilia D\u2019Ovidio, y Juan Mart\u00edn M\u00e9ndez.<\/strong><\/p>\n\n\n\n<p class=\"wp-block-paragraph\">Rigau es un hist\u00f3rico puntero vinculado al PJ provincial y hasta fue candidato a concejal suplente, en 2019, en una lista que encabezaba el precandidato a intendente Guillermo Escudero, del Frente de Todos, uno de los primeros que intent\u00f3 despegarse. Tambi\u00e9n se lo vincula a Claudio Albini, que siempre estuvo en el \u00e1rea Legislativa de la C\u00e1mara de Diputados bonaerense, y a su hijo, Facundo, actual concejal de La Plata y dirigente del Frente Renovador.<img loading=\"lazy\" decoding=\"async\" alt=\"La foja de servicios de Ram\u00f3n Sosa\" height=\"1395\" width=\"1920\" src=\"https:\/\/www.infobae.com\/new-resizer\/Sdyb2zvuKMORJTMQuz6LRzf3tcI=\/arc-anglerfish-arc2-prod-infobae\/public\/OZUPJZDGENBK7JGPC37DIZTQME.jpg\" srcset=\"https:\/\/www.infobae.com\/new-resizer\/AC8nw0uvtHLTEMbvF3KkIN0kgRU=\/420x315\/filters:format(webp):quality(85)\/cloudfront-us-east-1.images.arcpublishing.com\/infobae\/OZUPJZDGENBK7JGPC37DIZTQME.jpg 420w,https:\/\/www.infobae.com\/new-resizer\/DTmi2oTBQhnIrBJQZCGFZ4X94Mw=\/768x576\/filters:format(webp):quality(85)\/cloudfront-us-east-1.images.arcpublishing.com\/infobae\/OZUPJZDGENBK7JGPC37DIZTQME.jpg 768w,https:\/\/www.infobae.com\/new-resizer\/5Bl8XjKmFfW3nRDGDisl5wE2hJI=\/992x744\/filters:format(webp):quality(85)\/cloudfront-us-east-1.images.arcpublishing.com\/infobae\/OZUPJZDGENBK7JGPC37DIZTQME.jpg 992w,https:\/\/www.infobae.com\/new-resizer\/C9jB_ze7ob7BYHSEN1SKVY0J1AU=\/1200x900\/filters:format(webp):quality(85)\/cloudfront-us-east-1.images.arcpublishing.com\/infobae\/OZUPJZDGENBK7JGPC37DIZTQME.jpg 1200w,https:\/\/www.infobae.com\/new-resizer\/Uc5hqYUhh2K0Ozs6UZaFw9QLMG4=\/1440x1080\/filters:format(webp):quality(85)\/cloudfront-us-east-1.images.arcpublishing.com\/infobae\/OZUPJZDGENBK7JGPC37DIZTQME.jpg 1440w\" title=\"Qui\u00e9nes eran y a qu\u00e9 partidos pertenec\u00edan los due\u00f1os de las tarjetas que ten\u00eda \u201cChocolate\u201d Rigau\">La foja de servicios de Ram\u00f3n Sosa<\/p>\n\n\n\n<p class=\"wp-block-paragraph\">Llamativamente, en al menos tres de los legajos en poder de la Justicia aparece mencionado&nbsp;<strong>Adri\u00e1n Urreli,&nbsp;<\/strong>vicepresidente de la Legislatura por el bloque de Juntos por el Cambio. Su nombre figura en los legajos de Lilia Malmaceda, Ramiro Pascual y Ram\u00f3n Sosa, tres empleados que ingresaron para el bloque del PJ. Pero se tratar\u00eda de un error administrativo porque las fechas no se corresponden con el mandato de Urreli, que ingres\u00f3 a la Legislatura reci\u00e9n en 2017. \u201cEn 2021 se sac\u00f3 la nominatividad de las vicepresidencias y eso debe haber generado un error en los papeles\u201d, explicaron cerca de Urreli.<\/p>\n\n\n\n<h2 class=\"wp-block-heading\">C\u00f3mo sigue la causa judicial<\/h2>\n\n\n\n<p class=\"wp-block-paragraph\">Rigau fue detenido el 9 de septiembre en un cajero ubicado en la calle 54 y la avenida 7, de la ciudad de La Plata, mientras retiraba los sueldos de 48 empleados de la Legislatura bonaerense.&nbsp;<strong>En su poder ya ten\u00eda $1.260.000.&nbsp;<\/strong>Adem\u00e1s le secuestraron una tarjeta a su nombre del Banco Macro.<img loading=\"lazy\" decoding=\"async\" alt=\"Julio Rigau\" height=\"1080\" width=\"1920\" src=\"https:\/\/www.infobae.com\/new-resizer\/K6F-9oWllN9miiqOhDjJQfMQ0Bo=\/arc-anglerfish-arc2-prod-infobae\/public\/DCLCUEPPFVFSLNIGOXKTTPNLDM.jpg\" srcset=\"https:\/\/www.infobae.com\/new-resizer\/9pPvdgXFLtbpEtng-vCzrOwB9R8=\/420x236\/filters:format(webp):quality(85)\/cloudfront-us-east-1.images.arcpublishing.com\/infobae\/DCLCUEPPFVFSLNIGOXKTTPNLDM.jpg 420w,https:\/\/www.infobae.com\/new-resizer\/13Di_RFH_QUnJHABYnJKPoniyUE=\/768x432\/filters:format(webp):quality(85)\/cloudfront-us-east-1.images.arcpublishing.com\/infobae\/DCLCUEPPFVFSLNIGOXKTTPNLDM.jpg 768w,https:\/\/www.infobae.com\/new-resizer\/APV8LuaqjuCOvTFqnYD0QeOkkr8=\/992x558\/filters:format(webp):quality(85)\/cloudfront-us-east-1.images.arcpublishing.com\/infobae\/DCLCUEPPFVFSLNIGOXKTTPNLDM.jpg 992w,https:\/\/www.infobae.com\/new-resizer\/3ZS4k_E6v3lqvmq5NBTpuPLWv60=\/1200x675\/filters:format(webp):quality(85)\/cloudfront-us-east-1.images.arcpublishing.com\/infobae\/DCLCUEPPFVFSLNIGOXKTTPNLDM.jpg 1200w,https:\/\/www.infobae.com\/new-resizer\/WJR0xw4fLWyP-o4Ev2KyFetYHSo=\/1440x810\/filters:format(webp):quality(85)\/cloudfront-us-east-1.images.arcpublishing.com\/infobae\/DCLCUEPPFVFSLNIGOXKTTPNLDM.jpg 1440w\" title=\"Qui\u00e9nes eran y a qu\u00e9 partidos pertenec\u00edan los due\u00f1os de las tarjetas que ten\u00eda \u201cChocolate\u201d Rigau\">Julio Rigau<\/p>\n\n\n\n<p class=\"wp-block-paragraph\">El arresto se concret\u00f3 cuando un cliente del Banco Provincia alert\u00f3 a la Polic\u00eda que hab\u00eda una persona que llevaba mucho tiempo parado frente a uno de los cajeros autom\u00e1ticos. Cuando lo requisaron, se dieron cuenta que llevaba dinero, tarjetas, sobres, y varios tickets.<\/p>\n\n\n\n<p class=\"wp-block-paragraph\">La investigaci\u00f3n se fren\u00f3 hace dos semanas cuando la C\u00e1mara de Apelaciones, con el voto de los jueces Juan Alberto Benavides y Alejandro Gustavo Villordo, orden\u00f3 liberar a \u201cChocolate\u201d y anul\u00f3 la causa argumentando que hab\u00eda sido detenido de manera ilegal. El viernes pasado,\u00a0<a rel=\"noreferrer noopener\" href=\"https:\/\/www.infobae.com\/judiciales\/2023\/09\/29\/el-fiscal-general-de-la-plata-apelo-el-fallo-que-anulo-la-causa-contra-el-puntero-del-pj-julio-chocolate-rigau\/\" target=\"_blank\">el fiscal general de La Plata, H\u00e9ctor Vogliolo, apel\u00f3 ese fallo\u00a0<\/a>y ahora el futuro est\u00e1 en manos de la C\u00e1mara de Casaci\u00f3n.<\/p>\n\n\n\n<p class=\"wp-block-paragraph\">Fuente:<a href=\"https:\/\/www.infobae.com\/?noredirect\"> Infobae.com<\/a><\/p>","protected":false},"excerpt":{"rendered":"<p>Apenas una horas antes del pol\u00e9mico cierre de la causa contra Jorge \u201cChocolate\u201d Rigau, la fiscal Betina Lacki recibi\u00f3 en su despacho los legajos de los empleados de la Legislatura bonaerense que le entregaron sus tarjetas al puntero del PJ. Fue la \u00faltima prueba importante que se sum\u00f3 al expediente. Infobae tuvo acceso a esa [&hellip;]<\/p>\n","protected":false},"author":9,"featured_media":0,"comment_status":"open","ping_status":"open","sticky":false,"template":"","format":"standard","meta":{"site-sidebar-layout":"default","site-content-layout":"","ast-site-content-layout":"default","site-content-style":"default","site-sidebar-style":"default","ast-global-header-display":"","ast-banner-title-visibility":"","ast-main-header-display":"","ast-hfb-above-header-display":"","ast-hfb-below-header-display":"","ast-hfb-mobile-header-display":"","site-post-title":"","ast-breadcrumbs-content":"","ast-featured-img":"","footer-sml-layout":"","ast-disable-related-posts":"","theme-transparent-header-meta":"","adv-header-id-meta":"","stick-header-meta":"","header-above-stick-meta":"","header-main-stick-meta":"","header-below-stick-meta":"","astra-migrate-meta-layouts":"default","ast-page-background-enabled":"default","ast-page-background-meta":{"desktop":{"background-color":"","background-image":"","background-repeat":"repeat","background-position":"center center","background-size":"auto","background-attachment":"scroll","background-type":"","background-media":"","overlay-type":"","overlay-color":"","overlay-opacity":"","overlay-gradient":""},"tablet":{"background-color":"","background-image":"","background-repeat":"repeat","background-position":"center center","background-size":"auto","background-attachment":"scroll","background-type":"","background-media":"","overlay-type":"","overlay-color":"","overlay-opacity":"","overlay-gradient":""},"mobile":{"background-color":"","background-image":"","background-repeat":"repeat","background-position":"center center","background-size":"auto","background-attachment":"scroll","background-type":"","background-media":"","overlay-type":"","overlay-color":"","overlay-opacity":"","overlay-gradient":""}},"ast-content-background-meta":{"desktop":{"background-color":"var(--ast-global-color-5)","background-image":"","background-repeat":"repeat","background-position":"center center","background-size":"auto","background-attachment":"scroll","background-type":"","background-media":"","overlay-type":"","overlay-color":"","overlay-opacity":"","overlay-gradient":""},"tablet":{"background-color":"var(--ast-global-color-5)","background-image":"","background-repeat":"repeat","background-position":"center center","background-size":"auto","background-attachment":"scroll","background-type":"","background-media":"","overlay-type":"","overlay-color":"","overlay-opacity":"","overlay-gradient":""},"mobile":{"background-color":"var(--ast-global-color-5)","background-image":"","background-repeat":"repeat","background-position":"center center","background-size":"auto","background-attachment":"scroll","background-type":"","background-media":"","overlay-type":"","overlay-color":"","overlay-opacity":"","overlay-gradient":""}},"footnotes":""},"categories":[2],"tags":[],"class_list":["post-89301","post","type-post","status-publish","format-standard","hentry","category-politica"],"spectra_blocks_featured_image_url":null,"spectra_blocks_author_info":{"display_name":"Jorge Alfredo Baret","avatar_url":"https:\/\/secure.gravatar.com\/avatar\/31696f5ca83439b642450ec7d3f82f98451a5efacb414343d5478c982b337f26?s=96&d=mm&r=g","author_link":"https:\/\/100xd.com.ar\/en\/author\/jorge\/","description":"Ingeniero Qu\u00edmico UTN - Director Apoderado de Comunicaciones Auditadas SA. Editor Responsable 100xd.com.ar."},"_links":{"self":[{"href":"https:\/\/100xd.com.ar\/en\/wp-json\/wp\/v2\/posts\/89301","targetHints":{"allow":["GET"]}}],"collection":[{"href":"https:\/\/100xd.com.ar\/en\/wp-json\/wp\/v2\/posts"}],"about":[{"href":"https:\/\/100xd.com.ar\/en\/wp-json\/wp\/v2\/types\/post"}],"author":[{"embeddable":true,"href":"https:\/\/100xd.com.ar\/en\/wp-json\/wp\/v2\/users\/9"}],"replies":[{"embeddable":true,"href":"https:\/\/100xd.com.ar\/en\/wp-json\/wp\/v2\/comments?post=89301"}],"version-history":[{"count":1,"href":"https:\/\/100xd.com.ar\/en\/wp-json\/wp\/v2\/posts\/89301\/revisions"}],"predecessor-version":[{"id":89303,"href":"https:\/\/100xd.com.ar\/en\/wp-json\/wp\/v2\/posts\/89301\/revisions\/89303"}],"wp:attachment":[{"href":"https:\/\/100xd.com.ar\/en\/wp-json\/wp\/v2\/media?parent=89301"}],"wp:term":[{"taxonomy":"category","embeddable":true,"href":"https:\/\/100xd.com.ar\/en\/wp-json\/wp\/v2\/categories?post=89301"},{"taxonomy":"post_tag","embeddable":true,"href":"https:\/\/100xd.com.ar\/en\/wp-json\/wp\/v2\/tags?post=89301"}],"curies":[{"name":"wp","href":"https:\/\/api.w.org\/{rel}","templated":true}]}}