{"id":87642,"date":"2023-09-04T12:00:51","date_gmt":"2023-09-04T15:00:51","guid":{"rendered":"https:\/\/100xd.com.ar\/?p=87642"},"modified":"2023-09-04T12:00:51","modified_gmt":"2023-09-04T15:00:51","slug":"del-bronce-a-la-verguenza","status":"publish","type":"post","link":"https:\/\/100xd.com.ar\/en\/del-bronce-a-la-verguenza\/","title":{"rendered":"Del bronce a la verg\u00fcenza"},"content":{"rendered":"<p class=\"wp-block-paragraph\">Los saqueos y robos a locales comerciales que tuvieron lugar en distintos puntos del pa\u00eds recientemente no han sido algo extraordinario. Hay muchas otras formas de&nbsp;<mark>vandalismo<\/mark>&nbsp;a las que nuestra castigada sociedad parece haberse acostumbrado o resignado ante la&nbsp;<mark>pasividad de la Justicia<\/mark>&nbsp;y la&nbsp;<mark>inoperancia de las fuerzas de seguridad<\/mark>&nbsp;que, incumpliendo sus deberes y las reglamentaciones vigentes, nada hacen para evitarlas o penalizarlas.<\/p>\n\n\n\n<p class=\"wp-block-paragraph\"><mark>La ciudad de Buenos Aires viene siendo exhaustiva y silenciosamente saqueada por amigos de lo ajeno que posan sus ojos en cuanto elemento de bronce salta a su vista.<\/mark>&nbsp;A lo largo de m\u00e1s de cuatro a\u00f1os se han sustra\u00eddo buzones, llamadores, manijas, porteros el\u00e9ctricos, adornos, picaportes, pasamanos, placas, letreros, cables y tapas de inspecci\u00f3n de las veredas, por solo nombrar algunos codiciados elementos met\u00e1licos. Todo suma cuando solo cuenta su peso; desde el dise\u00f1o m\u00e1s simple y sencillo hasta aquellos irreemplazables por su belleza y calidad art\u00edstica, legado de otros tiempos. Hasta en plena pandemia el suministro de ox\u00edgeno en un hospital de Reconquista se vio interrumpido cuando fueron robadas unas ca\u00f1er\u00edas de bronce.<\/p>\n\n\n\n<p class=\"wp-block-paragraph\">La Bolsa de Comercio porte\u00f1a perdi\u00f3 en junio pasado dos hist\u00f3ricas aldabas con cabezas de leones, afortunadamente recuperadas al atraparse al ladr\u00f3n. La fuente de la Plaza Alemania, en Palermo Chico, vio desaparecer 7 de sus 16 escudos de 150 kilos cada uno, mientras que en la Plaza Francia, en el coraz\u00f3n de Recoleta, el monumento obsequio de la colectividad gala se vio tambi\u00e9n despojado de 3 relieves de 250 kilos que ocupaban su base. Ambas obras hab\u00edan sido declaradas monumento hist\u00f3rico nacional.<\/p>\n\n\n\n<p class=\"wp-block-paragraph\">Placas conmemorativas de importantes conjuntos escult\u00f3ricos, como los del general Carlos Mar\u00eda de Alvear en Recoleta y del general Jos\u00e9 de San Mart\u00edn en Retiro, tambi\u00e9n fueron robadas, borrando memoria hist\u00f3rica e informaci\u00f3n did\u00e1ctica, para ser reemplazadas en alg\u00fan caso por otras de resina.<\/p>\n\n\n\n<p class=\"wp-block-paragraph\">Hablamos, en rigor, de delitos diferentes cuando el robo involucra una valiosa escultura o una chapa de bronce.&nbsp;<mark>El 80% de las 2300 esculturas porte\u00f1as son de bronce. Nada menos que la mitad de ellas han sufrido mutilaciones.<\/mark>&nbsp;<em>El Herakles<\/em>&nbsp;de&nbsp;<strong>\u00c9mile Bourdelle<\/strong>&nbsp;perdi\u00f3 parte de su arco; decapitadas y destrozadas quedaron las cinco figuras principales del&nbsp;<mark>Monumento a Espa\u00f1a<\/mark>&nbsp;ubicado en la Costanera Sur. En la plaza contigua al&nbsp;<strong>Museo Nacional de Bellas Artes<\/strong>,&nbsp;<em>El segador<\/em>, de&nbsp;<strong>Constantin Meunier<\/strong>, perdi\u00f3 su guada\u00f1a y a punto estuvo de perder un brazo antes de ser trasladado al predio de&nbsp;<strong>Monumentos y Obras de Arte (MOA)<\/strong>&nbsp;junto a&nbsp;<em>El sembrador<\/em>, del mismo autor, donde se custodian cientos de esculturas que peligran en el espacio p\u00fablico.<\/p>\n\n\n\n<p class=\"wp-block-paragraph\">Desde 1996 desaparecieron unas 13 esculturas de bronce, de entre 20 y 450 kilos, engrosando listas de captura internacional.&nbsp;<em>La Ni\u00f1a Feliz<\/em>, por ejemplo, donada por el Gobierno de los Pa\u00edses Bajos y emplazada en Puerto Madero, fue robada en 2019, y detectada luego en Paraguay.<\/p>\n\n\n\n<p class=\"wp-block-paragraph\"><mark>Los cementerios no son la excepci\u00f3n.<\/mark>&nbsp;En el de la Chacarita, la estatua de Jos\u00e9 Gregorio Rossi, creador de la c\u00e9dula de identidad, de casi media tonelada de peso, desapareci\u00f3 misteriosamente en 2019 como ya hab\u00eda sucedido con los bustos de Jos\u00e9 Ignacio Rucci y Eva Per\u00f3n. En 2022, m\u00e1s de 300 placas de bronce fueron robadas en un fin de semana, tras ser arrancadas de tumbas del Cementerio Israelita de La Tablada, ante la total indiferencia e inacci\u00f3n de las autoridades, denunciada por la AMIA.<\/p>\n\n\n\n<p class=\"wp-block-paragraph\"><mark>Las iglesias no escaparon a las acciones vand\u00e1licas.<\/mark>&nbsp;Al robo de la baranda de la escalinata de la&nbsp;<mark>iglesia de San Nicol\u00e1s<\/mark>&nbsp;se han sumado m\u00e1s recientemente los tableros de bronce de las puertas de la&nbsp;<mark>Bas\u00edlica del Socorro<\/mark>.<\/p>\n\n\n\n<p class=\"wp-block-paragraph\">El Gobierno de la Ciudad, responsable del control y la seguridad de las calles porte\u00f1as, parecer\u00eda no haberse ocupado jam\u00e1s del problema. No ha habido campa\u00f1a de denuncia y esclarecimiento en procura de proteger el vandalizado patrimonio de los contribuyentes. El bronce sustra\u00eddo ir\u00e1 subiendo de precio en su derrotero, un circuito que involucra a distintos actores, formales e informales.<\/p>\n\n\n\n<p class=\"wp-block-paragraph\">En lo que va del a\u00f1o la Polic\u00eda de la Ciudad ha detenido a 53 personas por robo de bronces de frentes de edificios antes de que pudieran vender sus malhabidos tesoros a alguno de los galpones clandestinos \u2013o chatarrer\u00edas, seg\u00fan la jerga\u2013 ubicados en distintas zonas del \u00e1mbito metropolitano de Buenos Aires, como el barrio de Constituci\u00f3n. Se estima que el aumento de oferentes en el rubro de los metales ronda el 40% desde 2020. Quien recibe estos metales no hace distingos entre lo robado o lo surgido de una demolici\u00f3n o un desguace. A diferencia de lo que ocurre con los autopartes, no hay trazabilidad posible. Entre los materiales m\u00e1s vendidos ilegalmente, se encuentran adem\u00e1s del bronce, el cobre y el acero.<\/p>\n\n\n\n<p class=\"wp-block-paragraph\">No pocas veces las piezas terminan escondidas en carros de cartoneros que las fuerzas policiales no podr\u00e1n requisar sin raz\u00f3n valedera. El fomento oficial a la tarea de los recicladores contribuye a proteger a los autores o encubridores de estos delitos. Los circuitos son bien conocidos y muy f\u00e1cilmente detectables.<\/p>\n\n\n\n<p class=\"wp-block-paragraph\">Fiscalizar y obstaculizar la recepci\u00f3n de aquello de dudosa procedencia, penalizando a los comercios que los reciben, e investigar el destino de las piezas, controlando tambi\u00e9n a los fundidores de metales, ser\u00eda una forma de desalentar el robo de estos objetos que terminar\u00e1n convertidos en canillas o incluso en nuevas esculturas, cuando no en lingotes para exportaci\u00f3n. Tipificar y extremar las sanciones a este tipo de hechos il\u00edcitos ser\u00eda tambi\u00e9n una forma de prevenirlos.<\/p>\n\n\n\n<p class=\"wp-block-paragraph\">El mercado negro del bronce tiene ramificaciones internacionales y es responsable de la desaparici\u00f3n de unas 30 toneladas de bronce art\u00edstico de nuestro pa\u00eds, por las que se pagan precios muy superiores a los locales. Hablamos de episodios que, si bien se dan tambi\u00e9n en otros lugares del mundo, se han incrementado localmente en calles casi vac\u00edas en pandemia y ante el recrudecimiento de nuestra situaci\u00f3n econ\u00f3mica.<\/p>\n\n\n\n<p class=\"wp-block-paragraph\"><mark>Detener esta sangr\u00eda resulta imposible sin voluntad pol\u00edtica.<\/mark>&nbsp;Las c\u00e1maras de seguridad resultan in\u00fatiles si no se investiga porque se presume, no sin fundamento, que un juez liberar\u00e1 al ladr\u00f3n sin titubeos. La convergencia de pobrismo y vil garantismo nos ha llevado a naturalizar el delito.<\/p>\n\n\n\n<p class=\"wp-block-paragraph\">Es penoso constatar c\u00f3mo la negligencia oficial coadyuva, por acci\u00f3n u omisi\u00f3n, al crecimiento de estas actividades il\u00edcitas con cadenas de complicidad alimentadas por millonarios negocios, incrementando la inseguridad y el deterioro del patrimonio urbano y la calidad de vida.<\/p>\n\n\n\n<p class=\"wp-block-paragraph\">Fuente:<a href=\"https:\/\/www.lanacion.com.ar\/\"> La Naci\u00f3n<\/a><\/p>","protected":false},"excerpt":{"rendered":"<p>Los saqueos y robos a locales comerciales que tuvieron lugar en distintos puntos del pa\u00eds recientemente no han sido algo extraordinario. Hay muchas otras formas de&nbsp;vandalismo&nbsp;a las que nuestra castigada sociedad parece haberse acostumbrado o resignado ante la&nbsp;pasividad de la Justicia&nbsp;y la&nbsp;inoperancia de las fuerzas de seguridad&nbsp;que, incumpliendo sus deberes y las reglamentaciones vigentes, nada [&hellip;]<\/p>\n","protected":false},"author":9,"featured_media":0,"comment_status":"open","ping_status":"open","sticky":false,"template":"","format":"standard","meta":{"site-sidebar-layout":"default","site-content-layout":"","ast-site-content-layout":"default","site-content-style":"default","site-sidebar-style":"default","ast-global-header-display":"","ast-banner-title-visibility":"","ast-main-header-display":"","ast-hfb-above-header-display":"","ast-hfb-below-header-display":"","ast-hfb-mobile-header-display":"","site-post-title":"","ast-breadcrumbs-content":"","ast-featured-img":"","footer-sml-layout":"","ast-disable-related-posts":"","theme-transparent-header-meta":"","adv-header-id-meta":"","stick-header-meta":"","header-above-stick-meta":"","header-main-stick-meta":"","header-below-stick-meta":"","astra-migrate-meta-layouts":"default","ast-page-background-enabled":"default","ast-page-background-meta":{"desktop":{"background-color":"","background-image":"","background-repeat":"repeat","background-position":"center center","background-size":"auto","background-attachment":"scroll","background-type":"","background-media":"","overlay-type":"","overlay-color":"","overlay-opacity":"","overlay-gradient":""},"tablet":{"background-color":"","background-image":"","background-repeat":"repeat","background-position":"center center","background-size":"auto","background-attachment":"scroll","background-type":"","background-media":"","overlay-type":"","overlay-color":"","overlay-opacity":"","overlay-gradient":""},"mobile":{"background-color":"","background-image":"","background-repeat":"repeat","background-position":"center center","background-size":"auto","background-attachment":"scroll","background-type":"","background-media":"","overlay-type":"","overlay-color":"","overlay-opacity":"","overlay-gradient":""}},"ast-content-background-meta":{"desktop":{"background-color":"var(--ast-global-color-5)","background-image":"","background-repeat":"repeat","background-position":"center center","background-size":"auto","background-attachment":"scroll","background-type":"","background-media":"","overlay-type":"","overlay-color":"","overlay-opacity":"","overlay-gradient":""},"tablet":{"background-color":"var(--ast-global-color-5)","background-image":"","background-repeat":"repeat","background-position":"center center","background-size":"auto","background-attachment":"scroll","background-type":"","background-media":"","overlay-type":"","overlay-color":"","overlay-opacity":"","overlay-gradient":""},"mobile":{"background-color":"var(--ast-global-color-5)","background-image":"","background-repeat":"repeat","background-position":"center center","background-size":"auto","background-attachment":"scroll","background-type":"","background-media":"","overlay-type":"","overlay-color":"","overlay-opacity":"","overlay-gradient":""}},"footnotes":""},"categories":[149],"tags":[],"class_list":["post-87642","post","type-post","status-publish","format-standard","hentry","category-entrevistas"],"spectra_blocks_featured_image_url":null,"spectra_blocks_author_info":{"display_name":"Jorge Alfredo Baret","avatar_url":"https:\/\/secure.gravatar.com\/avatar\/31696f5ca83439b642450ec7d3f82f98451a5efacb414343d5478c982b337f26?s=96&d=mm&r=g","author_link":"https:\/\/100xd.com.ar\/en\/author\/jorge\/","description":"Ingeniero Qu\u00edmico UTN - Director Apoderado de Comunicaciones Auditadas SA. Editor Responsable 100xd.com.ar."},"_links":{"self":[{"href":"https:\/\/100xd.com.ar\/en\/wp-json\/wp\/v2\/posts\/87642","targetHints":{"allow":["GET"]}}],"collection":[{"href":"https:\/\/100xd.com.ar\/en\/wp-json\/wp\/v2\/posts"}],"about":[{"href":"https:\/\/100xd.com.ar\/en\/wp-json\/wp\/v2\/types\/post"}],"author":[{"embeddable":true,"href":"https:\/\/100xd.com.ar\/en\/wp-json\/wp\/v2\/users\/9"}],"replies":[{"embeddable":true,"href":"https:\/\/100xd.com.ar\/en\/wp-json\/wp\/v2\/comments?post=87642"}],"version-history":[{"count":1,"href":"https:\/\/100xd.com.ar\/en\/wp-json\/wp\/v2\/posts\/87642\/revisions"}],"predecessor-version":[{"id":87644,"href":"https:\/\/100xd.com.ar\/en\/wp-json\/wp\/v2\/posts\/87642\/revisions\/87644"}],"wp:attachment":[{"href":"https:\/\/100xd.com.ar\/en\/wp-json\/wp\/v2\/media?parent=87642"}],"wp:term":[{"taxonomy":"category","embeddable":true,"href":"https:\/\/100xd.com.ar\/en\/wp-json\/wp\/v2\/categories?post=87642"},{"taxonomy":"post_tag","embeddable":true,"href":"https:\/\/100xd.com.ar\/en\/wp-json\/wp\/v2\/tags?post=87642"}],"curies":[{"name":"wp","href":"https:\/\/api.w.org\/{rel}","templated":true}]}}