{"id":86996,"date":"2023-08-23T11:22:28","date_gmt":"2023-08-23T14:22:28","guid":{"rendered":"https:\/\/100xd.com.ar\/?p=86996"},"modified":"2023-08-23T11:22:28","modified_gmt":"2023-08-23T14:22:28","slug":"con-la-crisis-como-telon-de-fondo-alberto-fernandez-se-reunio-en-olivos-con-el-arzobispo-garcia-cuerva","status":"publish","type":"post","link":"https:\/\/100xd.com.ar\/en\/con-la-crisis-como-telon-de-fondo-alberto-fernandez-se-reunio-en-olivos-con-el-arzobispo-garcia-cuerva\/","title":{"rendered":"Con la crisis como tel\u00f3n de fondo, Alberto Fern\u00e1ndez se reuni\u00f3 en Olivos con el arzobispo Garc\u00eda Cuerva"},"content":{"rendered":"<p class=\"wp-block-paragraph\">Este martes por la ma\u00f1ana, en la quinta de Olivos,&nbsp;<mark>el presidente Alberto Fern\u00e1ndez recibi\u00f3 por primera vez al flamante arzobispo de Buenos Aires, Jorge Ignacio Garc\u00eda Cuerva,<\/mark>&nbsp;a quien el mandatario solo hab\u00eda visto el d\u00eda de la toma de posesi\u00f3n de la sede eclesi\u00e1stica, el 15 de julio pasado. Fern\u00e1ndez recibi\u00f3 a Garc\u00eda Cuerva junto al vicario general de la arquidi\u00f3cesis, Gustavo Carrara, en el comedor de la residencia oficial, en un encuentro en el que tambi\u00e9n estuvo Guillermo Olivieri, secretario de Culto de la Naci\u00f3n.&nbsp;<strong>\u201cFue un encuentro para estrechar v\u00ednculos\u201d<\/strong>, defini\u00f3 una fuente al tanto de lo sucedido.<\/p>\n\n\n\n<p class=\"wp-block-paragraph\">Seg\u00fan pudo reconstruir&nbsp;<strong>LA NACION<\/strong>, Garc\u00eda Cuerva agradeci\u00f3 al Presidente su asistencia a la ceremonia que lo ungi\u00f3 en el cargo en el que fue designado por el papa Francisco. Tambi\u00e9n que el mandatario haya ingresado ese mismo d\u00eda a la catedral para saludar al antecesor de Garc\u00eda Cuerva, Mario Poli, junto al secretario general de la Presidencia, Julio Vitobello, y Oliveri.<\/p>\n\n\n\n<p class=\"wp-block-paragraph\"><strong>Si bien no se habl\u00f3 puntualmente sobre la posible visita del Papa a la Argentina el a\u00f1o pr\u00f3ximo, el tema s\u00ed sobrevol\u00f3 en la conversaci\u00f3n.<\/strong>&nbsp;El probable viaje del pont\u00edfice a su pa\u00eds natal podr\u00eda definirse eventualmente despu\u00e9s de octubre o noviembre, una vez que est\u00e9n elegidas las nuevas autoridades, porque una visita papal demanda meses y nunca se comienza a preparar mientras hay un cambio de gobierno, explicaron fuentes del \u00e1rea.<\/p>\n\n\n\n<p class=\"wp-block-paragraph\"><mark>Respecto de la grave situaci\u00f3n econ\u00f3mica y social, hubo conversaciones, admitieron las fuentes consultadas, pero no puntualmente sobre los alcances de la crisis, sino sobre c\u00f3mo se trabaja la situaci\u00f3n conjuntamente.<\/mark>&nbsp;La iglesia tiene en sus actividades pastorales para atender la emergencia social, no solo el trabajo de los curas villeros en los barrios populares, sino tambi\u00e9n los emprendimientos de los Hogares de Cristo -impulsados por los sacerdotes de las villas, y la asistencia de promoci\u00f3n social de Caritas, a trav\u00e9s de los cuales prestan un invaluable trabajo social. \u201c<strong>La iglesia tiene un term\u00f3metro social muy cotidiano y ayuda a que los planes y alimentos lleguen a tiempo. Hay que seguir haci\u00e9ndolo porque la situaci\u00f3n sigue siendo grave\u201d<\/strong>, definieron fuentes al tanto de lo conversado. \u201cSe habl\u00f3, tambi\u00e9n, acerca de c\u00f3mo seguir trabajando en conjunto, aunque no se toc\u00f3 la problem\u00e1tica como tema central\u201d, completaron.<\/p>\n\n\n\n<p class=\"wp-block-paragraph\">El encuentro se extendi\u00f3 por casi una hora y media, en medio de un desayuno sobrio, con medialunas y caf\u00e9, en un clima ameno e informal, en el que no se tomaron im\u00e1genes. Fern\u00e1ndez y Carrara, seg\u00fan pudo saber&nbsp;<strong>LA NACION<\/strong>, ya se conoc\u00edan e, incluso, el propio mandatario lo visit\u00f3 en su casa en una oportunidad previa.<\/p>\n\n\n\n<figure data-spectra-id=\"spectra-d7118182-acae-4636-b386-a8c31272835b\" class=\"wp-block-image\"><img decoding=\"async\" src=\"https:\/\/resizer.glanacion.com\/resizer\/5gCmnjq8Wxq4dHrmz5JRLRql9W0=\/420x0\/filters:format(webp):quality(70)\/cloudfront-us-east-1.images.arcpublishing.com\/lanacionar\/F6RPCK2QIFBDTK4DBQDXYQNKNY.JPG\" alt=\"Monse\u00f1or Garc\u00eda Cuerva, en su visita al santuario de San Vayetano, donde alert\u00f3 sobre la inflaci\u00f3n y la pobreza\" title=\"Con la crisis como tel\u00f3n de fondo, Alberto Fern\u00e1ndez se reuni\u00f3 en Olivos con el arzobispo Garc\u00eda Cuerva\" \/><figcaption>Monse\u00f1or Garc\u00eda Cuerva, en su visita al santuario de San Vayetano, donde alert\u00f3 sobre la inflaci\u00f3n y la pobreza<\/figcaption><\/figure>\n\n\n\n<h2 class=\"wp-block-heading\">Un obispo dedicado a los sectores vulnerables<\/h2>\n\n\n\n<p class=\"wp-block-paragraph\">Designado por Francisco en un nombramiento sorpresivo, Garc\u00eda Cuerva tom\u00f3 posesi\u00f3n de la arquidi\u00f3cesis de Buenos Aires el 15 de julio pasado, en la misa a la que asisti\u00f3 el presidente Fern\u00e1ndez.<\/p>\n\n\n\n<p class=\"wp-block-paragraph\">Hace unos d\u00edas, en una misa que celebr\u00f3 en la plaza Constituci\u00f3n,&nbsp;<strong>el arzobispo advirti\u00f3 sobre \u201calgunos mensajes que asustan\u201d,&nbsp;<\/strong>tras el resultado de las PASO,&nbsp;<strong>y expres\u00f3 su deseo de que \u201clos derechos sociales sean cada vez m\u00e1s\u201d.<\/strong><\/p>\n\n\n\n<p class=\"wp-block-paragraph\">Garc\u00eda Cuerva, que tiene 55 a\u00f1os y sucedi\u00f3 al cardenal Mario Poli, concurri\u00f3 a la reuni\u00f3n con el Presidente acompa\u00f1ado por el obispos auxiliar Carrara, a quien design\u00f3 vicario general de la arquidi\u00f3cesis.<mark>&nbsp;Carrrara tambi\u00e9n tiene una vasta presencia en barrios de alta vulnerabilidad social. En los \u00faltimos a\u00f1os se desempe\u00f1\u00f3 como vicario episcopal para la Pastoral de Villas, un \u00e1rea sensible para la nueva conducci\u00f3n del arzobispado.<\/mark><\/p>\n\n\n\n<p class=\"wp-block-paragraph\"><strong>Al asumir en la arquidi\u00f3cesis porte\u00f1a, Garc\u00eda Cuerva llam\u00f3 a evitar la profundizaci\u00f3n de la grieta<\/strong>, que \u00e9l prefiere llamar \u201cherida, porque duele y sangra en las entra\u00f1as del pueblo\u201d. Y pidi\u00f3 especialmente&nbsp;<strong>\u201ctrabajar para que haya un lugar para todos\u201d<\/strong>.<\/p>\n\n\n\n<p class=\"wp-block-paragraph\">\u201cCuenten conmigo para lograr una presencia inteligente del Estado en favor de los sectores m\u00e1s vulnerables y excluidos\u201d, dijo a la dirigencia pol\u00edtica en su homil\u00eda. Semanas despu\u00e9s, advirti\u00f3 sobre el impacto de la inflaci\u00f3n y la pobreza, al presidir las celebraciones de San Cayetano.<\/p>\n\n\n\n<p class=\"wp-block-paragraph\">El arzobispo porte\u00f1o despleg\u00f3 una rica fecunda pastoral en poblaciones vulnerables. Formado en la di\u00f3cesis de San Isidro, permaneci\u00f3 muchos a\u00f1os en la Villa La Cava y en barrios populares de la zona de El Talar. Fue obispo auxiliar de Lomas de Zamora y, luego, obispo de R\u00edo Gallegos.<\/p>\n\n\n\n<p class=\"wp-block-paragraph\"><a href=\"https:\/\/www.lanacion.com.ar\/autor\/mariano-de-vedia-156\/\">Mariano De Vedia<\/a><a href=\"https:\/\/www.lanacion.com.ar\/autor\/cdevanna\/\">Cecilia Devanna<\/a><\/p>\n\n\n\n<p class=\"wp-block-paragraph\">Fuente: <a href=\"https:\/\/www.lanacion.com.ar\/\">La Naci\u00f3n<\/a><\/p>","protected":false},"excerpt":{"rendered":"<p>Este martes por la ma\u00f1ana, en la quinta de Olivos,&nbsp;el presidente Alberto Fern\u00e1ndez recibi\u00f3 por primera vez al flamante arzobispo de Buenos Aires, Jorge Ignacio Garc\u00eda Cuerva,&nbsp;a quien el mandatario solo hab\u00eda visto el d\u00eda de la toma de posesi\u00f3n de la sede eclesi\u00e1stica, el 15 de julio pasado. Fern\u00e1ndez recibi\u00f3 a Garc\u00eda Cuerva junto [&hellip;]<\/p>\n","protected":false},"author":9,"featured_media":0,"comment_status":"open","ping_status":"open","sticky":false,"template":"","format":"standard","meta":{"site-sidebar-layout":"default","site-content-layout":"","ast-site-content-layout":"default","site-content-style":"default","site-sidebar-style":"default","ast-global-header-display":"","ast-banner-title-visibility":"","ast-main-header-display":"","ast-hfb-above-header-display":"","ast-hfb-below-header-display":"","ast-hfb-mobile-header-display":"","site-post-title":"","ast-breadcrumbs-content":"","ast-featured-img":"","footer-sml-layout":"","ast-disable-related-posts":"","theme-transparent-header-meta":"","adv-header-id-meta":"","stick-header-meta":"","header-above-stick-meta":"","header-main-stick-meta":"","header-below-stick-meta":"","astra-migrate-meta-layouts":"default","ast-page-background-enabled":"default","ast-page-background-meta":{"desktop":{"background-color":"","background-image":"","background-repeat":"repeat","background-position":"center center","background-size":"auto","background-attachment":"scroll","background-type":"","background-media":"","overlay-type":"","overlay-color":"","overlay-opacity":"","overlay-gradient":""},"tablet":{"background-color":"","background-image":"","background-repeat":"repeat","background-position":"center center","background-size":"auto","background-attachment":"scroll","background-type":"","background-media":"","overlay-type":"","overlay-color":"","overlay-opacity":"","overlay-gradient":""},"mobile":{"background-color":"","background-image":"","background-repeat":"repeat","background-position":"center center","background-size":"auto","background-attachment":"scroll","background-type":"","background-media":"","overlay-type":"","overlay-color":"","overlay-opacity":"","overlay-gradient":""}},"ast-content-background-meta":{"desktop":{"background-color":"var(--ast-global-color-5)","background-image":"","background-repeat":"repeat","background-position":"center center","background-size":"auto","background-attachment":"scroll","background-type":"","background-media":"","overlay-type":"","overlay-color":"","overlay-opacity":"","overlay-gradient":""},"tablet":{"background-color":"var(--ast-global-color-5)","background-image":"","background-repeat":"repeat","background-position":"center center","background-size":"auto","background-attachment":"scroll","background-type":"","background-media":"","overlay-type":"","overlay-color":"","overlay-opacity":"","overlay-gradient":""},"mobile":{"background-color":"var(--ast-global-color-5)","background-image":"","background-repeat":"repeat","background-position":"center center","background-size":"auto","background-attachment":"scroll","background-type":"","background-media":"","overlay-type":"","overlay-color":"","overlay-opacity":"","overlay-gradient":""}},"footnotes":""},"categories":[2],"tags":[],"class_list":["post-86996","post","type-post","status-publish","format-standard","hentry","category-politica"],"spectra_blocks_featured_image_url":null,"spectra_blocks_author_info":{"display_name":"Jorge Alfredo Baret","avatar_url":"https:\/\/secure.gravatar.com\/avatar\/31696f5ca83439b642450ec7d3f82f98451a5efacb414343d5478c982b337f26?s=96&d=mm&r=g","author_link":"https:\/\/100xd.com.ar\/en\/author\/jorge\/","description":"Ingeniero Qu\u00edmico UTN - Director Apoderado de Comunicaciones Auditadas SA. Editor Responsable 100xd.com.ar."},"_links":{"self":[{"href":"https:\/\/100xd.com.ar\/en\/wp-json\/wp\/v2\/posts\/86996","targetHints":{"allow":["GET"]}}],"collection":[{"href":"https:\/\/100xd.com.ar\/en\/wp-json\/wp\/v2\/posts"}],"about":[{"href":"https:\/\/100xd.com.ar\/en\/wp-json\/wp\/v2\/types\/post"}],"author":[{"embeddable":true,"href":"https:\/\/100xd.com.ar\/en\/wp-json\/wp\/v2\/users\/9"}],"replies":[{"embeddable":true,"href":"https:\/\/100xd.com.ar\/en\/wp-json\/wp\/v2\/comments?post=86996"}],"version-history":[{"count":1,"href":"https:\/\/100xd.com.ar\/en\/wp-json\/wp\/v2\/posts\/86996\/revisions"}],"predecessor-version":[{"id":86998,"href":"https:\/\/100xd.com.ar\/en\/wp-json\/wp\/v2\/posts\/86996\/revisions\/86998"}],"wp:attachment":[{"href":"https:\/\/100xd.com.ar\/en\/wp-json\/wp\/v2\/media?parent=86996"}],"wp:term":[{"taxonomy":"category","embeddable":true,"href":"https:\/\/100xd.com.ar\/en\/wp-json\/wp\/v2\/categories?post=86996"},{"taxonomy":"post_tag","embeddable":true,"href":"https:\/\/100xd.com.ar\/en\/wp-json\/wp\/v2\/tags?post=86996"}],"curies":[{"name":"wp","href":"https:\/\/api.w.org\/{rel}","templated":true}]}}