{"id":86555,"date":"2023-08-15T11:31:45","date_gmt":"2023-08-15T14:31:45","guid":{"rendered":"https:\/\/100xd.com.ar\/?p=86555"},"modified":"2023-08-15T11:31:45","modified_gmt":"2023-08-15T14:31:45","slug":"lealtades-bajo-la-lupalos-intendentes-que-apostaron-fuerte-al-corte-de-boleta-y-perjudicaron-a-massa-y-larreta","status":"publish","type":"post","link":"https:\/\/100xd.com.ar\/en\/lealtades-bajo-la-lupalos-intendentes-que-apostaron-fuerte-al-corte-de-boleta-y-perjudicaron-a-massa-y-larreta\/","title":{"rendered":"Lealtades bajo la lupaLos intendentes que apostaron fuerte al corte de boleta y perjudicaron a Massa y Larreta"},"content":{"rendered":"<p class=\"wp-block-paragraph\">Los distritos de la primera y tercera secci\u00f3n electoral bonaerense, que concentran los municipios del Gran Buenos Aires, exhibieron un fen\u00f3meno de corte de boleta a favor de los intendentes que perjudic\u00f3 en particular a los postulantes presidenciales Sergio Massa y Horacio Rodr\u00edguez Larreta. Los casos m\u00e1s relevantes fueron los de Juan Andreotti (San Fernando), Federico de Ach\u00e1val (Pilar), Ariel Sujarchuk (Escobar), Mario Secco (Ensenada), Gast\u00f3n Granados (Ezeiza) y Juan Jos\u00e9 Mussi (Berazategui). A estos, se sum\u00f3 otro corte de peso en La Plata, que favoreci\u00f3 al intendente Julio Garro (Pro). Cuando se observa el mapa de los resultados bonaerenses en su conjunto, queda en evidencia que tanto Axel Kicillof como los precandidatos a gobernadores de Juntos por el Cambio (N\u00e9stor Grindetti y Diego Santilli) tuvieron un mejor rendimiento que sus candidatos presidenciales. Probablemente influido por la buena performance de la boleta presidencial de Javier Milei, el corte se observa de manera constante en toda la provincia. En cambio, cuando se comparan las boletas presidenciales con las de sus candidatos a intendente, se observan saltos de muy distinta intensidad y en algunos casos cortes abruptos, tanto en el interior como en el conurbano. En la primera secci\u00f3n electoral (zona norte y oeste del conurbano) se reparten gobiernos de Uni\u00f3n por la Patria y de Juntos por el Cambio. En San Fernando, y pese a integrar el Frente Renovador de Sergio Massa, Juan Andreotti se despeg\u00f3 15.074 votos (20 puntos) de la suma de los candidatos presidenciales del oficialismo.<\/p>\n\n\n\n<h3 class=\"wp-block-heading\">Votos a gobernador y a presidente en PBA<\/h3>\n\n\n\n<p class=\"wp-block-paragraph\">En UP y JxC, el corte de boleta favoreci\u00f3 consistentemente a los candidatos a gobernador por sobre los presidenciableshttps:\/\/especialess3.lanacion.com.ar\/interactivos\/23\/06\/scatterplot_corte_de_boleta_paso_dos\/index.html?eleccion=pba&amp;initialWidth=1159&amp;childId=iframe-23&amp;parentTitle=El%20corte%20de%20boleta%20fue%20protagonista%20de%20las%20victorias%20de%20los%20intendentes%20del%20conurbano%20y%20perjudic%C3%B3%20a%20Massa%20y%20Larreta%20-%20LA%20NACION&amp;parentUrl=https%3A%2F%2Fwww.lanacion.com.ar%2Fpolitica%2Flealtades-bajo-la-lupa-los-intendentes-que-apostaron-fuerte-al-corte-de-boleta-y-perjudicaron-a-nid15082023%2F%23%2F<\/p>\n\n\n\n<p class=\"wp-block-paragraph\">En Pilar se dio otro de los cortes m\u00e1s importantes. El intendente Federico de Ach\u00e1val (Uni\u00f3n por la Patria) obtuvo 31.299 votos m\u00e1s que la suma de Massa y Grabois. Fueron 18 puntos de diferencia. En Escobar, la boleta del intendente Sujarchuk, exfuncionario de Massa, cosech\u00f3 13 puntos m\u00e1s que el tramo presidencial. La diferencia fue de 11.259 votos. El ministro de Infraestructura bonaerense, Leonardo Nardini, en su vuelta al distrito de Malvinas Argentinas consigui\u00f3 13.054 votos m\u00e1s que Massa y Grabois, una diferencia mayor a 11 puntos. Pro no escap\u00f3 a la l\u00f3gica fr\u00eda del corte de boletas. En Tres de Febrero, el intendente Diego Valenzuela logr\u00f3 30.021 votos m\u00e1s que la cosecha de Rodr\u00edguez Larreta, con quien est\u00e1 alineado. No obstante, Larreta le gan\u00f3 la interna a Patricia Bullrich en el distrito. El resultado en San Miguel mostr\u00f3 que el intendente Jaime M\u00e9ndez, alineado con el \u201cbullrichista\u201d Joaqu\u00edn de la Torre, logr\u00f3 28.604 votos m\u00e1s que Bullrich, su candidata nacional, que de todos modos logr\u00f3 imponerse en el municipio.<\/p>\n\n\n\n<figure data-spectra-id=\"spectra-6f027fe3-3393-4620-881c-79e9069d564e\" class=\"wp-block-image\"><img decoding=\"async\" src=\"https:\/\/buckets3.glanacion.com\/lntools\/anexos\/fotos\/36\/59136w1208q100.jpg\" alt=\"foto AML\" title=\"Lealtades bajo la lupaLos intendentes que apostaron fuerte al corte de boleta y perjudicaron a Massa y Larreta\" \/><\/figure>\n\n\n\n<figure data-spectra-id=\"spectra-20bdf6ad-5cd3-4961-ac30-59aab578128d\" class=\"wp-block-image\"><img decoding=\"async\" src=\"https:\/\/buckets3.glanacion.com\/lntools\/anexos\/fotos\/38\/59138w1208q100.jpeg\" alt=\"foto AML\" title=\"Lealtades bajo la lupaLos intendentes que apostaron fuerte al corte de boleta y perjudicaron a Massa y Larreta\" \/><\/figure>\n\n\n\n<p class=\"wp-block-paragraph\">Federico de Ach\u00e1val (Pilar) y Juan Andreotti (San Fernando), encabezaron el r\u00e1nking de corte de boleta peronista en la primera secci\u00f3n electoral.<\/p>\n\n\n\n<p class=\"wp-block-paragraph\">En La Plata, Garro gan\u00f3 su interna con 24.931 votos m\u00e1s que los que logr\u00f3 Larreta, su referencia nacional, que perdi\u00f3 con Bullrich en la capital provincial. En otros distritos, los candidatos locales de Larreta tambi\u00e9n se impusieron en la interna pese a que la boleta del jefe de gobierno perdi\u00f3 con Bullrich. Son los casos de Hurlingham (gan\u00f3 Lucas Delfino), Ituzaing\u00f3 (Gast\u00f3n Di Castelnuovo), Jos\u00e9 C. Paz (Ezequiel Pazos), Tigre (Segundo Cernadas) y Mor\u00f3n (Leandro Ugartemendia). En la tercera secci\u00f3n electoral, donde Uni\u00f3n por la Patria gobierna la mayor\u00eda de los municipios, los cortes de boleta tampoco fueron la excepci\u00f3n, tanto cuando se miden en n\u00fameros absolutos como en porcentajes. Por caso, en Avellaneda, territorio del exministro Jorge Ferraresi, el intendente consigui\u00f3 diez puntos m\u00e1s que los presidenciables Massa y Grabois. En total, la boleta municipal cosech\u00f3 12.600 votos m\u00e1s que la nacional: 89.113 votos contra 76.513. Con 79.226 votos (43%), Kicillof sufri\u00f3 el corte de boleta, aunque en menor magnitud. \u00bfD\u00f3nde obtuvo sus votos Ferraresi? De todas las dem\u00e1s boletas, si se observa que los candidatos locales opositores sacaron menos votos que las boletas nacionales de JxC y Javier Milei. Juan Jos\u00e9 Mussi, hist\u00f3rico cacique de Berazategui, obtuvo con su lista (48%) 12 puntos m\u00e1s que la boleta nacional de Massa y Grabois (36%) y siete m\u00e1s que Kicillof (41%). En votos, fueron 13.098 y 11.693 m\u00e1s que sus socios, respectivamente. \u00bfD\u00f3nde los consigui\u00f3? De Milei, que sac\u00f3 11.000 votos m\u00e1s que su candidato a intendente, m\u00e1s una proporci\u00f3n similar en la boleta de JxC. Aunque se trata de un distrito menos poblado, con una diferencia absoluta de votos menor, Mario Secco, de Ensenada, tambi\u00e9n sac\u00f3 una amplia diferencia frente a Massa y Grabois y Kicillof. El intendente ultrakirchnerista consigui\u00f3 el 58,6% de los votos, contra 42,8% de los presidenciables (5000 votos menos) y 51,3% del gobernador. La oposici\u00f3n tuvo un comportamiento interesante en el distrito, donde Milei se ubic\u00f3 segundo en el tramo presidencial, pero JxC qued\u00f3 segundo en el segmento a gobernador e intendente.<\/p>\n\n\n\n<figure data-spectra-id=\"spectra-a75899ee-f6a1-469b-b7a3-e3bfec42a6cb\" class=\"wp-block-image\" id=\"nd-arriba\"><img decoding=\"async\" src=\"https:\/\/buckets3.glanacion.com\/lntools\/anexos\/fotos\/33\/59133w780q100.jpg\" alt=\"foto AML\" title=\"Lealtades bajo la lupaLos intendentes que apostaron fuerte al corte de boleta y perjudicaron a Massa y Larreta\" \/><\/figure>\n\n\n\n<figure data-spectra-id=\"spectra-322cad48-46f8-4f0b-80ad-97f89bf818e3\" class=\"wp-block-image\" id=\"nd-arriba\"><img decoding=\"async\" src=\"https:\/\/buckets3.glanacion.com\/lntools\/anexos\/fotos\/34\/59134w780q100.jpg\" alt=\"foto AML\" title=\"Lealtades bajo la lupaLos intendentes que apostaron fuerte al corte de boleta y perjudicaron a Massa y Larreta\" \/><\/figure>\n\n\n\n<figure data-spectra-id=\"spectra-e0cb4709-66d8-425f-a635-c4b76fc1bc27\" class=\"wp-block-image\" id=\"nd-arriba\"><img decoding=\"async\" src=\"https:\/\/buckets3.glanacion.com\/lntools\/anexos\/fotos\/39\/59139w780q100.jpg\" alt=\"foto AML\" title=\"Lealtades bajo la lupaLos intendentes que apostaron fuerte al corte de boleta y perjudicaron a Massa y Larreta\" \/><figcaption>Mario Secco, intendente de Ensenada; Juan Jos\u00e9 Mussi, intendente de Berazategui, y Gast\u00f3n Granados, candidato a suceder a su padre al frente de Ezeiza, fueron tres de los postulantes que m\u00e1s se beneficiaron del corte de boleta en la tercera secci\u00f3n electoral.<\/figcaption><\/figure>\n\n\n\n<p class=\"wp-block-paragraph\">En Ezeiza, Gast\u00f3n Granados, hijo del intendente actual, obtuvo el 52% de los votos y sac\u00f3 18 puntos m\u00e1s que la boleta Massa-Grabois (34%) y diez m\u00e1s que Kicillof (42%). Fueron 12.000 votos m\u00e1s que los presidenciables, que bien pudieron haber surgido de los candidatos locales de Milei, que consiguieron 7000 votos menos que el libertario. La boleta local de JxC, por su parte, consigui\u00f3 4000 votos menos que el tramo nacional. San Vicente fue otro distrito de gran corte en t\u00e9rminos relativos. Nicol\u00e1s Mantegazza, intendente ligado a Mart\u00edn Insaurralde, logr\u00f3 el 63,7% de los votos (25.051), 15 puntos m\u00e1s que Kicillof (17.887) y 24 m\u00e1s que Massa-Grabois (16.484).<\/p>\n\n\n\n<h3 class=\"wp-block-heading\">Votos a intendente y a presidente en PBA<\/h3>\n\n\n\n<p class=\"wp-block-paragraph\">Tanto UP como JxC registraron casos de fuertes cortes de boleta; en algunos distritos, en desmedro de los intendenteshttps:\/\/especialess3.lanacion.com.ar\/interactivos\/23\/06\/scatterplot_corte_de_boleta_paso_int2\/index.html?eleccion=pba&amp;initialWidth=1159&amp;childId=iframe-24&amp;parentTitle=El%20corte%20de%20boleta%20fue%20protagonista%20de%20las%20victorias%20de%20los%20intendentes%20del%20conurbano%20y%20perjudic%C3%B3%20a%20Massa%20y%20Larreta%20-%20LA%20NACION&amp;parentUrl=https%3A%2F%2Fwww.lanacion.com.ar%2Fpolitica%2Flealtades-bajo-la-lupa-los-intendentes-que-apostaron-fuerte-al-corte-de-boleta-y-perjudicaron-a-nid15082023%2F%23%2F<\/p>\n\n\n\n<p class=\"wp-block-paragraph\">Si Kicillof y Massa no sufrieron una debacle mayor fue por el empuje de los distritos m\u00e1s populosos de la tercera, donde el corte no alcanz\u00f3 los 10 puntos. As\u00ed se observ\u00f3 en La Matanza, donde Fernando Espinoza sac\u00f3 cinco puntos m\u00e1s que Massa-Grabois; en Lomas de Zamora, donde la distancia que obtuvo Federico Oterm\u00edn fue de 8000 votos; en Almirante Brown, con una diferencia de seis puntos en favor de Mariano Cascallares; en Quilmes, con Mayra Mendoza cuatro puntos por encima de la boleta presidencial; y Esteban Echeverr\u00eda, donde Fernando Gray logr\u00f3 siete puntos de distancia frente a Massa-Grabois. En Florencio Varela se dio una particularidad: el intendente Andr\u00e9s Watson obtuvo menos votos \u2013en t\u00e9rminos absolutos\u2013 que Kicillof y los postulantes a la Casa Rosada. Otra particularidad se dio en Mercedes, tierra que gobierna Juan Ustarroz, hermano de crianza de Eduardo de Pedro, el candidato presidencial que fue sustituido a \u00faltimo momento por Massa. Ustarrozz sac\u00f3 6723 votos m\u00e1s que el tramo presidencial de la boleta. Fueron 20 puntos de corte en su favor.<\/p>\n\n\n\n<p class=\"wp-block-paragraph\">Fuente:<a href=\"https:\/\/www.lanacion.com.ar\/\"> La Naci\u00f3n<\/a><\/p>","protected":false},"excerpt":{"rendered":"<p>Los distritos de la primera y tercera secci\u00f3n electoral bonaerense, que concentran los municipios del Gran Buenos Aires, exhibieron un fen\u00f3meno de corte de boleta a favor de los intendentes que perjudic\u00f3 en particular a los postulantes presidenciales Sergio Massa y Horacio Rodr\u00edguez Larreta. Los casos m\u00e1s relevantes fueron los de Juan Andreotti (San Fernando), [&hellip;]<\/p>\n","protected":false},"author":9,"featured_media":0,"comment_status":"open","ping_status":"open","sticky":false,"template":"","format":"standard","meta":{"site-sidebar-layout":"default","site-content-layout":"","ast-site-content-layout":"default","site-content-style":"default","site-sidebar-style":"default","ast-global-header-display":"","ast-banner-title-visibility":"","ast-main-header-display":"","ast-hfb-above-header-display":"","ast-hfb-below-header-display":"","ast-hfb-mobile-header-display":"","site-post-title":"","ast-breadcrumbs-content":"","ast-featured-img":"","footer-sml-layout":"","ast-disable-related-posts":"","theme-transparent-header-meta":"","adv-header-id-meta":"","stick-header-meta":"","header-above-stick-meta":"","header-main-stick-meta":"","header-below-stick-meta":"","astra-migrate-meta-layouts":"default","ast-page-background-enabled":"default","ast-page-background-meta":{"desktop":{"background-color":"","background-image":"","background-repeat":"repeat","background-position":"center center","background-size":"auto","background-attachment":"scroll","background-type":"","background-media":"","overlay-type":"","overlay-color":"","overlay-opacity":"","overlay-gradient":""},"tablet":{"background-color":"","background-image":"","background-repeat":"repeat","background-position":"center center","background-size":"auto","background-attachment":"scroll","background-type":"","background-media":"","overlay-type":"","overlay-color":"","overlay-opacity":"","overlay-gradient":""},"mobile":{"background-color":"","background-image":"","background-repeat":"repeat","background-position":"center center","background-size":"auto","background-attachment":"scroll","background-type":"","background-media":"","overlay-type":"","overlay-color":"","overlay-opacity":"","overlay-gradient":""}},"ast-content-background-meta":{"desktop":{"background-color":"var(--ast-global-color-5)","background-image":"","background-repeat":"repeat","background-position":"center center","background-size":"auto","background-attachment":"scroll","background-type":"","background-media":"","overlay-type":"","overlay-color":"","overlay-opacity":"","overlay-gradient":""},"tablet":{"background-color":"var(--ast-global-color-5)","background-image":"","background-repeat":"repeat","background-position":"center center","background-size":"auto","background-attachment":"scroll","background-type":"","background-media":"","overlay-type":"","overlay-color":"","overlay-opacity":"","overlay-gradient":""},"mobile":{"background-color":"var(--ast-global-color-5)","background-image":"","background-repeat":"repeat","background-position":"center center","background-size":"auto","background-attachment":"scroll","background-type":"","background-media":"","overlay-type":"","overlay-color":"","overlay-opacity":"","overlay-gradient":""}},"footnotes":""},"categories":[25],"tags":[],"class_list":["post-86555","post","type-post","status-publish","format-standard","hentry","category-destacado"],"spectra_blocks_featured_image_url":null,"spectra_blocks_author_info":{"display_name":"Jorge Alfredo Baret","avatar_url":"https:\/\/secure.gravatar.com\/avatar\/31696f5ca83439b642450ec7d3f82f98451a5efacb414343d5478c982b337f26?s=96&d=mm&r=g","author_link":"https:\/\/100xd.com.ar\/en\/author\/jorge\/","description":"Ingeniero Qu\u00edmico UTN - Director Apoderado de Comunicaciones Auditadas SA. Editor Responsable 100xd.com.ar."},"_links":{"self":[{"href":"https:\/\/100xd.com.ar\/en\/wp-json\/wp\/v2\/posts\/86555","targetHints":{"allow":["GET"]}}],"collection":[{"href":"https:\/\/100xd.com.ar\/en\/wp-json\/wp\/v2\/posts"}],"about":[{"href":"https:\/\/100xd.com.ar\/en\/wp-json\/wp\/v2\/types\/post"}],"author":[{"embeddable":true,"href":"https:\/\/100xd.com.ar\/en\/wp-json\/wp\/v2\/users\/9"}],"replies":[{"embeddable":true,"href":"https:\/\/100xd.com.ar\/en\/wp-json\/wp\/v2\/comments?post=86555"}],"version-history":[{"count":1,"href":"https:\/\/100xd.com.ar\/en\/wp-json\/wp\/v2\/posts\/86555\/revisions"}],"predecessor-version":[{"id":86557,"href":"https:\/\/100xd.com.ar\/en\/wp-json\/wp\/v2\/posts\/86555\/revisions\/86557"}],"wp:attachment":[{"href":"https:\/\/100xd.com.ar\/en\/wp-json\/wp\/v2\/media?parent=86555"}],"wp:term":[{"taxonomy":"category","embeddable":true,"href":"https:\/\/100xd.com.ar\/en\/wp-json\/wp\/v2\/categories?post=86555"},{"taxonomy":"post_tag","embeddable":true,"href":"https:\/\/100xd.com.ar\/en\/wp-json\/wp\/v2\/tags?post=86555"}],"curies":[{"name":"wp","href":"https:\/\/api.w.org\/{rel}","templated":true}]}}