{"id":85385,"date":"2023-07-21T12:00:28","date_gmt":"2023-07-21T15:00:28","guid":{"rendered":"https:\/\/100xd.com.ar\/?p=85385"},"modified":"2023-07-21T12:00:28","modified_gmt":"2023-07-21T15:00:28","slug":"patricia-bullrich-modera-sus-criticas-y-se-negocia-una-foto-con-horacio-rodriguez-larreta-si-juntos-gana-la-intendencia-de-cordoba","status":"publish","type":"post","link":"https:\/\/100xd.com.ar\/en\/patricia-bullrich-modera-sus-criticas-y-se-negocia-una-foto-con-horacio-rodriguez-larreta-si-juntos-gana-la-intendencia-de-cordoba\/","title":{"rendered":"Patricia Bullrich modera sus cr\u00edticas y se negocia una foto con Horacio Rodr\u00edguez Larreta si Juntos gana la intendencia de C\u00f3rdoba"},"content":{"rendered":"<p class=\"wp-block-paragraph\"><a target=\"_blank\" href=\"https:\/\/www.clarin.com\/politica\/patricia-bullrich-interpretan-clave-interna-voy-quedar-callada-final-campana-_0_fAHMQVTwPD.html\" rel=\"noreferrer noopener\">Yo no hablo en clave de interna, si me interpretan as\u00ed, qu\u00e9 tengo que hacer, \u00bfquedarme callada hasta el final de la campa\u00f1a? Yo no soy as\u00ed&#8221;<\/a>, fue la frase que le solt\u00f3<strong>&nbsp;Patricia Bullrich<\/strong>&nbsp;a&nbsp;<strong>Clar\u00edn<\/strong>&nbsp;el mi\u00e9rcoles por la tarde, con cierto fastidio sobre lo que entiende es un intento de los medios por encasillarla como&nbsp;<strong>la pata provocadora dentro de la coalici\u00f3n<\/strong>&nbsp;en la previa del mano a mano que tendr\u00e1 en las PASO con Horacio Rodr\u00edguez Larreta.https:\/\/4b29d96553afc334b981a0754e9ba365.safeframe.googlesyndication.com\/safeframe\/1-0-40\/html\/container.html<\/p>\n\n\n\n<p class=\"wp-block-paragraph\">Siguiendo esa l\u00ednea,&nbsp;<strong>la precandidata a presidenta de Juntos por el Cambio tuvo un jueves de perfil m\u00e1s bajo<\/strong>, en plena campa\u00f1a, con actividades en Villa Gesell, en la provincia de Buenos Aires, pero en el que a trav\u00e9s de redes sociales dej\u00f3 alg\u00fan gesto de respaldo hacia un rival de la interna como&nbsp;<strong>Gerardo Morales<\/strong>, el precandidato a vicepresidente de Larreta. Con su estilo, claro, sin retroceder y manteniendo el foco en los ejes centrales que se propuso.<\/p>\n\n\n\n<p class=\"wp-block-paragraph\">A un&nbsp;<a target=\"_blank\" href=\"https:\/\/www.clarin.com\/politica\/gerardo-morales-acuso-gobierno-alterar-paz-orden-imponer-dictadura-minorias-_0_3e5jHFDf9S.html\" rel=\"noreferrer noopener\">tuit que public\u00f3 Morales<\/a>, una especie de carta abierta por la &#8220;Argentina de la paz y la verdad&#8221;, Bullrich le agreg\u00f3 lo que pareci\u00f3 un gui\u00f1o frente a la dif\u00edcil problem\u00e1tica social que atraviesa el gobernador juje\u00f1o, con piquetes y cortes de ruta constantes en esa provincia.<\/p>\n\n\n\n<p class=\"wp-block-paragraph\">&#8220;<strong>El orden es el punto de partida. No se negocia con los violentos<\/strong>&#8220;, redact\u00f3 Bullrich, agregando a la publicaci\u00f3n el video de su primer spot de campa\u00f1a, pero evitando publicar en el final su ya cl\u00e1sico slogan electoral: &#8220;Conmigo, esto se acaba&#8221;.<\/p>\n\n\n\n<p class=\"wp-block-paragraph\">Fue casi\u00a0<strong>una ant\u00edtesis del tuit que el d\u00eda anterior<\/strong>, ante el conflicto con los metrodelegados en la Ciudad, hab\u00eda publicado la ex ministra de Seguridad, en lo que muchos hab\u00edan interpretado como un nuevo mensaje hacia Rodr\u00edguez Larreta.<\/p>\n\n\n\n<p class=\"wp-block-paragraph\">Ese fue el \u00fanico gesto pol\u00edtico de Bullrich en una jornada que&nbsp;<strong>la tuvo de recorrida por la provincia de Buenos Aires<\/strong>, en la Costa, espec\u00edficamente, con&nbsp;<strong>N\u00e9stor Grindetti<\/strong>&nbsp;liderando una comitiva en funci\u00f3n de su precandidatura a gobernador bonaerense, de la que tambi\u00e9n formaron parte el precandidato a vicegobernador, Miguel Fern\u00e1ndez, y las dos cabezas de listas de &#8220;La Fuerza del Cambio&#8221;: Cristian Ritondo, por Diputados, y Maximiliano Abad, por el Senado&#8221;.<\/p>\n\n\n\n<p class=\"wp-block-paragraph\">\u201cEn La Fuerza del Cambio decidimos luchar y defender cada metro cuadrado de nuestro pa\u00eds para salir de la decadencia. Muchas gracias a todos por el apoyo y el cari\u00f1o en Villa Gesell. Vinimos para acompa\u00f1ar a nuestras dos precandidatas a intendentes: @ClarisaArmando y #EugeniaGrinspun&#8221;, tuite\u00f3 Bullrich.<img loading=\"lazy\" decoding=\"async\" width=\"100\" height=\"100\" src=\"https:\/\/www.clarin.com\/img\/2023\/07\/20\/NU8TG261v_720x0__1.jpg\" alt=\"El mi\u00e9rcoles Patricia Bullrich se mostr\u00f3 con Jorge Macri en una recorrida en la ciudad de Buenos Aires.\" title=\"Patricia Bullrich modera sus cr\u00edticas y se negocia una foto con Horacio Rodr\u00edguez Larreta si Juntos gana la intendencia de C\u00f3rdoba\">El mi\u00e9rcoles Patricia Bullrich se mostr\u00f3 con Jorge Macri en una recorrida en la ciudad de Buenos Aires.<\/p>\n\n\n\n<h2 class=\"wp-block-heading\">\u00bfFoto de unidad en C\u00f3rdoba?<\/h2>\n\n\n\n<p class=\"wp-block-paragraph\">Previamente,&nbsp;<strong>hab\u00eda dejado un mensaje tambi\u00e9n en esa red social con vistas a la contienda electoral del pr\u00f3ximo domingo en C\u00f3rdoba<\/strong>, donde el radical Rodrigo de Loredo buscar\u00e1 llegar a la intendencia.<\/p>\n\n\n\n<p class=\"wp-block-paragraph\">A diferencia de lo sucedido en Santa Fe, donde Bullrich apoy\u00f3 a Carolina Losada y la PASO la termin\u00f3 ganando el aliado de Rodr\u00edguez Larreta, Maximiliano Pullaro,<strong>&nbsp;en C\u00f3rdoba todo Juntos por el Cambio centraliz\u00f3 su apoyo a De Loredo<\/strong>, as\u00ed como en la candidatura por la gobernaci\u00f3n hab\u00eda respaldado a Luis Juez, que termin\u00f3 perdiendo por exiguo margen ante el candidato de Juan Schiaretti, Mart\u00edn Llaryora.<\/p>\n\n\n\n<p class=\"wp-block-paragraph\">&#8220;El intento de apropiaci\u00f3n de un triunfo provincial me parece rid\u00edculo&#8221;, dijo Bullrich, no obstante, buscando relativizar la nacionalizaci\u00f3n y\u00a0el peso de las victorias de los candidatos de uno u otro espacio de Juntos por el Cambio. Si bien no est\u00e1 confirmado, se espera que en caso de que De Loredo gane la intendencia cordobesa el domingo que viene, Larreta y Bullrich compartan una foto despu\u00e9s de mucho tiempo.<\/p>\n\n\n\n<p class=\"wp-block-paragraph\">Fuente: <a href=\"https:\/\/www.clarin.com\/\">Clarin.com<\/a><\/p>","protected":false},"excerpt":{"rendered":"<p>Yo no hablo en clave de interna, si me interpretan as\u00ed, qu\u00e9 tengo que hacer, \u00bfquedarme callada hasta el final de la campa\u00f1a? Yo no soy as\u00ed&#8221;, fue la frase que le solt\u00f3&nbsp;Patricia Bullrich&nbsp;a&nbsp;Clar\u00edn&nbsp;el mi\u00e9rcoles por la tarde, con cierto fastidio sobre lo que entiende es un intento de los medios por encasillarla como&nbsp;la pata [&hellip;]<\/p>\n","protected":false},"author":9,"featured_media":0,"comment_status":"open","ping_status":"open","sticky":false,"template":"","format":"standard","meta":{"site-sidebar-layout":"default","site-content-layout":"","ast-site-content-layout":"default","site-content-style":"default","site-sidebar-style":"default","ast-global-header-display":"","ast-banner-title-visibility":"","ast-main-header-display":"","ast-hfb-above-header-display":"","ast-hfb-below-header-display":"","ast-hfb-mobile-header-display":"","site-post-title":"","ast-breadcrumbs-content":"","ast-featured-img":"","footer-sml-layout":"","ast-disable-related-posts":"","theme-transparent-header-meta":"","adv-header-id-meta":"","stick-header-meta":"","header-above-stick-meta":"","header-main-stick-meta":"","header-below-stick-meta":"","astra-migrate-meta-layouts":"default","ast-page-background-enabled":"default","ast-page-background-meta":{"desktop":{"background-color":"","background-image":"","background-repeat":"repeat","background-position":"center center","background-size":"auto","background-attachment":"scroll","background-type":"","background-media":"","overlay-type":"","overlay-color":"","overlay-opacity":"","overlay-gradient":""},"tablet":{"background-color":"","background-image":"","background-repeat":"repeat","background-position":"center center","background-size":"auto","background-attachment":"scroll","background-type":"","background-media":"","overlay-type":"","overlay-color":"","overlay-opacity":"","overlay-gradient":""},"mobile":{"background-color":"","background-image":"","background-repeat":"repeat","background-position":"center center","background-size":"auto","background-attachment":"scroll","background-type":"","background-media":"","overlay-type":"","overlay-color":"","overlay-opacity":"","overlay-gradient":""}},"ast-content-background-meta":{"desktop":{"background-color":"var(--ast-global-color-5)","background-image":"","background-repeat":"repeat","background-position":"center center","background-size":"auto","background-attachment":"scroll","background-type":"","background-media":"","overlay-type":"","overlay-color":"","overlay-opacity":"","overlay-gradient":""},"tablet":{"background-color":"var(--ast-global-color-5)","background-image":"","background-repeat":"repeat","background-position":"center center","background-size":"auto","background-attachment":"scroll","background-type":"","background-media":"","overlay-type":"","overlay-color":"","overlay-opacity":"","overlay-gradient":""},"mobile":{"background-color":"var(--ast-global-color-5)","background-image":"","background-repeat":"repeat","background-position":"center center","background-size":"auto","background-attachment":"scroll","background-type":"","background-media":"","overlay-type":"","overlay-color":"","overlay-opacity":"","overlay-gradient":""}},"footnotes":""},"categories":[2],"tags":[],"class_list":["post-85385","post","type-post","status-publish","format-standard","hentry","category-politica"],"spectra_blocks_featured_image_url":null,"spectra_blocks_author_info":{"display_name":"Jorge Alfredo Baret","avatar_url":"https:\/\/secure.gravatar.com\/avatar\/31696f5ca83439b642450ec7d3f82f98451a5efacb414343d5478c982b337f26?s=96&d=mm&r=g","author_link":"https:\/\/100xd.com.ar\/en\/author\/jorge\/","description":"Ingeniero Qu\u00edmico UTN - Director Apoderado de Comunicaciones Auditadas SA. Editor Responsable 100xd.com.ar."},"_links":{"self":[{"href":"https:\/\/100xd.com.ar\/en\/wp-json\/wp\/v2\/posts\/85385","targetHints":{"allow":["GET"]}}],"collection":[{"href":"https:\/\/100xd.com.ar\/en\/wp-json\/wp\/v2\/posts"}],"about":[{"href":"https:\/\/100xd.com.ar\/en\/wp-json\/wp\/v2\/types\/post"}],"author":[{"embeddable":true,"href":"https:\/\/100xd.com.ar\/en\/wp-json\/wp\/v2\/users\/9"}],"replies":[{"embeddable":true,"href":"https:\/\/100xd.com.ar\/en\/wp-json\/wp\/v2\/comments?post=85385"}],"version-history":[{"count":1,"href":"https:\/\/100xd.com.ar\/en\/wp-json\/wp\/v2\/posts\/85385\/revisions"}],"predecessor-version":[{"id":85387,"href":"https:\/\/100xd.com.ar\/en\/wp-json\/wp\/v2\/posts\/85385\/revisions\/85387"}],"wp:attachment":[{"href":"https:\/\/100xd.com.ar\/en\/wp-json\/wp\/v2\/media?parent=85385"}],"wp:term":[{"taxonomy":"category","embeddable":true,"href":"https:\/\/100xd.com.ar\/en\/wp-json\/wp\/v2\/categories?post=85385"},{"taxonomy":"post_tag","embeddable":true,"href":"https:\/\/100xd.com.ar\/en\/wp-json\/wp\/v2\/tags?post=85385"}],"curies":[{"name":"wp","href":"https:\/\/api.w.org\/{rel}","templated":true}]}}