{"id":85287,"date":"2023-07-19T11:31:56","date_gmt":"2023-07-19T14:31:56","guid":{"rendered":"https:\/\/100xd.com.ar\/?p=85287"},"modified":"2023-07-19T11:31:56","modified_gmt":"2023-07-19T14:31:56","slug":"la-industria-de-los-juicios-laborales-va-por-todo","status":"publish","type":"post","link":"https:\/\/100xd.com.ar\/en\/la-industria-de-los-juicios-laborales-va-por-todo\/","title":{"rendered":"La industria de los juicios laborales va por todo"},"content":{"rendered":"<p class=\"wp-block-paragraph\">Recientemente, se cumplieron&nbsp;<mark>27 a\u00f1os de la creaci\u00f3n del Sistema de Riesgos del Trabajo<\/mark>, con logros concretos en materia de prevenci\u00f3n de accidentes laborales y con una cobertura que alcanza a m\u00e1s de 10 millones de trabajadores y a m\u00e1s de un mill\u00f3n de empleadores.<\/p>\n\n\n\n<p class=\"wp-block-paragraph\">El compromiso con la prevenci\u00f3n puede advertirse en la sistem\u00e1tica reducci\u00f3n de la cantidad de accidentes mortales, que descendieron un 76% desde la puesta en marcha de la nueva legislaci\u00f3n. Pese a ese notorio avance,&nbsp;<mark>una creciente litigiosidad amenaza al sistema y la sostenibilidad de las aseguradoras de riesgos del trabajo (ART)<\/mark>. Del mismo modo, una controvertida acta de la&nbsp;<strong>C\u00e1mara Nacional de Apelaciones del Trabajo (CNAT)<\/strong>, emitida en septiembre del a\u00f1o \u00faltimo, ha sugerido a los juzgados un&nbsp;<mark>m\u00e9todo de ajuste de las sentencias laborales absolutamente desproporcionado<\/mark>, que afecta la seguridad jur\u00eddica y pone en serio peligro la supervivencia de numerosas empresas, fundamentalmente peque\u00f1as, en un escenario econ\u00f3mico por dem\u00e1s desfavorable.<\/p>\n\n\n\n<p class=\"wp-block-paragraph\">Hacia fines del presente a\u00f1o, habr\u00e1n ingresado unos 136.000 nuevos juicios solo por accidentes de trabajo, seg\u00fan estima la&nbsp;<strong>Uni\u00f3n de Aseguradoras de Riesgos del Trabajo (UART)<\/strong>. Si bien 15 provincias y la Ciudad Aut\u00f3noma de Buenos Aires, en las que se concentra el 95% de los trabajadores, han adherido oportunamente a la ley nacional de riesgos del trabajo y a su reforma del a\u00f1o 2017, solamente la provincia de Mendoza cre\u00f3 el Cuerpo M\u00e9dico Forense, esencial para la aplicaci\u00f3n de la norma y para evitar los conflictos. De este modo, en los restantes 15 distritos, los peritos m\u00e9dicos judiciales siguen conservando el incentivo a sobrevalorar da\u00f1os porque sus honorarios contin\u00faan convenientemente acoplados al monto de la minusval\u00eda que ellos mismos ponderan, por lo que a mayor porcentaje de incapacidad remanente, mayor ser\u00e1 el honorario.<\/p>\n\n\n\n<p class=\"wp-block-paragraph\">Resulta claro que la sustentabilidad del sistema de riesgos del trabajo, al igual que de cualquier otro esquema de base aseguradora, no podr\u00e1 mantenerse si se deben pagar prestaciones dinerarias por incapacidades sobrevaloradas o si se generan nuevos servicios sin el financiamiento adecuado.<\/p>\n\n\n\n<p class=\"wp-block-paragraph\"><mark>La soluci\u00f3n pasar\u00eda por la constituci\u00f3n, sin mayores dilaciones, de los Cuerpos M\u00e9dicos Forenses<\/mark>, una asignatura pendiente que incluye a la&nbsp;<strong>Corte Suprema de Justicia de la Naci\u00f3n<\/strong>, responsable de la constituci\u00f3n de esa instituci\u00f3n en la ciudad de Buenos Aires.<\/p>\n\n\n\n<blockquote class=\"wp-block-quote is-layout-flow wp-block-quote-is-layout-flow\"><p>Se multiplican los intereses de los montos indemnizatorios, excediendo la inflaci\u00f3n y el \u00edndice de variacion salarial<\/p><\/blockquote>\n\n\n\n<p class=\"wp-block-paragraph\">A estos problemas, que derivan en el incesante crecimiento de la industria del juicio laboral, se ha sumado el acta 2764 de la CNAT, que ha modificado radicalmente la forma de aplicaci\u00f3n de las tasas de inter\u00e9s que se empleaban en los juicios laborales, tanto por accidentes de trabajo como despidos, multas y dem\u00e1s cr\u00e9ditos laborales, provocando una actualizaci\u00f3n astron\u00f3mica de los valores reclamados.<\/p>\n\n\n\n<p class=\"wp-block-paragraph\">Esta actualizaci\u00f3n dispuesta por la CNAT sugiere un m\u00e9todo de ajuste de los montos de sentencia que incluye la capitalizaci\u00f3n anual de tasa activa, que no solo va en contra del C\u00f3digo Civil, que dispone una sola capitalizaci\u00f3n al momento de notificar la demanda, sino que arroja montos muy altos, sobre todo en los juicios iniciados antes de 2016. En algunos casos, el monto de la liquidaci\u00f3n supera en un 50% el capital actualizado por inflaci\u00f3n con m\u00e1s de 6% anual, cuando la indexaci\u00f3n se encuentra prohibida.<\/p>\n\n\n\n<p class=\"wp-block-paragraph\">Tal decisi\u00f3n&nbsp;<mark>exacerba la problem\u00e1tica derivada de la industria de los juicios laborales, por cuanto multiplica los intereses de los montos indemnizatorios, excediendo largamente la inflaci\u00f3n y el \u00edndice de variaci\u00f3n salarial, al tiempo que aumenta el incentivo a litigar<\/mark>, poniendo a\u00fan m\u00e1s en riesgo al castigado mercado laboral en su conjunto y la subsistencia de much\u00edsimas empresas, adem\u00e1s de sobrecargar la justicia del trabajo.<\/p>\n\n\n\n<p class=\"wp-block-paragraph\">Asimismo, provoca un claro incremento del costo pa\u00eds, rest\u00e1ndole competitividad a la econom\u00eda argentina y agregando inseguridad jur\u00eddica por parte de uno de los poderes del Estado. A tal punto que no existen actualmente activos en las carteras de la inmensa mayor\u00eda de las empresas, incluidas las ART, que tengan un rendimiento tal que permita calzar y hacer viable la aplicaci\u00f3n de la arbitraria acordada de la CNAT.<\/p>\n\n\n\n<p class=\"wp-block-paragraph\">Esta situaci\u00f3n ha generado un<mark>\u00a0sinn\u00famero de apelaciones e interposici\u00f3n de recursos extraordinarios y de queja ante la Corte Suprema de Justicia de la Naci\u00f3n<\/mark>, tribunal del que se espera que ponga las cosas en su lugar para no agravar a\u00fan m\u00e1s tan preocupante situaci\u00f3n.<\/p>\n\n\n\n<p class=\"wp-block-paragraph\">Fuente:<a href=\"https:\/\/www.lanacion.com.ar\/\"> La Naci\u00f3n<\/a><\/p>","protected":false},"excerpt":{"rendered":"<p>Recientemente, se cumplieron&nbsp;27 a\u00f1os de la creaci\u00f3n del Sistema de Riesgos del Trabajo, con logros concretos en materia de prevenci\u00f3n de accidentes laborales y con una cobertura que alcanza a m\u00e1s de 10 millones de trabajadores y a m\u00e1s de un mill\u00f3n de empleadores. El compromiso con la prevenci\u00f3n puede advertirse en la sistem\u00e1tica reducci\u00f3n [&hellip;]<\/p>\n","protected":false},"author":9,"featured_media":0,"comment_status":"open","ping_status":"open","sticky":false,"template":"","format":"standard","meta":{"site-sidebar-layout":"default","site-content-layout":"","ast-site-content-layout":"default","site-content-style":"default","site-sidebar-style":"default","ast-global-header-display":"","ast-banner-title-visibility":"","ast-main-header-display":"","ast-hfb-above-header-display":"","ast-hfb-below-header-display":"","ast-hfb-mobile-header-display":"","site-post-title":"","ast-breadcrumbs-content":"","ast-featured-img":"","footer-sml-layout":"","ast-disable-related-posts":"","theme-transparent-header-meta":"","adv-header-id-meta":"","stick-header-meta":"","header-above-stick-meta":"","header-main-stick-meta":"","header-below-stick-meta":"","astra-migrate-meta-layouts":"default","ast-page-background-enabled":"default","ast-page-background-meta":{"desktop":{"background-color":"","background-image":"","background-repeat":"repeat","background-position":"center center","background-size":"auto","background-attachment":"scroll","background-type":"","background-media":"","overlay-type":"","overlay-color":"","overlay-opacity":"","overlay-gradient":""},"tablet":{"background-color":"","background-image":"","background-repeat":"repeat","background-position":"center center","background-size":"auto","background-attachment":"scroll","background-type":"","background-media":"","overlay-type":"","overlay-color":"","overlay-opacity":"","overlay-gradient":""},"mobile":{"background-color":"","background-image":"","background-repeat":"repeat","background-position":"center center","background-size":"auto","background-attachment":"scroll","background-type":"","background-media":"","overlay-type":"","overlay-color":"","overlay-opacity":"","overlay-gradient":""}},"ast-content-background-meta":{"desktop":{"background-color":"var(--ast-global-color-5)","background-image":"","background-repeat":"repeat","background-position":"center center","background-size":"auto","background-attachment":"scroll","background-type":"","background-media":"","overlay-type":"","overlay-color":"","overlay-opacity":"","overlay-gradient":""},"tablet":{"background-color":"var(--ast-global-color-5)","background-image":"","background-repeat":"repeat","background-position":"center center","background-size":"auto","background-attachment":"scroll","background-type":"","background-media":"","overlay-type":"","overlay-color":"","overlay-opacity":"","overlay-gradient":""},"mobile":{"background-color":"var(--ast-global-color-5)","background-image":"","background-repeat":"repeat","background-position":"center center","background-size":"auto","background-attachment":"scroll","background-type":"","background-media":"","overlay-type":"","overlay-color":"","overlay-opacity":"","overlay-gradient":""}},"footnotes":""},"categories":[149],"tags":[],"class_list":["post-85287","post","type-post","status-publish","format-standard","hentry","category-entrevistas"],"spectra_blocks_featured_image_url":null,"spectra_blocks_author_info":{"display_name":"Jorge Alfredo Baret","avatar_url":"https:\/\/secure.gravatar.com\/avatar\/31696f5ca83439b642450ec7d3f82f98451a5efacb414343d5478c982b337f26?s=96&d=mm&r=g","author_link":"https:\/\/100xd.com.ar\/en\/author\/jorge\/","description":"Ingeniero Qu\u00edmico UTN - Director Apoderado de Comunicaciones Auditadas SA. Editor Responsable 100xd.com.ar."},"_links":{"self":[{"href":"https:\/\/100xd.com.ar\/en\/wp-json\/wp\/v2\/posts\/85287","targetHints":{"allow":["GET"]}}],"collection":[{"href":"https:\/\/100xd.com.ar\/en\/wp-json\/wp\/v2\/posts"}],"about":[{"href":"https:\/\/100xd.com.ar\/en\/wp-json\/wp\/v2\/types\/post"}],"author":[{"embeddable":true,"href":"https:\/\/100xd.com.ar\/en\/wp-json\/wp\/v2\/users\/9"}],"replies":[{"embeddable":true,"href":"https:\/\/100xd.com.ar\/en\/wp-json\/wp\/v2\/comments?post=85287"}],"version-history":[{"count":1,"href":"https:\/\/100xd.com.ar\/en\/wp-json\/wp\/v2\/posts\/85287\/revisions"}],"predecessor-version":[{"id":85289,"href":"https:\/\/100xd.com.ar\/en\/wp-json\/wp\/v2\/posts\/85287\/revisions\/85289"}],"wp:attachment":[{"href":"https:\/\/100xd.com.ar\/en\/wp-json\/wp\/v2\/media?parent=85287"}],"wp:term":[{"taxonomy":"category","embeddable":true,"href":"https:\/\/100xd.com.ar\/en\/wp-json\/wp\/v2\/categories?post=85287"},{"taxonomy":"post_tag","embeddable":true,"href":"https:\/\/100xd.com.ar\/en\/wp-json\/wp\/v2\/tags?post=85287"}],"curies":[{"name":"wp","href":"https:\/\/api.w.org\/{rel}","templated":true}]}}