{"id":85028,"date":"2023-07-14T12:08:13","date_gmt":"2023-07-14T15:08:13","guid":{"rendered":"https:\/\/100xd.com.ar\/?p=85028"},"modified":"2023-07-14T12:08:13","modified_gmt":"2023-07-14T15:08:13","slug":"patricia-bullrich-cree-que-massa-esta-detras-de-una-campana-sucia-y-se-prepara-para-la-polarizacion-total","status":"publish","type":"post","link":"https:\/\/100xd.com.ar\/en\/patricia-bullrich-cree-que-massa-esta-detras-de-una-campana-sucia-y-se-prepara-para-la-polarizacion-total\/","title":{"rendered":"Patricia Bullrich cree que Massa est\u00e1 detr\u00e1s de \u201cuna campa\u00f1a sucia\u201d y se prepara para la polarizaci\u00f3n total"},"content":{"rendered":"<p class=\"wp-block-paragraph\">\u201cEse Instituto es&nbsp;<strong>mi fuente de ingresos<\/strong>. Me gano la vida legalmente, no soy corrupta como ellos. Es mi quiebra.&nbsp;<strong>Son Sergio \u2018Maduro\u2019 y Mart\u00edn \u2018Ortega\u2019<\/strong>.&nbsp;<strong>Me cancelan<\/strong>. Ya me pegan Massa, Pichetto y ahora esto. Ladran, se\u00f1al que cabalgamos\u201d.&nbsp;<strong>Patricia Bullrich<\/strong>&nbsp;recibi\u00f3 la noticia de que el Gobierno hab\u00eda intervenido por 180 d\u00edas h\u00e1biles el IEES (Instituto de Estudios Estrat\u00e9gicos en Seguridad Asociaci\u00f3n Civil) que ella preside, cuando estaba en plena actividad de campa\u00f1a en CABA, en un numeroso encuentro con j\u00f3venes, muchos de ellos&nbsp;<strong>potenciales votantes de Javier Milei<\/strong>.<\/p>\n\n\n\n<p class=\"wp-block-paragraph\"><em><strong>Le\u00e9 tambi\u00e9n:&nbsp;<\/strong><\/em><a href=\"https:\/\/tn.com.ar\/politica\/2023\/07\/12\/patricia-bullrich-acuso-a-massa-por-la-intervencion-a-su-fundacion-me-seguis-atacando\/\" target=\"_blank\" rel=\"noreferrer noopener\"><em><strong>Patricia Bullrich acus\u00f3 a Massa por la intervenci\u00f3n a su fundaci\u00f3n: \u201cMe segu\u00eds atacando\u201d<\/strong><\/em><\/a><\/p>\n\n\n\n<p class=\"wp-block-paragraph\">La precandidata despotricaba contra Sergio Massa a quien bautiz\u00f3 \u201cMaduro\u201d y contra el ministro de Justicia Mart\u00edn Soria, a quien llam\u00f3 \u201c(Daniel) Ortega\u201d, presidente de Nicaragua. La novedad del d\u00eda es que despu\u00e9s de \u201cla campa\u00f1a del miedo\u201d que denuncia la oposici\u00f3n hizo su aparici\u00f3n&nbsp;<strong>\u201cla campa\u00f1a sucia\u201d<\/strong>.<\/p>\n\n\n\n<h2 class=\"wp-block-heading\">La denuncia del Gobierno<\/h2>\n\n\n\n<p class=\"wp-block-paragraph\">\u201cEs una muestra mas de la impunidad con la que se maneja esa gente y sus dirigentes.&nbsp;<strong>Arman<\/strong>&nbsp;<strong>sociedades de mentirita&nbsp;<\/strong>para encubrir sus objetivos pol\u00edticos, evadiendo impuestos para financiar sus campa\u00f1as proselitistas y utilizan estas fachadas para perseguir opositores\u201d, se\u00f1al\u00f3 el ministro de Justicia en Radio 10.<\/p>\n\n\n\n<p class=\"wp-block-paragraph\">Ante la indignaci\u00f3n y la sorpresa, Bullrich orden\u00f3 a su equipo apelar la intervenci\u00f3n porque -sostuvo- \u201ctodos los papeles est\u00e1n en orden\u201d. Cerca suyo hablan de&nbsp;<strong>\u201cpersecuci\u00f3n pol\u00edtica\u201d&nbsp;<\/strong>que creen que se incrementar\u00e1 en los pr\u00f3ximos d\u00edas. Falta un mes para las PASO y descuentan que esto reci\u00e9n empieza.<\/p>\n\n\n\n<h2 class=\"wp-block-heading\">La respuesta de Bullrich<\/h2>\n\n\n\n<p class=\"wp-block-paragraph\">La respuesta oficial de Bullrich lleg\u00f3 por Twitter.&nbsp;<strong>\u201c<\/strong>El ministro de Econom\u00eda Sergio Massa decidi\u00f3&nbsp;<strong>continuar atac\u00e1ndome<\/strong>, esta vez a trav\u00e9s del ministro de Justicia, en lugar de ocuparse de la inflaci\u00f3n galopante y del estado calamitoso de la econom\u00eda. Quiero compartir con la gente que estemos fuertes, porque&nbsp;<strong>los ataques seguir\u00e1n<\/strong>&nbsp;en las pr\u00f3ximas semanas. Buscan correr la atenci\u00f3n de su<strong>&nbsp;gesti\u00f3n desastrosa y de la miseria que genera el kirchnerismo<\/strong>\u201d, apunt\u00f3 en su cuenta.<\/p>\n\n\n\n<p class=\"wp-block-paragraph\">Aunque en el entorno de Bullrich hablan del golpe a la econom\u00eda personal, tambi\u00e9n ronda cierta adrenalina porque la polarizaci\u00f3n con Massa le es&nbsp;<strong>funcional&nbsp;<\/strong>en la interna que mantiene dentro de Juntos por el Cambio con Horacio Rodr\u00edguez Larreta.<\/p>\n\n\n\n<p class=\"wp-block-paragraph\">Inclusive hasta en el oficialismo algunos creen que a Massa le convendr\u00eda apuntar a Larreta -como hizo con las \u00faltimas pol\u00e9micas declaraciones sobre Ren\u00e9 Favaloro- para que los dos candidatos de JxC salgan lo m\u00e1s empardados posible de las PASO y as\u00ed queden neutralizados para la general de octubre.<\/p>\n\n\n\n<p class=\"wp-block-paragraph\">En las encuestas, JxC est\u00e1 por encima de Uni\u00f3n por la Patria. Massa busca ser el candidato m\u00e1s votado el 13 de agosto para poder entrar al balotaje. Para eso necesita mantener el n\u00facleo duro K -el piso del 30%- y construir un techo que le permita so\u00f1ar.<\/p>\n\n\n\n<p class=\"wp-block-paragraph\">Bullrich centrar\u00e1 estos d\u00edas de la campa\u00f1a en el conurbano y en Santa Fe, adonde viajar\u00e1 ma\u00f1ana, y donde se juega una de sus grandes pulseadas con Larreta. Su candidata Carolina Losada enfrenta a Maximiliano Pullaro. Hoy estuvo en Ituzaing\u00f3 y el viernes volver\u00e1 al gran Buenos Aires.<\/p>\n\n\n\n<p class=\"wp-block-paragraph\"><em><strong>Le\u00e9 tambi\u00e9n:&nbsp;<\/strong><\/em><a href=\"https:\/\/tn.com.ar\/politica\/2023\/07\/11\/el-kirchnerismo-en-alerta-ante-la-posible-reapertura-del-caso-hotesur-en-medio-de-la-campana\/\" target=\"_blank\" rel=\"noreferrer noopener\"><em><strong>El kirchnerismo, en alerta ante la posible reapertura del caso Hotesur en medio de la campa\u00f1a<\/strong><\/em><\/a><\/p>\n\n\n\n<p class=\"wp-block-paragraph\">El encuentro de este mi\u00e9rcoles por la ma\u00f1ana&nbsp;<strong>con j\u00f3venes que votar\u00edan a Milei&nbsp;<\/strong>es todo un s\u00edntoma de la particularidad de estas elecciones. Es que la gran pregunta es qui\u00e9n es el candidato que terminar\u00e1&nbsp;<strong>absorbiendo los votos del libertario<\/strong>&nbsp;en un posible balotaje. Esa es una preocupaci\u00f3n que tambi\u00e9n tiene Massa y que calibrar\u00e1 en jugadas como la intervenci\u00f3n de la fundaci\u00f3n de Bullrich. En su entorno aseguran que \u00e9l no sab\u00eda nada de esa jugada. Es que la intervenci\u00f3n lo hizo:<strong>&nbsp;Larreta sali\u00f3 a apoyar a Bullrich y como Mauricio Macri denunci\u00f3 \u201ccampa\u00f1a sucia y persecuci\u00f3n pol\u00edtica\u201d<\/strong>.<\/p>\n\n\n\n<p class=\"wp-block-paragraph\">Se sabe: Cristina Kirchner tiene su fundaci\u00f3n (el Instituto Patria), a la que el Inspector General de Justicia (IGJ), Ricardo Nissen, le aprob\u00f3 sus balances sistem\u00e1ticamente. Sus aportantes son un misterio.<\/p>\n\n\n\n<p class=\"wp-block-paragraph\">Nissen fue&nbsp;<a href=\"https:\/\/tn.com.ar\/politica\/el-apoderado-de-los-kirchner-en-la-causa-hotesur-asumira-en-la-inspeccion-general-de-justicia_1027282\/\" target=\"_blank\" rel=\"noreferrer noopener\">el abogado de M\u00e1ximo y Florencia Kirchner en la causa Hotesur,<\/a>&nbsp;en la que fueron sobrese\u00eddos CFK y sus hijos acusados de lavado de dinero, que sigue demorada y que tras la feria judicial se sabr\u00e1 si se reabre a punto caramelo en la campa\u00f1a electoral.<\/p>\n\n\n\n<p class=\"wp-block-paragraph\">Este mi\u00e9rcoles, la Vice sufri\u00f3 un&nbsp;<strong>rev\u00e9s<\/strong>&nbsp;significativo: por falta de qu\u00f3rum se cay\u00f3 la sesi\u00f3n en el Senado en la que el kirchnerismo buscaba aprobar la continuidad como jueza de<strong>&nbsp;Ana Mar\u00eda Figueroa<\/strong>. Es nada m\u00e1s ni nada menos que uno de los tres magistrados de Casaci\u00f3n que deben resolver si se reabre la investigaci\u00f3n. Figueroa est\u00e1 por cumplir la edad para jubilarse, 75 a\u00f1os, pero pide autorizaci\u00f3n al Senado para seguir en el caso y votar\u00eda a favor del cierre. En toda esta trama,&nbsp;<strong>Nissen y Soria, los dos repentinos \u201cverdugos\u201d de Bullrich, tienen y tuvieron una participaci\u00f3n clave.<\/strong><\/p>\n\n\n\n<p class=\"wp-block-paragraph\">Se sabe: Nissen y Soria, a quienes ahora Bulrrich denunci\u00f3 en la Justicia federal, son dos brazos ejecutores de CFK.<\/p>\n\n\n\n<p class=\"wp-block-paragraph\">Fuente<a href=\"https:\/\/tn.com.ar\/\">:TN<\/a><\/p>","protected":false},"excerpt":{"rendered":"<p>\u201cEse Instituto es&nbsp;mi fuente de ingresos. Me gano la vida legalmente, no soy corrupta como ellos. Es mi quiebra.&nbsp;Son Sergio \u2018Maduro\u2019 y Mart\u00edn \u2018Ortega\u2019.&nbsp;Me cancelan. Ya me pegan Massa, Pichetto y ahora esto. Ladran, se\u00f1al que cabalgamos\u201d.&nbsp;Patricia Bullrich&nbsp;recibi\u00f3 la noticia de que el Gobierno hab\u00eda intervenido por 180 d\u00edas h\u00e1biles el IEES (Instituto de Estudios [&hellip;]<\/p>\n","protected":false},"author":9,"featured_media":0,"comment_status":"open","ping_status":"open","sticky":false,"template":"","format":"standard","meta":{"site-sidebar-layout":"default","site-content-layout":"","ast-site-content-layout":"default","site-content-style":"default","site-sidebar-style":"default","ast-global-header-display":"","ast-banner-title-visibility":"","ast-main-header-display":"","ast-hfb-above-header-display":"","ast-hfb-below-header-display":"","ast-hfb-mobile-header-display":"","site-post-title":"","ast-breadcrumbs-content":"","ast-featured-img":"","footer-sml-layout":"","ast-disable-related-posts":"","theme-transparent-header-meta":"","adv-header-id-meta":"","stick-header-meta":"","header-above-stick-meta":"","header-main-stick-meta":"","header-below-stick-meta":"","astra-migrate-meta-layouts":"default","ast-page-background-enabled":"default","ast-page-background-meta":{"desktop":{"background-color":"","background-image":"","background-repeat":"repeat","background-position":"center center","background-size":"auto","background-attachment":"scroll","background-type":"","background-media":"","overlay-type":"","overlay-color":"","overlay-opacity":"","overlay-gradient":""},"tablet":{"background-color":"","background-image":"","background-repeat":"repeat","background-position":"center center","background-size":"auto","background-attachment":"scroll","background-type":"","background-media":"","overlay-type":"","overlay-color":"","overlay-opacity":"","overlay-gradient":""},"mobile":{"background-color":"","background-image":"","background-repeat":"repeat","background-position":"center center","background-size":"auto","background-attachment":"scroll","background-type":"","background-media":"","overlay-type":"","overlay-color":"","overlay-opacity":"","overlay-gradient":""}},"ast-content-background-meta":{"desktop":{"background-color":"var(--ast-global-color-5)","background-image":"","background-repeat":"repeat","background-position":"center center","background-size":"auto","background-attachment":"scroll","background-type":"","background-media":"","overlay-type":"","overlay-color":"","overlay-opacity":"","overlay-gradient":""},"tablet":{"background-color":"var(--ast-global-color-5)","background-image":"","background-repeat":"repeat","background-position":"center center","background-size":"auto","background-attachment":"scroll","background-type":"","background-media":"","overlay-type":"","overlay-color":"","overlay-opacity":"","overlay-gradient":""},"mobile":{"background-color":"var(--ast-global-color-5)","background-image":"","background-repeat":"repeat","background-position":"center center","background-size":"auto","background-attachment":"scroll","background-type":"","background-media":"","overlay-type":"","overlay-color":"","overlay-opacity":"","overlay-gradient":""}},"footnotes":""},"categories":[2],"tags":[],"class_list":["post-85028","post","type-post","status-publish","format-standard","hentry","category-politica"],"spectra_blocks_featured_image_url":null,"spectra_blocks_author_info":{"display_name":"Jorge Alfredo Baret","avatar_url":"https:\/\/secure.gravatar.com\/avatar\/31696f5ca83439b642450ec7d3f82f98451a5efacb414343d5478c982b337f26?s=96&d=mm&r=g","author_link":"https:\/\/100xd.com.ar\/en\/author\/jorge\/","description":"Ingeniero Qu\u00edmico UTN - Director Apoderado de Comunicaciones Auditadas SA. Editor Responsable 100xd.com.ar."},"_links":{"self":[{"href":"https:\/\/100xd.com.ar\/en\/wp-json\/wp\/v2\/posts\/85028","targetHints":{"allow":["GET"]}}],"collection":[{"href":"https:\/\/100xd.com.ar\/en\/wp-json\/wp\/v2\/posts"}],"about":[{"href":"https:\/\/100xd.com.ar\/en\/wp-json\/wp\/v2\/types\/post"}],"author":[{"embeddable":true,"href":"https:\/\/100xd.com.ar\/en\/wp-json\/wp\/v2\/users\/9"}],"replies":[{"embeddable":true,"href":"https:\/\/100xd.com.ar\/en\/wp-json\/wp\/v2\/comments?post=85028"}],"version-history":[{"count":1,"href":"https:\/\/100xd.com.ar\/en\/wp-json\/wp\/v2\/posts\/85028\/revisions"}],"predecessor-version":[{"id":85030,"href":"https:\/\/100xd.com.ar\/en\/wp-json\/wp\/v2\/posts\/85028\/revisions\/85030"}],"wp:attachment":[{"href":"https:\/\/100xd.com.ar\/en\/wp-json\/wp\/v2\/media?parent=85028"}],"wp:term":[{"taxonomy":"category","embeddable":true,"href":"https:\/\/100xd.com.ar\/en\/wp-json\/wp\/v2\/categories?post=85028"},{"taxonomy":"post_tag","embeddable":true,"href":"https:\/\/100xd.com.ar\/en\/wp-json\/wp\/v2\/tags?post=85028"}],"curies":[{"name":"wp","href":"https:\/\/api.w.org\/{rel}","templated":true}]}}