{"id":84091,"date":"2023-06-26T12:03:18","date_gmt":"2023-06-26T15:03:18","guid":{"rendered":"https:\/\/100xd.com.ar\/?p=84091"},"modified":"2023-06-26T12:03:18","modified_gmt":"2023-06-26T15:03:18","slug":"impugnan-la-candidatura-de-jorge-macri-en-la-ciudad-de-buenos-aires-esta-claro-quienes-no-quieren-que-llegue-2","status":"publish","type":"post","link":"https:\/\/100xd.com.ar\/en\/impugnan-la-candidatura-de-jorge-macri-en-la-ciudad-de-buenos-aires-esta-claro-quienes-no-quieren-que-llegue-2\/","title":{"rendered":"Impugnan la candidatura de Jorge Macri en la Ciudad de Buenos Aires: &#8220;Est\u00e1 claro qui\u00e9nes no quieren que llegue&#8221;"},"content":{"rendered":"<p class=\"wp-block-paragraph\">Terminado el cierre de listas, comenz\u00f3 la campa\u00f1a de las&nbsp;<a target=\"_blank\" href=\"https:\/\/www.perfil.com\/noticias\/politica\/cronograma-electoral-cuando-seran-las-elecciones-nacionales-y-provinciales.phtml\" rel=\"noreferrer noopener\">Elecciones 2023<\/a>&nbsp;y la disputa por la Ciudad de Buenos Aires suma una pol\u00e9mica por la validez de las candidaturas. Una postulante de izquierda impugn\u00f3 hoy ante la justicia a&nbsp;<strong>Jorge Macri<\/strong>, del PRO, por no cumplir con el requisito de 5 a\u00f1os de residencia en territorio porte\u00f1o.<\/p>\n\n\n\n<p class=\"wp-block-paragraph\">La presentaci\u00f3n fue realizada este lunes 26 de junio por Vanina Biasi, diputada nacional y precandidata a jefa de Gobierno por Partido Obrero &#8211; MST, ante&nbsp;el Tribunal Electoral porte\u00f1o y ante la Corte Suprema de Justicia. El planteo es que Macri, actual ministro de Gobierno porte\u00f1o, no puede postularse al cargo por haber sido intendente de Vicente L\u00f3pez&nbsp;<a target=\"_blank\" href=\"https:\/\/www.perfil.com\/noticias\/politica\/jorge-macri-presento-su-renuncia-como-intendente-de-vicente-lopez.phtml\" rel=\"noreferrer noopener\">hasta el 1 de junio pasado<\/a>.Espacio publicitario<video preload=\"true\" src=\"https:\/\/gcdn.2mdn.net\/videoplayback\/id\/379436ebe855caea\/itag\/692\/source\/web_video_ads\/ctier\/L\/acao\/yes\/ip\/0.0.0.0\/ipbits\/0\/expire\/1719327289\/sparams\/ip,ipbits,expire,id,itag,source,ctier,acao\/signature\/B3AF33C2FEFA23F38599275643A2E9A69EBCB2EA.7148E545DAFD522EF37FA8292C587A9DA2F37C19\/key\/ck2\/file\/file.mp4?cpn=Er4MIoIVmo-D9LhZ\"><\/video>javascript:false<img decoding=\"async\" src=\"https:\/\/ced-ns.sascdn.com\/diff\/templates\/images\/close-retina.png\" alt=\"Close Retina\" title=\"Impugnan la candidatura de Jorge Macri en la Ciudad de Buenos Aires: &quot;Est\u00e1 claro qui\u00e9nes no quieren que llegue&quot;\"><\/p>\n\n\n\n<p class=\"wp-block-paragraph\">\u201cJorge Macri no cumple con los requisitos para presentarse en la Ciudad de Buenos Aires. Su salto de ser intendente de Vicente L\u00f3pez a candidato a jefe de Gobierno en CABA es completamente ilegal y una trampa inadmisible. Si no puede reelegirse en un distrito se presenta en el de al lado\u201d, denunci\u00f3 Biasi, seg\u00fan consign\u00f3 Parlamentario.<\/p>\n\n\n\n<p class=\"wp-block-paragraph\"><a target=\"_blank\" href=\"https:\/\/www.perfil.com\/noticias\/politica\/la-competencia-de-jxc-en-la-ciudad-martin-lousteau-sumo-a-graciela-ocana.phtml\" rel=\"noreferrer noopener\">La competencia de JxC en la Ciudad: Mart\u00edn Lousteau sum\u00f3 a Graciela Oca\u00f1a<\/a><\/p>\n\n\n\n<p class=\"wp-block-paragraph\">La legisladora&nbsp;explic\u00f3 que &#8220;el art\u00edculo 97 de la Constituci\u00f3n de CABA establece que para ser candidatos hay que ser nacido en el distrito o tener cinco a\u00f1os de residencia previa a la presentaci\u00f3n electoral en cuesti\u00f3n&#8221;, y reproch\u00f3 que Macri &#8220;incumpl\u00eda esta pauta&#8221; al postularse en la lista del PRO.<\/p>\n\n\n\n<p class=\"wp-block-paragraph\">&#8220;La presentaci\u00f3n de su candidatura en CABA constituye a su vez un caso de nepotismo, ya que fue pedida expresamente por su primo, el ex presidente y ex Jefe de Gobierno Mauricio Macri, para retomar el control de la Ciudad de Buenos Aires y sus recursos, como plataforma econ\u00f3mica de sus proyectos pol\u00edticos y empresarios&#8221;, reza la presentaci\u00f3n judicial a la que accedi\u00f3 PERFIL.https:\/\/drive.google.com\/file\/d\/1fhandov0hOuKgRrAGdwhR0y1EUHaHYzb\/preview<\/p>\n\n\n\n<h2 class=\"wp-block-heading\"><strong>La respuesta de Jorge Macri: &#8220;Tengo m\u00e1s de 41 a\u00f1os vividos en CABA&#8221;<\/strong><\/h2>\n\n\n\n<p class=\"wp-block-paragraph\">Tras la presentaci\u00f3n, el precandidato del PRO rechaz\u00f3 la impugnaci\u00f3n y cuestion\u00f3 a la izquierda: &#8220;<strong>Est\u00e1 claro qui\u00e9nes no quieren que llegue<\/strong>,&nbsp;los mismos que hacen la mayor\u00eda de los piquetes m\u00e1s violentos en la Ciudad. Pero estoy tranquilo,&nbsp;los requerimientos legales se cumplen. Se responder\u00e1 a esa impugnaci\u00f3n&#8221;, anticip\u00f3 este lunes.<\/p>\n\n\n\n<p class=\"wp-block-paragraph\">&#8220;Tengo m\u00e1s de 41\u00a0a\u00f1os vividos en esta Ciudad de Buenos Aires as\u00ed que estoy tranquilo en eso. Los muchachos que viven desordenando esta ciudad no van a ahorrarse ninguna herramienta para tratar de que yo no sea candidato&#8221;, complet\u00f3 Macri en di\u00e1logo con\u00a0<em>Pulso Continental<\/em>\u00a0(<a rel=\"noreferrer noopener\" target=\"_blank\" href=\"https:\/\/www.continental.com.ar\/actualidad\/-la-designacion-de-massa-es-como-poner-al-lobo-vestido-de-cordero--pero-son-los-mismos-de-siempre--_a649983b9bef88a72d9346d3e\"><em>Radio Continental<\/em><\/a>).<\/p>\n\n\n\n<p class=\"wp-block-paragraph\">Fuente:<a href=\"https:\/\/www.perfil.com\/\"> Perfil.com<\/a><\/p>\n\n\n\n<figure data-spectra-id=\"spectra-49912c64-1e7d-44cc-839f-2d162f1d7272\" class=\"wp-block-image\"><img decoding=\"async\" src=\"https:\/\/cdn.viafoura.net\/assets\/defaultavatar.913f94a2fa72a280b0374131f1c9b175.png\" alt=\"Ir a iniciar sesi\u00f3n o crear cuenta\" title=\"Ir a iniciar sesi\u00f3n o crear cuenta\"\/><\/figure>\n\n\n\n<figure data-spectra-id=\"spectra-9e5f5962-5ab8-40db-a80d-b14f434f12fe\" class=\"wp-block-image\"><img decoding=\"async\" src=\"https:\/\/secure-assets.rubiconproject.com\/static\/psa\/blank\/1x1.png\" alt=\"blank\" title=\"Impugnan la candidatura de Jorge Macri en la Ciudad de Buenos Aires: &quot;Est\u00e1 claro qui\u00e9nes no quieren que llegue&quot;\" \/><\/figure>\n\n\n\n<figure data-spectra-id=\"spectra-9c4476b9-f5e2-4f38-8440-e31cdc3cd224\" class=\"wp-block-image\"><img decoding=\"async\" src=\"https:\/\/www.perfil.com\/img\/batimes.jpg\" alt=\"Buenos Aires Times\" title=\"Impugnan la candidatura de Jorge Macri en la Ciudad de Buenos Aires: &quot;Est\u00e1 claro qui\u00e9nes no quieren que llegue&quot;\" \/><\/figure>\n\n\n\n<figure data-spectra-id=\"spectra-2b62d3cf-4159-47c4-b574-97688c2cd905\" class=\"wp-block-image\"><img decoding=\"async\" src=\"https:\/\/secure-assets.rubiconproject.com\/static\/psa\/blank\/1x1.png\" alt=\"blank\" title=\"Impugnan la candidatura de Jorge Macri en la Ciudad de Buenos Aires: &quot;Est\u00e1 claro qui\u00e9nes no quieren que llegue&quot;\" \/><\/figure>","protected":false},"excerpt":{"rendered":"<p>Terminado el cierre de listas, comenz\u00f3 la campa\u00f1a de las&nbsp;Elecciones 2023&nbsp;y la disputa por la Ciudad de Buenos Aires suma una pol\u00e9mica por la validez de las candidaturas. Una postulante de izquierda impugn\u00f3 hoy ante la justicia a&nbsp;Jorge Macri, del PRO, por no cumplir con el requisito de 5 a\u00f1os de residencia en territorio porte\u00f1o. [&hellip;]<\/p>\n","protected":false},"author":9,"featured_media":0,"comment_status":"open","ping_status":"open","sticky":false,"template":"","format":"standard","meta":{"site-sidebar-layout":"default","site-content-layout":"","ast-site-content-layout":"default","site-content-style":"default","site-sidebar-style":"default","ast-global-header-display":"","ast-banner-title-visibility":"","ast-main-header-display":"","ast-hfb-above-header-display":"","ast-hfb-below-header-display":"","ast-hfb-mobile-header-display":"","site-post-title":"","ast-breadcrumbs-content":"","ast-featured-img":"","footer-sml-layout":"","ast-disable-related-posts":"","theme-transparent-header-meta":"","adv-header-id-meta":"","stick-header-meta":"","header-above-stick-meta":"","header-main-stick-meta":"","header-below-stick-meta":"","astra-migrate-meta-layouts":"default","ast-page-background-enabled":"default","ast-page-background-meta":{"desktop":{"background-color":"","background-image":"","background-repeat":"repeat","background-position":"center center","background-size":"auto","background-attachment":"scroll","background-type":"","background-media":"","overlay-type":"","overlay-color":"","overlay-opacity":"","overlay-gradient":""},"tablet":{"background-color":"","background-image":"","background-repeat":"repeat","background-position":"center center","background-size":"auto","background-attachment":"scroll","background-type":"","background-media":"","overlay-type":"","overlay-color":"","overlay-opacity":"","overlay-gradient":""},"mobile":{"background-color":"","background-image":"","background-repeat":"repeat","background-position":"center center","background-size":"auto","background-attachment":"scroll","background-type":"","background-media":"","overlay-type":"","overlay-color":"","overlay-opacity":"","overlay-gradient":""}},"ast-content-background-meta":{"desktop":{"background-color":"var(--ast-global-color-5)","background-image":"","background-repeat":"repeat","background-position":"center center","background-size":"auto","background-attachment":"scroll","background-type":"","background-media":"","overlay-type":"","overlay-color":"","overlay-opacity":"","overlay-gradient":""},"tablet":{"background-color":"var(--ast-global-color-5)","background-image":"","background-repeat":"repeat","background-position":"center center","background-size":"auto","background-attachment":"scroll","background-type":"","background-media":"","overlay-type":"","overlay-color":"","overlay-opacity":"","overlay-gradient":""},"mobile":{"background-color":"var(--ast-global-color-5)","background-image":"","background-repeat":"repeat","background-position":"center center","background-size":"auto","background-attachment":"scroll","background-type":"","background-media":"","overlay-type":"","overlay-color":"","overlay-opacity":"","overlay-gradient":""}},"footnotes":""},"categories":[2],"tags":[],"class_list":["post-84091","post","type-post","status-publish","format-standard","hentry","category-politica"],"spectra_blocks_featured_image_url":null,"spectra_blocks_author_info":{"display_name":"Jorge Alfredo Baret","avatar_url":"https:\/\/secure.gravatar.com\/avatar\/31696f5ca83439b642450ec7d3f82f98451a5efacb414343d5478c982b337f26?s=96&d=mm&r=g","author_link":"https:\/\/100xd.com.ar\/en\/author\/jorge\/","description":"Ingeniero Qu\u00edmico UTN - Director Apoderado de Comunicaciones Auditadas SA. Editor Responsable 100xd.com.ar."},"_links":{"self":[{"href":"https:\/\/100xd.com.ar\/en\/wp-json\/wp\/v2\/posts\/84091","targetHints":{"allow":["GET"]}}],"collection":[{"href":"https:\/\/100xd.com.ar\/en\/wp-json\/wp\/v2\/posts"}],"about":[{"href":"https:\/\/100xd.com.ar\/en\/wp-json\/wp\/v2\/types\/post"}],"author":[{"embeddable":true,"href":"https:\/\/100xd.com.ar\/en\/wp-json\/wp\/v2\/users\/9"}],"replies":[{"embeddable":true,"href":"https:\/\/100xd.com.ar\/en\/wp-json\/wp\/v2\/comments?post=84091"}],"version-history":[{"count":1,"href":"https:\/\/100xd.com.ar\/en\/wp-json\/wp\/v2\/posts\/84091\/revisions"}],"predecessor-version":[{"id":84093,"href":"https:\/\/100xd.com.ar\/en\/wp-json\/wp\/v2\/posts\/84091\/revisions\/84093"}],"wp:attachment":[{"href":"https:\/\/100xd.com.ar\/en\/wp-json\/wp\/v2\/media?parent=84091"}],"wp:term":[{"taxonomy":"category","embeddable":true,"href":"https:\/\/100xd.com.ar\/en\/wp-json\/wp\/v2\/categories?post=84091"},{"taxonomy":"post_tag","embeddable":true,"href":"https:\/\/100xd.com.ar\/en\/wp-json\/wp\/v2\/tags?post=84091"}],"curies":[{"name":"wp","href":"https:\/\/api.w.org\/{rel}","templated":true}]}}