{"id":80879,"date":"2023-04-26T14:24:15","date_gmt":"2023-04-26T17:24:15","guid":{"rendered":"https:\/\/100xd.com.ar\/?p=80879"},"modified":"2023-04-26T14:24:15","modified_gmt":"2023-04-26T17:24:15","slug":"el-hacker-que-espio-a-marcelo-dalessandro-pidio-convertirse-en-arrepentido-y-demando-proteccion","status":"publish","type":"post","link":"https:\/\/100xd.com.ar\/en\/el-hacker-que-espio-a-marcelo-dalessandro-pidio-convertirse-en-arrepentido-y-demando-proteccion\/","title":{"rendered":"El hacker que espi\u00f3 a Marcelo D\u2019Alessandro pidi\u00f3 convertirse en arrepentido y demand\u00f3 protecci\u00f3n"},"content":{"rendered":"\n<p class=\"wp-block-paragraph\"><strong>El\u00edas Ezequiel Nu\u00f1es Pinheiro<\/strong>, el hacker de 22 a\u00f1os que confes\u00f3 haber tomado el control del tel\u00e9fono celular del entonces ministro de Justicia y Seguridad porte\u00f1o,<strong>&nbsp;Marcelo D\u2019Alessandro<\/strong>,&nbsp;<mark>solicit\u00f3 a la Justicia ingresar al r\u00e9gimen del \u201carrepentido\u201d<\/mark>&nbsp;para avanzar con la investigaci\u00f3n por presunto espionaje ilegal.<\/p>\n\n\n\n<p class=\"wp-block-paragraph\">En un escrito de apenas dos carillas que firmaron sus abogados, Nu\u00f1es Pinheiro plante\u00f3 que est\u00e1&nbsp;<strong>\u201cdispuesto a seguir colaborando\u201d<\/strong>&nbsp;con la investigaci\u00f3n, como as\u00ed tambi\u00e9n \u201ca realizar cualquier tarea pendiente a esclarecer los hechos y llegar a los&nbsp;<strong>autores intelectuales<\/strong>&nbsp;que lo han utilizado\u201d para esas tareas de espionaje.<\/p>\n\n\n\n<p class=\"wp-block-paragraph\">En la misma l\u00ednea, Nu\u00f1es Pinheiro tambi\u00e9n le requiri\u00f3 a la Unidad Especializada en Delitos y Contravenciones Inform\u00e1ticas del Ministerio P\u00fablico porte\u00f1o que tome las diligencias necesarias para que concreten las&nbsp;<strong>medidas de protecci\u00f3n<\/strong>&nbsp;ya ordenadas en el expediente, el 12 de este mes, pero que en la pr\u00e1ctica siguen en el aire.<a href=\"https:\/\/www.lanacion.com.ar\/politica\/llamados-a-massa-y-escenas-de-desorientacion-en-el-gobierno-cuanto-me-dijiste-que-esta-nid25042023\/\" target=\"_blank\" rel=\"noreferrer noopener\"><em><\/em>LLAMADOS A MASSA, ESPERA AL FMI Y ESCENAS DE DESORIENTACI\u00d3N EN EL GOBIERNO, EL TRASFONDO DE UNA JORNADA FREN\u00c9TICA<\/a><\/p>\n\n\n\n<p class=\"wp-block-paragraph\">Transcurridas casi dos semanas desde que se ordenaron \u201cde manera urgente medidas de protecci\u00f3n tendientes a asegurar tanto la integridad f\u00edsica de El\u00edas Ezequiel Nu\u00f1es Pinheiro como la de su grupo familiar por el t\u00e9rmino en que dure el proceso\u201d, remarcaron sus defensores,<strong>&nbsp;Sebasti\u00e1n Noguera y Marcos Kapko<\/strong>, esas disposiciones no se concretaron. \u201cPor lo expuesto,&nbsp;<strong>solicitamos se insista con las autoridades provinciales de Misiones que las medidas ordenadas se pongan en pr\u00e1ctica<\/strong>\u201d, insistieron.<\/p>\n\n\n\n<p class=\"wp-block-paragraph\">Los investigadores liderados por la fiscal porte\u00f1a&nbsp;<strong>Daniela Dupuy&nbsp;<\/strong>buscan, mientras tanto, avanzar en la cadena de responsabilidades para&nbsp;<mark>determinar qui\u00e9n le orden\u00f3 a Nu\u00f1es Pinheiro que hackeara los tel\u00e9fonos de funcionarios de Pro y de jueces inc\u00f3modos para el kirchnerismo<\/mark>, aunque el hacker sostuvo que prendi\u00f3 fuego su tel\u00e9fono para destruirlo y arroj\u00f3 luego sus restos al r\u00edo Paran\u00e1, cerca de&nbsp;<strong>Eldorado<\/strong>, Misiones.<\/p>\n\n\n\n<figure data-spectra-id=\"spectra-0e12d59f-6b65-412e-b3ab-6822de05c609\" class=\"wp-block-image\"><img decoding=\"async\" src=\"https:\/\/resizer.glanacion.com\/resizer\/ItyqarsEqxc4q3MlrAZqaGuYtdQ=\/310x0\/filters:format(webp):quality(80)\/cloudfront-us-east-1.images.arcpublishing.com\/lanacionar\/SNDEP7WCQJBGDF6Z4M2RSR75RA.jpg\" alt=\"El exministro de Seguridad y Justicia de la ciudad de Buenos Aires Marcelo D'Alessandro\" title=\"El hacker que espi\u00f3 a Marcelo D\u2019Alessandro pidi\u00f3 convertirse en arrepentido y demand\u00f3 protecci\u00f3n\" \/><figcaption>El exministro de Seguridad y Justicia de la ciudad de Buenos Aires Marcelo D&#8217;Alessandro<\/figcaption><\/figure>\n\n\n\n<p class=\"wp-block-paragraph\">La hip\u00f3tesis que manejan los investigadores judiciales es que el principal acusado, Nu\u00f1es Pinheiro, se dedicar\u00eda de manera habitual a la intrusi\u00f3n ilegal de tel\u00e9fonos celulares. Solo durante 2022 habr\u00eda avanzado contra decenas de dispositivos. En ocasiones, a pedido de un usuario de la red Telegram al que identific\u00f3 como \u201c<strong>ElJuanxd<\/strong>\u201d, quien contin\u00faa en las sombras.<\/p>\n\n\n\n<p class=\"wp-block-paragraph\">Un movimiento en particular de Nu\u00f1es Pinheiro mientras hackeaba a sus v\u00edctimas levant\u00f3 las suspicacias dentro de la Unidad Fiscal. Para ingresar al sistema Nosis, Nu\u00f1es Pinheiro cre\u00f3 un perfil falso a nombre de&nbsp;<strong>Nicanor Moreno Crotto<\/strong>, quien trabaj\u00f3 para Marcos Pe\u00f1a, en la Jefatura de Gabinete, durante la presidencia de Mauricio Macri. \u00bfPor qu\u00e9 escogi\u00f3 el hacker ese nombre? \u00bfFue algo aleatorio? \u00bfO acaso el mismo que le pag\u00f3 $15.000 por \u201cobjetivo\u201d le indic\u00f3 que utilizara ese nombre para desviar las sospechas?<\/p>\n\n\n\n<p class=\"wp-block-paragraph\">Al declarar en tribunales, Nu\u00f1es Pinheiro aport\u00f3 datos sobre un posible eslab\u00f3n en la cadena de responsabilidades. Ser\u00eda un joven oriundo de Jos\u00e9 C. Paz, cuyo nombre ser\u00eda&nbsp;<strong>Emanuel Angel El\u00edas<\/strong>, que habr\u00eda participado en la operatoria para pagarle por sus servicios como hacker, lo que desde entonces tambi\u00e9n procuran verificar los investigadores judiciales.<a href=\"https:\/\/www.lanacion.com.ar\/politica\/nuevo-operativo-clamor-alberto-candidato-nid25042023\/\" target=\"_blank\" rel=\"noreferrer noopener\"><em><\/em>NUEVO OPERATIVO CLAMOR: \u00a1ALBERTO CANDIDATO!<\/a><\/p>\n\n\n\n<p class=\"wp-block-paragraph\">En ese sentido,&nbsp;<strong>los defensores del ahora hacker confeso reclamaron que la Justicia debe encuadrarlo dentro del r\u00e9gimen del \u201cimputado colaborador\u201d, con las consiguientes exigencias y beneficios previstos por la ley<\/strong>.<\/p>\n\n\n\n<p class=\"wp-block-paragraph\">\u201cEn vista a su entera buena fe procesal que ha quedado demostrada a lo largo del proceso evidenciado a trav\u00e9s de su amplia colaboraci\u00f3n en ambas declaraciones indagatorias\u201d, indicaron Noguera y Kapko, \u201centendemos que corresponde dar tratamiento en forma especial [a Nu\u00f1es Pinheiro], teniendo en cuenta sus condiciones personales a fin de que pueda ser tratado como arrepentido\u201d, plantearon.<\/p>\n\n\n\n<p class=\"wp-block-paragraph\"><a href=\"https:\/\/www.lanacion.com.ar\/autor\/hugo-alconada-mon-97\/\">Hugo Alconada Mon<\/a><\/p>\n\n\n\n<p class=\"wp-block-paragraph\">Fuente:<a href=\"https:\/\/www.lanacion.com.ar\/\"> La Naci\u00f3n<\/a><\/p>\n","protected":false},"excerpt":{"rendered":"<p>El\u00edas Ezequiel Nu\u00f1es Pinheiro, el hacker de 22 a\u00f1os que confes\u00f3 haber tomado el control del tel\u00e9fono celular del entonces ministro de Justicia y Seguridad porte\u00f1o,&nbsp;Marcelo D\u2019Alessandro,&nbsp;solicit\u00f3 a la Justicia ingresar al r\u00e9gimen del \u201carrepentido\u201d&nbsp;para avanzar con la investigaci\u00f3n por presunto espionaje ilegal. En un escrito de apenas dos carillas que firmaron sus abogados, Nu\u00f1es [&hellip;]<\/p>\n","protected":false},"author":9,"featured_media":0,"comment_status":"open","ping_status":"open","sticky":false,"template":"","format":"standard","meta":{"site-sidebar-layout":"default","site-content-layout":"","ast-site-content-layout":"default","site-content-style":"default","site-sidebar-style":"default","ast-global-header-display":"","ast-banner-title-visibility":"","ast-main-header-display":"","ast-hfb-above-header-display":"","ast-hfb-below-header-display":"","ast-hfb-mobile-header-display":"","site-post-title":"","ast-breadcrumbs-content":"","ast-featured-img":"","footer-sml-layout":"","ast-disable-related-posts":"","theme-transparent-header-meta":"","adv-header-id-meta":"","stick-header-meta":"","header-above-stick-meta":"","header-main-stick-meta":"","header-below-stick-meta":"","astra-migrate-meta-layouts":"default","ast-page-background-enabled":"default","ast-page-background-meta":{"desktop":{"background-color":"","background-image":"","background-repeat":"repeat","background-position":"center center","background-size":"auto","background-attachment":"scroll","background-type":"","background-media":"","overlay-type":"","overlay-color":"","overlay-opacity":"","overlay-gradient":""},"tablet":{"background-color":"","background-image":"","background-repeat":"repeat","background-position":"center center","background-size":"auto","background-attachment":"scroll","background-type":"","background-media":"","overlay-type":"","overlay-color":"","overlay-opacity":"","overlay-gradient":""},"mobile":{"background-color":"","background-image":"","background-repeat":"repeat","background-position":"center center","background-size":"auto","background-attachment":"scroll","background-type":"","background-media":"","overlay-type":"","overlay-color":"","overlay-opacity":"","overlay-gradient":""}},"ast-content-background-meta":{"desktop":{"background-color":"var(--ast-global-color-5)","background-image":"","background-repeat":"repeat","background-position":"center center","background-size":"auto","background-attachment":"scroll","background-type":"","background-media":"","overlay-type":"","overlay-color":"","overlay-opacity":"","overlay-gradient":""},"tablet":{"background-color":"var(--ast-global-color-5)","background-image":"","background-repeat":"repeat","background-position":"center center","background-size":"auto","background-attachment":"scroll","background-type":"","background-media":"","overlay-type":"","overlay-color":"","overlay-opacity":"","overlay-gradient":""},"mobile":{"background-color":"var(--ast-global-color-5)","background-image":"","background-repeat":"repeat","background-position":"center center","background-size":"auto","background-attachment":"scroll","background-type":"","background-media":"","overlay-type":"","overlay-color":"","overlay-opacity":"","overlay-gradient":""}},"footnotes":""},"categories":[12],"tags":[],"class_list":["post-80879","post","type-post","status-publish","format-standard","hentry","category-opinion"],"spectra_blocks_featured_image_url":null,"spectra_blocks_author_info":{"display_name":"Jorge Alfredo Baret","avatar_url":"https:\/\/secure.gravatar.com\/avatar\/31696f5ca83439b642450ec7d3f82f98451a5efacb414343d5478c982b337f26?s=96&d=mm&r=g","author_link":"https:\/\/100xd.com.ar\/en\/author\/jorge\/","description":"Ingeniero Qu\u00edmico UTN - Director Apoderado de Comunicaciones Auditadas SA. Editor Responsable 100xd.com.ar."},"_links":{"self":[{"href":"https:\/\/100xd.com.ar\/en\/wp-json\/wp\/v2\/posts\/80879","targetHints":{"allow":["GET"]}}],"collection":[{"href":"https:\/\/100xd.com.ar\/en\/wp-json\/wp\/v2\/posts"}],"about":[{"href":"https:\/\/100xd.com.ar\/en\/wp-json\/wp\/v2\/types\/post"}],"author":[{"embeddable":true,"href":"https:\/\/100xd.com.ar\/en\/wp-json\/wp\/v2\/users\/9"}],"replies":[{"embeddable":true,"href":"https:\/\/100xd.com.ar\/en\/wp-json\/wp\/v2\/comments?post=80879"}],"version-history":[{"count":1,"href":"https:\/\/100xd.com.ar\/en\/wp-json\/wp\/v2\/posts\/80879\/revisions"}],"predecessor-version":[{"id":80881,"href":"https:\/\/100xd.com.ar\/en\/wp-json\/wp\/v2\/posts\/80879\/revisions\/80881"}],"wp:attachment":[{"href":"https:\/\/100xd.com.ar\/en\/wp-json\/wp\/v2\/media?parent=80879"}],"wp:term":[{"taxonomy":"category","embeddable":true,"href":"https:\/\/100xd.com.ar\/en\/wp-json\/wp\/v2\/categories?post=80879"},{"taxonomy":"post_tag","embeddable":true,"href":"https:\/\/100xd.com.ar\/en\/wp-json\/wp\/v2\/tags?post=80879"}],"curies":[{"name":"wp","href":"https:\/\/api.w.org\/{rel}","templated":true}]}}