{"id":79566,"date":"2023-03-31T12:18:58","date_gmt":"2023-03-31T15:18:58","guid":{"rendered":"https:\/\/100xd.com.ar\/?p=79566"},"modified":"2023-03-31T12:18:58","modified_gmt":"2023-03-31T15:18:58","slug":"senado-por-falta-de-quorum-y-un-temario-antirreglamentario-fracaso-la-primera-sesion-del-ano","status":"publish","type":"post","link":"https:\/\/100xd.com.ar\/en\/senado-por-falta-de-quorum-y-un-temario-antirreglamentario-fracaso-la-primera-sesion-del-ano\/","title":{"rendered":"Senado: por falta de qu\u00f3rum y un &#8220;temario antirreglamentario&#8221;, fracas\u00f3 la primera sesi\u00f3n del a\u00f1o"},"content":{"rendered":"<p class=\"wp-block-paragraph\">Este jueves fue la primera sesi\u00f3n en el&nbsp;<a target=\"_blank\" href=\"https:\/\/www.perfil.com\/noticias\/politica\/como-quedan-los-bloques-en-el-senado-tras-la-ruptura-del-frente-de-todos.phtml\" rel=\"noreferrer noopener\">Senado<\/a>&nbsp;tras cuatro meses sin actividad. Sin embargo,&nbsp;<strong>la jornada se frustr\u00f3 r\u00e1pidamente&nbsp;<\/strong>a ra\u00edz de cuestionamientos de Juntos por el Cambio a la bancada oficialista. En ese sentido, la oposici\u00f3n acus\u00f3 al Frente de Todos (FdT)&nbsp;de&nbsp;<strong>querer imponer un &#8220;temario antirreglamentario&#8221;<\/strong>.<\/p>\n\n\n\n<p class=\"wp-block-paragraph\">La sesi\u00f3n hab\u00eda comenzado pasada el mediod\u00eda y cont\u00f3 con la presencia de 70 legisladores. Pero el debate se calent\u00f3 cuando&nbsp;la presidencia del cuerpo,&nbsp;la oficialista&nbsp;Claudia Ledesma,<strong>&nbsp;exigi\u00f3 una mayor\u00eda calificada para aprobar el cambio de orden del temario&nbsp;<\/strong>que hab\u00eda pedido unos minutos antes la oposici\u00f3n, lo que gener\u00f3 una discusi\u00f3n entre los dos bloques.<\/p>\n\n\n\n<p class=\"wp-block-paragraph\"><a target=\"_blank\" href=\"https:\/\/www.perfil.com\/noticias\/politica\/kirchnerismo-busca-frenar-avance-opositor-para-no-perder-poder-senado.phtml\" rel=\"noreferrer noopener\">El kirchnerismo busca frenar el avance opositor para no perder poder en el Senado<\/a><\/p>\n\n\n\n<p class=\"wp-block-paragraph\">En medio de la disputa,&nbsp;<strong>los integrantes de<\/strong>&nbsp;<strong>Juntos por el Cambio (JxC) decidieron&nbsp;retirarse del recinto<\/strong>&nbsp;debido a que consideraron que el oficialismo intent\u00f3&nbsp;imponer un &#8220;temario antirreglamentario&#8221;. Asimismo, los&nbsp;miembros del peronismo disidente agrupado en&nbsp;<a target=\"_blank\" href=\"https:\/\/www.perfil.com\/noticias\/politica\/ruptura-del-frente-de-todos-en-el-senado-cuatro-legisladores-armaron-un-nuevo-bloque.phtml\" rel=\"noreferrer noopener\">Unidad Federal<\/a>&nbsp;tambi\u00e9n se fueron de la C\u00e1mara alta.<\/p>\n\n\n\n<p class=\"wp-block-paragraph\">Ante la medida de la oposici\u00f3n, el oficialismo permaneci\u00f3 en sus bancas y sesion\u00f3 en minor\u00eda. Adem\u00e1s, criticaron la actitud de JxC, a quienes acusaron, entre otras cosas, de&nbsp;<strong>&#8220;violar el reglamento&#8221;<\/strong>.&nbsp;&#8220;Venir ac\u00e1 a pedir la votaci\u00f3n del cambio, alterar el plan de labor, violando el reglamento, la decisi\u00f3n que ha tomado la Presidencia, demuestra que es todo una farsa y que no les importa nada lo que est\u00e1 pasando en Santa Fe, ni alcohol cero&#8221;, manifest\u00f3 en ese sentido el jefe del bloque del Frente Nacional y Popular, Jos\u00e9 Mayans.<\/p>\n\n\n\n<figure data-spectra-id=\"spectra-9950363d-9ad6-442e-a7b4-83bbd41e3b34\" class=\"wp-block-image\"><img decoding=\"async\" src=\"https:\/\/fotos.perfil.com\/\/2023\/03\/30\/900\/0\/senado-20230330-1537944.jpg\" alt=\"Senado 20230330\" title=\"Senado: por falta de qu\u00f3rum y un &quot;temario antirreglamentario&quot;, fracas\u00f3 la primera sesi\u00f3n del a\u00f1o\" \/><figcaption>Los bloques de JxC y Unidad Federal se retiraron del recinto por considerar que&nbsp;el oficialismo intent\u00f3&nbsp;imponer un &#8220;temario antirreglamentario&#8221;.<\/figcaption><\/figure>\n\n\n\n<p class=\"wp-block-paragraph\">Por su parte, Cornejo se quej\u00f3 de que&nbsp;<strong>el oficialismo solamente &#8220;quer\u00eda tratar los temes que se les da la gana&#8221;<\/strong>. &#8220;Qued\u00f3 de manifiesto que&nbsp;cuando Cristina Kirchner y el FdT pierde la mayor\u00eda en el Senado, la pudre, como se dice popularmente. Lo que hicieron fue querer tratar los temas que se les da la gana y no los que hab\u00eda pedido el bloque de Unidad Federal y el de Juntos por el Cambio, que eran concordantes exceptuando un solo tema&#8221;, manifest\u00f3.<\/p>\n\n\n\n<p class=\"wp-block-paragraph\">Adem\u00e1s, el mendocino se\u00f1al\u00f3 que&nbsp;<strong>&#8220;el kirchnerismo no acepta la realidad y quiso violentar el reglamento&#8221;<\/strong>. &#8220;Los temas son prioritarios de la Argentina, como los pliegos de los jueces de Rosario, que est\u00e1n desde octubre en&nbsp;<a target=\"_blank\" href=\"https:\/\/www.perfil.com\/noticias\/politica\/cruces-y-pases-de-factura-en-el-senado-por-la-paralisis.phtml\" rel=\"noreferrer noopener\">esta C\u00e1mara<\/a>&nbsp;y el kirchnerismo nunca quiso tratarlos. Ellos metieron un mont\u00f3n de temas a \u00faltima hora de ayer, haciendo una convocatoria que nada ten\u00eda que ver con lo que hab\u00edamos pedido anteriormente&#8221;, subray\u00f3.<\/p>\n\n\n\n<h2 class=\"wp-block-heading\"><strong>El reclamo por la Ley Lucio y el Alcohol cero<\/strong><\/h2>\n\n\n\n<p class=\"wp-block-paragraph\">En el temario de la sesi\u00f3n&nbsp;<strong>estaban incluidos los proyectos de&nbsp;<a target=\"_blank\" href=\"https:\/\/www.perfil.com\/noticias\/sociedad\/diputados-aprobo-proyecto-ley-de-alcohol-cero-al-volante-volante-mas-alcohol-es-muerte.phtml\" rel=\"noreferrer noopener\">Alcohol cero<\/a>&nbsp;y la Ley Lucio<\/strong>. El primero establece tolerancia cero en alcohol para conductores de autom\u00f3viles en todo el pa\u00eds. El segundo es una ley que se construy\u00f3 a partir del asesinato del ni\u00f1o Lucio Dupuy a manos de su madre y su&nbsp;pareja, con el objetivo de que los resortes estatales puedan detectar situaciones de peligro para las infancias.<\/p>\n\n\n\n<p class=\"wp-block-paragraph\">Debido a la presencia de dichos proyectos en el temario,\u00a0familiares de v\u00edctimas de accidentes de tr\u00e1nsito y los abuelos de Lucio estaban presentes en los palcos. Ante la salida de la oposici\u00f3n del recinto,\u00a0<a rel=\"noreferrer noopener\" target=\"_blank\" href=\"https:\/\/www.perfil.com\/noticias\/politica\/ley-lucio-consiste-cual-es-origen-proyecto-infanticidio.phtml\">los abuelos del ni\u00f1o<\/a>\u00a0fueron a buscar a los senadores de la provincia de La Pampa (de la que son oriundos)\u00a0de Juntos por el Cambio\u00a0y\u00a0<strong>les reclamaron que bajen para continuar la sesi\u00f3n<\/strong>.<\/p>\n\n\n\n<p class=\"wp-block-paragraph\">Fuente: <a href=\"https:\/\/www.perfil.com\/\">Perfil.com<\/a><\/p>","protected":false},"excerpt":{"rendered":"<p>Este jueves fue la primera sesi\u00f3n en el&nbsp;Senado&nbsp;tras cuatro meses sin actividad. Sin embargo,&nbsp;la jornada se frustr\u00f3 r\u00e1pidamente&nbsp;a ra\u00edz de cuestionamientos de Juntos por el Cambio a la bancada oficialista. En ese sentido, la oposici\u00f3n acus\u00f3 al Frente de Todos (FdT)&nbsp;de&nbsp;querer imponer un &#8220;temario antirreglamentario&#8221;. La sesi\u00f3n hab\u00eda comenzado pasada el mediod\u00eda y cont\u00f3 con [&hellip;]<\/p>\n","protected":false},"author":9,"featured_media":0,"comment_status":"open","ping_status":"open","sticky":false,"template":"","format":"standard","meta":{"site-sidebar-layout":"default","site-content-layout":"","ast-site-content-layout":"default","site-content-style":"default","site-sidebar-style":"default","ast-global-header-display":"","ast-banner-title-visibility":"","ast-main-header-display":"","ast-hfb-above-header-display":"","ast-hfb-below-header-display":"","ast-hfb-mobile-header-display":"","site-post-title":"","ast-breadcrumbs-content":"","ast-featured-img":"","footer-sml-layout":"","ast-disable-related-posts":"","theme-transparent-header-meta":"","adv-header-id-meta":"","stick-header-meta":"","header-above-stick-meta":"","header-main-stick-meta":"","header-below-stick-meta":"","astra-migrate-meta-layouts":"default","ast-page-background-enabled":"default","ast-page-background-meta":{"desktop":{"background-color":"","background-image":"","background-repeat":"repeat","background-position":"center center","background-size":"auto","background-attachment":"scroll","background-type":"","background-media":"","overlay-type":"","overlay-color":"","overlay-opacity":"","overlay-gradient":""},"tablet":{"background-color":"","background-image":"","background-repeat":"repeat","background-position":"center center","background-size":"auto","background-attachment":"scroll","background-type":"","background-media":"","overlay-type":"","overlay-color":"","overlay-opacity":"","overlay-gradient":""},"mobile":{"background-color":"","background-image":"","background-repeat":"repeat","background-position":"center center","background-size":"auto","background-attachment":"scroll","background-type":"","background-media":"","overlay-type":"","overlay-color":"","overlay-opacity":"","overlay-gradient":""}},"ast-content-background-meta":{"desktop":{"background-color":"var(--ast-global-color-5)","background-image":"","background-repeat":"repeat","background-position":"center center","background-size":"auto","background-attachment":"scroll","background-type":"","background-media":"","overlay-type":"","overlay-color":"","overlay-opacity":"","overlay-gradient":""},"tablet":{"background-color":"var(--ast-global-color-5)","background-image":"","background-repeat":"repeat","background-position":"center center","background-size":"auto","background-attachment":"scroll","background-type":"","background-media":"","overlay-type":"","overlay-color":"","overlay-opacity":"","overlay-gradient":""},"mobile":{"background-color":"var(--ast-global-color-5)","background-image":"","background-repeat":"repeat","background-position":"center center","background-size":"auto","background-attachment":"scroll","background-type":"","background-media":"","overlay-type":"","overlay-color":"","overlay-opacity":"","overlay-gradient":""}},"footnotes":""},"categories":[25],"tags":[],"class_list":["post-79566","post","type-post","status-publish","format-standard","hentry","category-destacado"],"spectra_blocks_featured_image_url":null,"spectra_blocks_author_info":{"display_name":"Jorge Alfredo Baret","avatar_url":"https:\/\/secure.gravatar.com\/avatar\/31696f5ca83439b642450ec7d3f82f98451a5efacb414343d5478c982b337f26?s=96&d=mm&r=g","author_link":"https:\/\/100xd.com.ar\/en\/author\/jorge\/","description":"Ingeniero Qu\u00edmico UTN - Director Apoderado de Comunicaciones Auditadas SA. Editor Responsable 100xd.com.ar."},"_links":{"self":[{"href":"https:\/\/100xd.com.ar\/en\/wp-json\/wp\/v2\/posts\/79566","targetHints":{"allow":["GET"]}}],"collection":[{"href":"https:\/\/100xd.com.ar\/en\/wp-json\/wp\/v2\/posts"}],"about":[{"href":"https:\/\/100xd.com.ar\/en\/wp-json\/wp\/v2\/types\/post"}],"author":[{"embeddable":true,"href":"https:\/\/100xd.com.ar\/en\/wp-json\/wp\/v2\/users\/9"}],"replies":[{"embeddable":true,"href":"https:\/\/100xd.com.ar\/en\/wp-json\/wp\/v2\/comments?post=79566"}],"version-history":[{"count":1,"href":"https:\/\/100xd.com.ar\/en\/wp-json\/wp\/v2\/posts\/79566\/revisions"}],"predecessor-version":[{"id":79568,"href":"https:\/\/100xd.com.ar\/en\/wp-json\/wp\/v2\/posts\/79566\/revisions\/79568"}],"wp:attachment":[{"href":"https:\/\/100xd.com.ar\/en\/wp-json\/wp\/v2\/media?parent=79566"}],"wp:term":[{"taxonomy":"category","embeddable":true,"href":"https:\/\/100xd.com.ar\/en\/wp-json\/wp\/v2\/categories?post=79566"},{"taxonomy":"post_tag","embeddable":true,"href":"https:\/\/100xd.com.ar\/en\/wp-json\/wp\/v2\/tags?post=79566"}],"curies":[{"name":"wp","href":"https:\/\/api.w.org\/{rel}","templated":true}]}}